{"id":1170465,"date":"2026-09-06T07:53:23","date_gmt":"2026-09-06T07:53:23","guid":{"rendered":"https:\/\/www.europesays.com\/fr\/1170465\/"},"modified":"2026-09-06T07:53:23","modified_gmt":"2026-09-06T07:53:23","slug":"ras-daniel-souffle-ses-40-ans-de-carriere-a-paris","status":"publish","type":"post","link":"https:\/\/www.europesays.com\/fr\/1170465\/","title":{"rendered":"Ras Daniel souffle ses 40 ans de carri\u00e8re \u00e0 Paris"},"content":{"rendered":"<p>Le Centre Paris Anim&rsquo; Jacques Bravo accueillera le <strong>10 octobre 2026 \u00e0 20h<\/strong> une soir\u00e9e un peu particuli\u00e8re : les 40 ans de carri\u00e8re de <strong>Ras Daniel<\/strong>, pilier du reggae dancehall martiniquais. Pour l&rsquo;accompagner, le live band <strong>In Out Experience<\/strong> est annonc\u00e9, de m\u00eame que d&rsquo;autres grands noms de la sc\u00e8ne reggae comme <strong>King <a href=\"https:\/\/reggae.fr\/artiste-biographie\/187_Daddy-Yod.html\" rel=\"nofollow noopener\" target=\"_blank\">Daddy Yod<\/a>, Pablo Master, <a href=\"https:\/\/reggae.fr\/artiste-biographie\/525_Matinda.html\" rel=\"nofollow noopener\" target=\"_blank\">Matinda<\/a>, <a href=\"https:\/\/reggae.fr\/artiste-biographie\/1143_Mathieu-Ruben.html\" rel=\"nofollow noopener\" target=\"_blank\">Mathieu Ruben<\/a>, Hyme, Wes Gy, Jimmy Kollossimoh<\/strong>, sans oublier<strong> Mosiah Levy et Dj C&rsquo;Air<\/strong> pour l&rsquo;animation !<\/p>\n<p>La trajectoire de <strong>Ras Daniel<\/strong>\u00a0d\u00e9marre en 1986, au sein du groupe Moko et du sound system Krahme N&rsquo;Kruma. Il connait son premier vrai succ\u00e8s en 1991 avec Ragga Dub Force et le titre <strong>Education<\/strong>, suivi d&rsquo;une tourn\u00e9e nationale. Il sort 3 albums \u00e0 succ\u00e8s avec RuffNeg \u00e0 partir de 1994. De 1998 \u00e0 2019, Ras Daniel co-organise \u00e9galement le Marley&rsquo;s Marathon.<\/p>\n<p>Plus r\u00e9cemment, on l&rsquo;a retrouv\u00e9 sur de grandes sc\u00e8nes de son \u00eele, notamment \u00e0 l&rsquo;Atrium en 2023 puis au festival Reggae Therapy en 2025. Il a sorti le titre <strong>Sanbl\u00e9 ko nou dan lanmou<\/strong>, ainsi qu&rsquo;un duo p\u00e8re-fils poignant aux c\u00f4t\u00e9s de Wes GY, avant d&rsquo;assurer<strong>\u00a0<\/strong>avec brio la premi\u00e8re partie de <a href=\"https:\/\/reggae.fr\/artiste-biographie\/28_Capleton.html\" rel=\"nofollow noopener\" target=\"_blank\">Capleton<\/a> en mai dernier.<\/p>\n<p>Pr\u00e8s de 40 ans de carri\u00e8re au service du reggae dancehall martiniquais, il prend la direction Paris pour souffler les bougies !<\/p>\n<p><strong>Infos pratiques :<\/strong><br \/>Date : 10 octobre 2026, 20h<br \/>Lieu : Centre Paris Anim&rsquo; Jacques Bravo, 14\/18 Rue de la Tour des Dames, 75009 Paris<br \/>Tarif : 15\u20ac en pr\u00e9vente, 20\u20ac sur place<br \/>Billetterie :\u00a0<a href=\"https:\/\/my.weezevent.com\/test-5909\" rel=\"nofollow noopener\" target=\"_blank\">https:\/\/my.weezevent.com\/test-5909<\/a><\/p><\/p>\n","protected":false},"excerpt":{"rendered":"Le Centre Paris Anim&rsquo; Jacques Bravo accueillera le 10 octobre 2026 \u00e0 20h une soir\u00e9e un peu particuli\u00e8re&hellip;\n","protected":false},"author":2,"featured_media":1170466,"comment_status":"","ping_status":"","sticky":false,"template":"","format":"standard","meta":{"footnotes":"","_share_on_mastodon":"0"},"categories":[1888],"tags":[1111,1928,11,1927,1777,674,1011,27,12,1926,626,1925,25],"class_list":["post-1170465","post","type-post","status-publish","format-standard","has-post-thumbnail","category-paris","tag-actu","tag-actu-paris","tag-actualites","tag-actualites-paris","tag-eu","tag-europe","tag-fr","tag-france","tag-news","tag-news-paris","tag-paris","tag-paris-news","tag-republique-francaise"],"share_on_mastodon":{"url":"https:\/\/pubeurope.com\/@fr\/117223017864110280","error":""},"_links":{"self":[{"href":"https:\/\/www.europesays.com\/fr\/wp-json\/wp\/v2\/posts\/1170465","targetHints":{"allow":["GET"]}}],"collection":[{"href":"https:\/\/www.europesays.com\/fr\/wp-json\/wp\/v2\/posts"}],"about":[{"href":"https:\/\/www.europesays.com\/fr\/wp-json\/wp\/v2\/types\/post"}],"author":[{"embeddable":true,"href":"https:\/\/www.europesays.com\/fr\/wp-json\/wp\/v2\/users\/2"}],"replies":[{"embeddable":true,"href":"https:\/\/www.europesays.com\/fr\/wp-json\/wp\/v2\/comments?post=1170465"}],"version-history":[{"count":0,"href":"https:\/\/www.europesays.com\/fr\/wp-json\/wp\/v2\/posts\/1170465\/revisions"}],"wp:featuredmedia":[{"embeddable":true,"href":"https:\/\/www.europesays.com\/fr\/wp-json\/wp\/v2\/media\/1170466"}],"wp:attachment":[{"href":"https:\/\/www.europesays.com\/fr\/wp-json\/wp\/v2\/media?parent=1170465"}],"wp:term":[{"taxonomy":"category","embeddable":true,"href":"https:\/\/www.europesays.com\/fr\/wp-json\/wp\/v2\/categories?post=1170465"},{"taxonomy":"post_tag","embeddable":true,"href":"https:\/\/www.europesays.com\/fr\/wp-json\/wp\/v2\/tags?post=1170465"}],"curies":[{"name":"wp","href":"https:\/\/api.w.org\/{rel}","templated":true}]}}