{"id":1170495,"date":"2026-09-06T08:19:29","date_gmt":"2026-09-06T08:19:29","guid":{"rendered":"https:\/\/www.europesays.com\/fr\/1170495\/"},"modified":"2026-09-06T08:19:29","modified_gmt":"2026-09-06T08:19:29","slug":"r1-resultats-et-le-classement-de-la-poule-b-en-attendant-les-girondins","status":"publish","type":"post","link":"https:\/\/www.europesays.com\/fr\/1170495\/","title":{"rendered":"R1 : R\u00e9sultats et le classement de la poule B en attendant les Girondins"},"content":{"rendered":"<p><img decoding=\"async\" src=\"https:\/\/www.europesays.com\/fr\/wp-content\/uploads\/2025\/08\/671_e3a4f29c8d5b09a357ec8acdb041483e.png\" alt=\"R1 : R\u00e9sultats et le classement de la poule B en attendant les Girondins \" class=\"img-responsive mt-3\"\/><\/p>\n<p class=\"text-center mb-3\" style=\"font-size: 14px\">\u00a9 Iconsport<\/p>\n<p>      <strong>Le programme de la 2e journ\u00e9e de R\u00e9gional 1 sans les Girondins<\/strong><\/p>\n<p style=\"text-align: justify;\">Les Girondins ne sont pas de la partie lors de cette deuxi\u00e8me journ\u00e9e de R\u00e9gional 1. Bayonne Les Crois\u00e9s est en t\u00eate du classement avec deux victoires en deux matchs.<\/p>\n<p style=\"text-align: justify;\">R\u00e9sultats :<\/p>\n<p style=\"text-align: justify;\">FC Marmande 47 <strong>2-1<\/strong> Bo\u00e9 Bon Encontre <br \/>Villenave Jeunesse <strong>1-0<\/strong> St M\u00e9dard en Jalles <br \/>Aviron Bayonnais II <strong>4-1<\/strong> Sud Corr\u00e8ze<br \/><a href=\"https:\/\/www.webgirondins.com\/actualite-girondins-girondins-le-comex-refuse-le-national-2-le-club-se-rapproche-de-la-liquidation-134406\" target=\"_blank\" rel=\"noopener nofollow\">Girondins de Bordeaux <strong>report\u00e9<\/strong> SA M\u00e9rignacais <\/a><br \/>ES Boulazac <strong>0-1<\/strong> Bayonne Crois\u00e9s<br \/>US Bouscat <strong>2-1<\/strong> Stade Montois<\/p>\n<p style=\"text-align: justify;\"><strong>Match dimanche \u00e0 15h00 :<\/strong><\/p>\n<p style=\"text-align: justify;\">ASMUR &#8211; Saint-Paul Sports<\/p>\n<p>Classement provisoire :<\/p>\n<p><img decoding=\"async\" src=\"https:\/\/www.europesays.com\/fr\/wp-content\/uploads\/2026\/09\/Capture d\u2019e\u0301cran 2026-09-06 a\u0300 09.04.45.png\" alt=\"Capture d\u2019e\u0301cran 2026-09-06 a\u0300 09.04.45.png (424 KB)\" style=\"width:700px;max-width:100%;\"\/><\/p>\n<p>\u00a0<\/p>\n<p>&#8211; \u00c0 lire : <strong><a href=\"https:\/\/www.webgirondins.com\/actualite-girondins-girondins-park-bench-confirme-son-retrait-mais-laisse-une-porte-entrouverte-134432\" target=\"_blank\" rel=\"noopener nofollow\">Park Bench confirme son retrait, mais laisse une porte entrouverte<\/a><\/strong><\/p>\n<p>\u00a0<\/p>\n<p>\u00a0<\/p>\n<p>\u00a0<\/p>\n","protected":false},"excerpt":{"rendered":"\u00a9 Iconsport Le programme de la 2e journ\u00e9e de R\u00e9gional 1 sans les Girondins Les Girondins ne sont&hellip;\n","protected":false},"author":2,"featured_media":300011,"comment_status":"","ping_status":"","sticky":false,"template":"","format":"standard","meta":{"footnotes":"","_share_on_mastodon":"0"},"categories":[1410],"tags":[32030,1997,1981,1446,3474,2823,63,1011,27,1987,3465,3388,4789,5486,49273,1980,3982,60],"class_list":["post-1170495","post","type-post","status-publish","format-standard","has-post-thumbnail","category-football","tag-attendant","tag-bordeaux","tag-classement","tag-dans","tag-decouvrez","tag-face","tag-football","tag-fr","tag-france","tag-girondins","tag-journee","tag-matchs","tag-poule","tag-rencontre","tag-reportee","tag-resultats","tag-samedi","tag-sports"],"share_on_mastodon":{"url":"https:\/\/pubeurope.com\/@fr\/117223122852669128","error":""},"_links":{"self":[{"href":"https:\/\/www.europesays.com\/fr\/wp-json\/wp\/v2\/posts\/1170495","targetHints":{"allow":["GET"]}}],"collection":[{"href":"https:\/\/www.europesays.com\/fr\/wp-json\/wp\/v2\/posts"}],"about":[{"href":"https:\/\/www.europesays.com\/fr\/wp-json\/wp\/v2\/types\/post"}],"author":[{"embeddable":true,"href":"https:\/\/www.europesays.com\/fr\/wp-json\/wp\/v2\/users\/2"}],"replies":[{"embeddable":true,"href":"https:\/\/www.europesays.com\/fr\/wp-json\/wp\/v2\/comments?post=1170495"}],"version-history":[{"count":0,"href":"https:\/\/www.europesays.com\/fr\/wp-json\/wp\/v2\/posts\/1170495\/revisions"}],"wp:featuredmedia":[{"embeddable":true,"href":"https:\/\/www.europesays.com\/fr\/wp-json\/wp\/v2\/media\/300011"}],"wp:attachment":[{"href":"https:\/\/www.europesays.com\/fr\/wp-json\/wp\/v2\/media?parent=1170495"}],"wp:term":[{"taxonomy":"category","embeddable":true,"href":"https:\/\/www.europesays.com\/fr\/wp-json\/wp\/v2\/categories?post=1170495"},{"taxonomy":"post_tag","embeddable":true,"href":"https:\/\/www.europesays.com\/fr\/wp-json\/wp\/v2\/tags?post=1170495"}],"curies":[{"name":"wp","href":"https:\/\/api.w.org\/{rel}","templated":true}]}}