{"id":1170501,"date":"2026-09-06T08:24:51","date_gmt":"2026-09-06T08:24:51","guid":{"rendered":"https:\/\/www.europesays.com\/fr\/1170501\/"},"modified":"2026-09-06T08:24:51","modified_gmt":"2026-09-06T08:24:51","slug":"pres-de-fougeres-un-celebre-rappeur-se-produira-sur-la-scene-dune-discotheque","status":"publish","type":"post","link":"https:\/\/www.europesays.com\/fr\/1170501\/","title":{"rendered":"Pr\u00e8s de Foug\u00e8res, un c\u00e9l\u00e8bre rappeur se produira sur la sc\u00e8ne d&rsquo;une discoth\u00e8que"},"content":{"rendered":"<p>                    Par<br \/>\n        <strong><br \/>\n            <a href=\"https:\/\/actu.fr\/auteur\/julian-picot\" title=\"Consulter tous les articles de Julian Picot\" rel=\"nofollow noopener\" target=\"_blank\">Julian Picot<\/a><br \/>\n                    <\/strong><\/p>\n<p>        Publi\u00e9 le<\/p>\n<p>            4 sept. 2026 \u00e0 12h00        <\/p>\n<p><a href=\"https:\/\/www.youtube.com\/@gambi\/about\" rel=\"nofollow noopener\" target=\"_blank\">Gambi<\/a>, c\u00e9l\u00e8bre rappeur fran\u00e7ais, enflammera la sc\u00e8ne de la discoth\u00e8que L\u2019Icare Club \u00e0 <a href=\"https:\/\/actu.fr\/bretagne\/fleurigne_35112\" rel=\"nofollow noopener\" target=\"_blank\">La Chapelle-Fleurign\u00e9<\/a> <b>(Ille-et-Vilaine)<\/b>, ce <b>samedi 5<\/b>\u00a0<b>septembre<\/b>.<\/p>\n<p class=\" wall-content\">Auteur du hit \u00ab Popopop \u00bb sorti en 2019, l\u2019artiste enregistre plus de 160\u00a0millions d\u2019\u00e9coutes sur les plateformes de streaming et a \u00e9t\u00e9 certifi\u00e9 single de diamant.<\/p>\n<p>Top 10 mondial<\/p>\n<p class=\" wall-content\">D\u00e8s son lancement, il avait r\u00e9alis\u00e9 un d\u00e9marrage historique en int\u00e9grant le Top\u00a010 mondial des titres les plus stream\u00e9s de la plateforme le jour de sa sortie.<\/p>\n<p class=\" wall-content\">La soir\u00e9e sera anim\u00e9e par <b>DJ TMK<\/b>.<\/p>\n<p>Tarifs : 20,99 \u20ac. R\u00e9servez vos places sur le site shotgun.live\/events\/showcase-gambi-a-l-icare-club. Navette gratuit au 02 99 95 37 27.<\/p>\n<p class=\" wall-content\">Personnalisez votre actualit\u00e9 en ajoutant vos villes et m\u00e9dias en favori avec <a href=\"https:\/\/moncompte.actu.fr\" title=\"D\u00e9couvez Mon Actu\" rel=\"nofollow noopener\" data-trk=\"{&quot;cta&quot;:{&quot;action&quot;:&quot;https:\\\/\\\/moncompte.actu.fr&quot;,&quot;category&quot;:&quot;mon compte&quot;,&quot;from&quot;:&quot;article footer&quot;,&quot;name&quot;:&quot;Mon actu&quot;,&quot;type&quot;:&quot;cta&quot;}}\" target=\"_blank\">Mon Actu<\/a>.<\/p>\n","protected":false},"excerpt":{"rendered":"Par Julian Picot Publi\u00e9 le 4 sept. 2026 \u00e0 12h00 Gambi, c\u00e9l\u00e8bre rappeur fran\u00e7ais, enflammera la sc\u00e8ne de&hellip;\n","protected":false},"author":2,"featured_media":1170502,"comment_status":"","ping_status":"","sticky":false,"template":"","format":"standard","meta":{"footnotes":"","_share_on_mastodon":"0"},"categories":[1355],"tags":[58,59,1011,27,1652,1361,873,3616],"class_list":["post-1170501","post","type-post","status-publish","format-standard","has-post-thumbnail","category-musique","tag-divertissement","tag-entertainment","tag-fr","tag-france","tag-loisirs-culture","tag-music","tag-musique","tag-rap"],"share_on_mastodon":{"url":"https:\/\/pubeurope.com\/@fr\/117223143854527794","error":""},"_links":{"self":[{"href":"https:\/\/www.europesays.com\/fr\/wp-json\/wp\/v2\/posts\/1170501","targetHints":{"allow":["GET"]}}],"collection":[{"href":"https:\/\/www.europesays.com\/fr\/wp-json\/wp\/v2\/posts"}],"about":[{"href":"https:\/\/www.europesays.com\/fr\/wp-json\/wp\/v2\/types\/post"}],"author":[{"embeddable":true,"href":"https:\/\/www.europesays.com\/fr\/wp-json\/wp\/v2\/users\/2"}],"replies":[{"embeddable":true,"href":"https:\/\/www.europesays.com\/fr\/wp-json\/wp\/v2\/comments?post=1170501"}],"version-history":[{"count":0,"href":"https:\/\/www.europesays.com\/fr\/wp-json\/wp\/v2\/posts\/1170501\/revisions"}],"wp:featuredmedia":[{"embeddable":true,"href":"https:\/\/www.europesays.com\/fr\/wp-json\/wp\/v2\/media\/1170502"}],"wp:attachment":[{"href":"https:\/\/www.europesays.com\/fr\/wp-json\/wp\/v2\/media?parent=1170501"}],"wp:term":[{"taxonomy":"category","embeddable":true,"href":"https:\/\/www.europesays.com\/fr\/wp-json\/wp\/v2\/categories?post=1170501"},{"taxonomy":"post_tag","embeddable":true,"href":"https:\/\/www.europesays.com\/fr\/wp-json\/wp\/v2\/tags?post=1170501"}],"curies":[{"name":"wp","href":"https:\/\/api.w.org\/{rel}","templated":true}]}}