{"id":1170512,"date":"2026-09-06T08:32:33","date_gmt":"2026-09-06T08:32:33","guid":{"rendered":"https:\/\/www.europesays.com\/fr\/1170512\/"},"modified":"2026-09-06T08:32:33","modified_gmt":"2026-09-06T08:32:33","slug":"indonesie-leruption-dun-volcan-bloque-six-aeroports-209-vols-concernes","status":"publish","type":"post","link":"https:\/\/www.europesays.com\/fr\/1170512\/","title":{"rendered":"Indon\u00e9sie\u00a0: L\u2019\u00e9ruption d\u2019un volcan bloque six a\u00e9roports, 209 vols concern\u00e9s"},"content":{"rendered":"<p>L\u2019Anak Krakatoa perturbe tr\u00e8s fortement le trafic a\u00e9rien en <a href=\"https:\/\/www.20minutes.fr\/dossier\/indonesie\" target=\"_blank\" class=\"c-link c-link--is-underlined\" rel=\"nofollow noopener\">Indon\u00e9sie<\/a>. Les autorit\u00e9s ont annonc\u00e9 ce dimanche avoir prolong\u00e9 la suspension des activit\u00e9s de l\u2019a\u00e9roport international de Jakarta apr\u00e8s l\u2019\u00e9ruption de ce volcan, situ\u00e9 \u00e0 plus de 150 kilom\u00e8tres de la capitale.<\/p>\n<p>En plus de l&rsquo;a\u00e9roport Soekarno-Hatta de Jakarta et de trois autres situ\u00e9s aussi dans la capitale, les a\u00e9roports internationaux de Bandung et de Radin, situ\u00e9 pr\u00e8s de Bandar Kampung \u00e0 Sumatra, ont \u00e9t\u00e9 ferm\u00e9s, a indiqu\u00e9 Dudy Purwagandhi, le ministre des Transports, durant une conf\u00e9rence de presse. Au total, six a\u00e9roports indon\u00e9siens sont donc ferm\u00e9s.<\/p>\n<p>Plus de 22.000 passagers concern\u00e9s<\/p>\n<p>L&rsquo;a\u00e9roport international de Jakarta a annonc\u00e9 prolonger la suspension des vols jusqu&rsquo;\u00e0 17h30 alors que 209 vols et 22.000 passagers ont d\u00e9j\u00e0 \u00e9t\u00e9 affect\u00e9s. Le volcan Anak Krakatoa, qui signifie \u00ab\u00a0enfant du Krakatoa\u00a0\u00bb, est entr\u00e9 en \u00e9ruption samedi, avec une coul\u00e9e de lave et des d\u00e9tonations audibles jusqu\u2019\u00e0 700 kilom\u00e8tres, a indiqu\u00e9 l\u2019agence de volcanologie. Deux nouvelles \u00e9ruptions ont \u00e9t\u00e9 enregistr\u00e9es ce dimanche.<\/p>\n<\/p>\n<p>Les cendres volcaniques se sont propag\u00e9es dans l\u2019espace a\u00e9rien de l\u2019a\u00e9roport international Soekarno-Hatta, poussant les autorit\u00e9s \u00e0 suspendre les op\u00e9rations ce dimanche \u00e0 partir de 01h30. Le minist\u00e8re des Transports pr\u00e9cise que la liaison internationale la plus touch\u00e9e est celle reliant <a href=\"https:\/\/www.20minutes.fr\/dossier\/singapour\" target=\"_blank\" class=\"c-link c-link--is-underlined\" rel=\"nofollow noopener\">Singapour<\/a>. Seize vols internationaux ont \u00e9t\u00e9 annul\u00e9s, sept autres ont \u00e9t\u00e9 retard\u00e9s et cinq vols internationaux ont \u00e9t\u00e9 reprogramm\u00e9s, a encore indiqu\u00e9 le minist\u00e8re, pr\u00e9cisant que les liaisons concern\u00e9es incluaient Doha, Sydney et Kuala Lumpur.<\/p>\n<p>L\u2019a\u00e9roport de Bali \u00e9galement perturb\u00e9<\/p>\n<p>Les perturbations affectent \u00e9galement le fonctionnement de l\u2019a\u00e9roport de <a href=\"https:\/\/www.20minutes.fr\/dossier\/bali\" target=\"_blank\" class=\"c-link c-link--is-underlined\" rel=\"nofollow noopener\">Bali<\/a> et seize vols int\u00e9rieurs \u00e0 destination et en provenance de l\u2019\u00eele ont \u00e9t\u00e9 annul\u00e9s, a indiqu\u00e9 l\u2019autorit\u00e9 a\u00e9roportuaire locale.<\/p>\n<p><a href=\"https:\/\/www.20minutes.fr\/dossier\/indonesie\" target=\"_blank\" class=\"c-link c-btn c-btn--primary\" rel=\"nofollow noopener\">Nos articles sur l&rsquo;Indon\u00e9sie<\/a><\/p>\n<p>Le volcan Anak Krakatoa, situ\u00e9 dans le d\u00e9troit s\u00e9parant les \u00eeles de Java et de Sumatra, conna\u00eet une activit\u00e9 sporadique depuis son \u00e9mergence au d\u00e9but du si\u00e8cle dernier, au sein de la caldeira form\u00e9e \u00e0 la suite de l\u2019\u00e9ruption du Krakatoa en\u00a01883. Cette catastrophe a \u00e9t\u00e9 l\u2019une des plus meurtri\u00e8res et des plus destructrices de l\u2019histoire, avec un bilan estim\u00e9 \u00e0 35.000 morts.<\/p>\n","protected":false},"excerpt":{"rendered":"L\u2019Anak Krakatoa perturbe tr\u00e8s fortement le trafic a\u00e9rien en Indon\u00e9sie. Les autorit\u00e9s ont annonc\u00e9 ce dimanche avoir prolong\u00e9&hellip;\n","protected":false},"author":2,"featured_media":1170513,"comment_status":"","ping_status":"","sticky":false,"template":"","format":"standard","meta":{"footnotes":"","_share_on_mastodon":"0"},"categories":[5],"tags":[47,11,6607,1011,27,25902,14,74,12,3512,36161,133,20275,28],"class_list":["post-1170512","post","type-post","status-publish","format-standard","has-post-thumbnail","category-international","tag-actualite","tag-actualites","tag-bali","tag-fr","tag-france","tag-indonesie","tag-international","tag-monde","tag-news","tag-singapour","tag-trafic-aerien","tag-video","tag-volcan","tag-world"],"share_on_mastodon":{"url":"https:\/\/pubeurope.com\/@fr\/117223171200168339","error":""},"_links":{"self":[{"href":"https:\/\/www.europesays.com\/fr\/wp-json\/wp\/v2\/posts\/1170512","targetHints":{"allow":["GET"]}}],"collection":[{"href":"https:\/\/www.europesays.com\/fr\/wp-json\/wp\/v2\/posts"}],"about":[{"href":"https:\/\/www.europesays.com\/fr\/wp-json\/wp\/v2\/types\/post"}],"author":[{"embeddable":true,"href":"https:\/\/www.europesays.com\/fr\/wp-json\/wp\/v2\/users\/2"}],"replies":[{"embeddable":true,"href":"https:\/\/www.europesays.com\/fr\/wp-json\/wp\/v2\/comments?post=1170512"}],"version-history":[{"count":0,"href":"https:\/\/www.europesays.com\/fr\/wp-json\/wp\/v2\/posts\/1170512\/revisions"}],"wp:featuredmedia":[{"embeddable":true,"href":"https:\/\/www.europesays.com\/fr\/wp-json\/wp\/v2\/media\/1170513"}],"wp:attachment":[{"href":"https:\/\/www.europesays.com\/fr\/wp-json\/wp\/v2\/media?parent=1170512"}],"wp:term":[{"taxonomy":"category","embeddable":true,"href":"https:\/\/www.europesays.com\/fr\/wp-json\/wp\/v2\/categories?post=1170512"},{"taxonomy":"post_tag","embeddable":true,"href":"https:\/\/www.europesays.com\/fr\/wp-json\/wp\/v2\/tags?post=1170512"}],"curies":[{"name":"wp","href":"https:\/\/api.w.org\/{rel}","templated":true}]}}