{"id":1170514,"date":"2026-09-06T08:33:18","date_gmt":"2026-09-06T08:33:18","guid":{"rendered":"https:\/\/www.europesays.com\/fr\/1170514\/"},"modified":"2026-09-06T08:33:18","modified_gmt":"2026-09-06T08:33:18","slug":"aubervilliers-un-enfant-de-deux-ans-mort-et-sept-personnes-blessees-dans-une-explosion-apres-une-fuite-de-gaz","status":"publish","type":"post","link":"https:\/\/www.europesays.com\/fr\/1170514\/","title":{"rendered":"Aubervilliers : un enfant de deux ans mort et sept personnes bless\u00e9es dans une explosion apr\u00e8s une fuite de gaz"},"content":{"rendered":"<p>\n    Le drame a eu lieu rue Paul Verlaine. La pr\u00e9fecture de Seine-Saint-Denis avait pr\u00e9venu samedi soir sur X d\u2019un \u00abincident\u00bb dans cette rue d\u2019Aubervilliers, avec la mise en place d\u2019un p\u00e9rim\u00e8tre de s\u00e9curit\u00e9.<\/p>\n<p class=\"fig-paragraph\">Un enfant de deux ans est d\u00e9c\u00e9d\u00e9 et sept personnes ont \u00e9t\u00e9 bless\u00e9es, dont deux gri\u00e8vement, dans une fuite de gaz qui a entra\u00een\u00e9 \u00abl\u2019explosion\u00bb samedi soir d\u2019un pavillon \u00e0 Aubervilliers, ont indiqu\u00e9 dimanche le maire de la ville et la pr\u00e9fecture de police de Paris. \u00abUn enfant est d\u00e9c\u00e9d\u00e9 \u00e0 Aubervilliers, ce soir (samedi), dans l\u2019explosion d\u2019un pavillon rue Paul Verlaine \u00e0 cause d\u2019une fuite de gaz\u00bb, a \u00e9crit t\u00f4t dimanche Sofienne Karroumi, maire d\u2019Aubervilliers, sur son compte Facebook.<\/p>\n<p>    Le pavillon qui a explos\u00e9 cette nuit \u00e0 Aubervilliers, le 6 septembre 2026.<br \/>\n                Eloi Passot \/ Le Figaro<\/p>\n<p class=\"fig-paragraph\">\u00abSept autres personnes ont \u00e9t\u00e9 bless\u00e9es dans l\u2019accident, dont deux sont encore en urgence absolue \u00e0 l\u2019heure o\u00f9 j\u2019\u00e9cris ces lignes\u00bb, a-t-il ajout\u00e9, pr\u00e9cisant que l\u2019enfant d\u00e9c\u00e9d\u00e9 avait deux ans. L\u2019\u00e9dile a rendu hommage aux pompiers, policiers et membres du Samu qui \u00abont lutt\u00e9 des heures pour \u00e9viter le pire\u00bb et qu\u2019\u00e0 ce \u00abdrame n\u2019en succ\u00e8de pas un second\u00bb. Une enqu\u00eate judiciaire a \u00e9t\u00e9 ouverte sous l\u2019autorit\u00e9 du parquet de Bobigny, a-t-on pr\u00e9cis\u00e9 \u00e0 la pr\u00e9fecture de police de Paris, confirmant le bilan de cette explosion.<\/p>\n<p>                                            <a class=\"fig-a11y-skip\" href=\"#fig-a11y-skip-main-inarticle\" is=\"fig-a11y-skip\" data-trigger-mode=\"visible-once\"><br \/>\n    Passer la publicit\u00e9<br \/>\n<\/a>            <\/p>\n<p class=\"fig-paragraph\">Samedi, vers 21H30, un pavillon s\u2019est effondr\u00e9 apr\u00e8s une explosion cons\u00e9cutive \u00e0 une fuite de gaz. Un important dispositif de secours mobilisant 110 sapeurs-pompiers a \u00e9t\u00e9 d\u00e9ploy\u00e9 avec des \u00e9quipes cynotechniques, a-t-on d\u00e9taill\u00e9 de m\u00eame source. La pr\u00e9fecture de Seine-Saint-Denis avait pr\u00e9venu samedi soir sur X d\u2019un \u00abincident\u00bb dans cette rue d\u2019Aubervilliers, avec la mise en place d\u2019un p\u00e9rim\u00e8tre de s\u00e9curit\u00e9.<\/p>\n<p>                                            Nuit dans un gymnase<\/p>\n<p class=\"fig-paragraph\">Ce matin, les habitants de cette impasse r\u00e9sidentielle d\u2019Aubervilliers, dans le quartier du Montfort, observent, \u00e9bahis, le d\u00e9solant spectacle. Des d\u00e9bits jonchent le sol. Les vitres de plusieurs s voitures gar\u00e9es non loin ont explos\u00e9. Les murs des deux pavillons voisins sont tr\u00e8s endommag\u00e9s.<\/p>\n<p>Ioan et Cristina, la cinquantaine, trois enfants, habitent en face du pavillon d\u00e9truit. La veille au soir, ils f\u00eataient l\u2019anniversaire de leur fille lorsque la terrible explosion a retenti. Ce matin, des d\u00e9bris jonchent le sol de leur jardin. Un auvent a m\u00eame atterri contre mur de leur maison. \u00abD\u2019habitude, nous invitons de la famille et nous d\u00eenons dehors. Heureusement que nous avons fait autrement cette fois-ci\u00bb, songe Cristina.<\/p>\n<p>    Le pavillon qui a explos\u00e9 cette nuit \u00e0 Aubervilliers, le 6 septembre 2026.<br \/>\n                Eloi Passot \/ Le Figaro<\/p>\n<p class=\"fig-paragraph\">Comme plusieurs voisins de la rue, la famille a \u00e9t\u00e9 prise en charge par les secours dans la nuit et a d\u00fb quitter la maison, avant de pouvoir revenir chez eux au matin. Une vingtaine de personnes a dormi dans le gymnase qui jouxte le stade Auguste Delaune, \u00e0 quelques centaines de m\u00e8tres de l\u00e0.<\/p>\n<p class=\"fig-paragraph\">D\u2019apr\u00e8s plusieurs voisins pr\u00e9sents sur place, c\u2019est un couple d\u2019une soixantaine d\u2019ann\u00e9es qui vivait l\u00e0 avec plusieurs de ses filles. L\u2019enfant de deux ans qui est d\u00e9c\u00e9d\u00e9 dans l\u2019accident \u00e9tait leur petit-enfant.<\/p>\n","protected":false},"excerpt":{"rendered":"Le drame a eu lieu rue Paul Verlaine. La pr\u00e9fecture de Seine-Saint-Denis avait pr\u00e9venu samedi soir sur X&hellip;\n","protected":false},"author":2,"featured_media":1170515,"comment_status":"","ping_status":"","sticky":false,"template":"","format":"standard","meta":{"footnotes":"","_share_on_mastodon":"0"},"categories":[4],"tags":[11,6275,6017,1011,27,12,25],"class_list":["post-1170514","post","type-post","status-publish","format-standard","has-post-thumbnail","category-france","tag-actualites","tag-aubervilliers","tag-fait-divers","tag-fr","tag-france","tag-news","tag-republique-francaise"],"share_on_mastodon":{"url":"https:\/\/pubeurope.com\/@fr\/117223175533115562","error":""},"_links":{"self":[{"href":"https:\/\/www.europesays.com\/fr\/wp-json\/wp\/v2\/posts\/1170514","targetHints":{"allow":["GET"]}}],"collection":[{"href":"https:\/\/www.europesays.com\/fr\/wp-json\/wp\/v2\/posts"}],"about":[{"href":"https:\/\/www.europesays.com\/fr\/wp-json\/wp\/v2\/types\/post"}],"author":[{"embeddable":true,"href":"https:\/\/www.europesays.com\/fr\/wp-json\/wp\/v2\/users\/2"}],"replies":[{"embeddable":true,"href":"https:\/\/www.europesays.com\/fr\/wp-json\/wp\/v2\/comments?post=1170514"}],"version-history":[{"count":0,"href":"https:\/\/www.europesays.com\/fr\/wp-json\/wp\/v2\/posts\/1170514\/revisions"}],"wp:featuredmedia":[{"embeddable":true,"href":"https:\/\/www.europesays.com\/fr\/wp-json\/wp\/v2\/media\/1170515"}],"wp:attachment":[{"href":"https:\/\/www.europesays.com\/fr\/wp-json\/wp\/v2\/media?parent=1170514"}],"wp:term":[{"taxonomy":"category","embeddable":true,"href":"https:\/\/www.europesays.com\/fr\/wp-json\/wp\/v2\/categories?post=1170514"},{"taxonomy":"post_tag","embeddable":true,"href":"https:\/\/www.europesays.com\/fr\/wp-json\/wp\/v2\/tags?post=1170514"}],"curies":[{"name":"wp","href":"https:\/\/api.w.org\/{rel}","templated":true}]}}