{"id":1170516,"date":"2026-09-06T08:34:49","date_gmt":"2026-09-06T08:34:49","guid":{"rendered":"https:\/\/www.europesays.com\/fr\/1170516\/"},"modified":"2026-09-06T08:34:49","modified_gmt":"2026-09-06T08:34:49","slug":"on-allait-etre-testes-sur-notre-capacite-a-poursuivre-nos-efforts-explique-buros-rugbyrama","status":"publish","type":"post","link":"https:\/\/www.europesays.com\/fr\/1170516\/","title":{"rendered":"&quot;On allait \u00eatre test\u00e9s sur notre capacit\u00e9 \u00e0 poursuivre nos efforts&quot; explique Buros &#8211; Rugbyrama"},"content":{"rendered":"<ol>\n<li><a href=\"https:\/\/news.google.com\/rss\/articles\/CBMi_gFBVV95cUxQOTNxOUdwdnoxWUc5ZGlETjU4QkNnOXZkOHhXQmQyZV95RFJGb1dkSGlEdFU4dlhnYVhWaGxKdERJNGpNY09RZG1xdVg3NE1TLUVFS3pJdDc0c1RIeDFWTGdLQ0pQSmZqenhPcl9QamZSOVFDWVFNOEExamNZZWRZQTM5aWR2ME9uXzNJM0oteEpvV1l1TEVXdHFFc0taUGRMOVVyb1doNUwybnIyNjJxb2N0a2wzX3BGcWVtUl9iWHlsQnlhVkRSMi10OUMxVVJ4RmJIeFd4YUlpc0d2bENMZTBhVkIxSFdOZ1lUWjQ0VENlRXFGR2dKRjlaaGItZw?oc=5\" target=\"_blank\" rel=\"nofollow noopener\">\u00ab\u00a0On allait \u00eatre test\u00e9s sur notre capacit\u00e9 \u00e0 poursuivre nos efforts\u00a0\u00bb explique Buros<\/a>&nbsp;&nbsp;Rugbyrama<\/li>\n<li><a href=\"https:\/\/news.google.com\/rss\/articles\/CBMisAFBVV95cUxNQTN1YjE0eXcwTFF0SEZvMVBuOVZrclpDTzVXekhqYlR3YkFpRWlpa0gyTVlpMF9jenA4dVZyUWRicno1Y0RXNzl4YVlFTS03S1liNlVIX0EyeVJ3ajFkd3EyM1dKSFU3QVY1NXMyRWh3NXh1NjRtSHhlWEdpeGxGOFpxV3NSVS1NSFdaOVdNOVoxdWRuUlhQMTF5Q2otRjdaWW96QzV3cWo3YlZKeTh2Nw?oc=5\" target=\"_blank\" rel=\"nofollow noopener\">Top 14 &#8211; Intraitable, l&rsquo;Union Bordeaux-B\u00e8gles humilie le Racing 92 !<\/a>&nbsp;&nbsp;Rugbyrama<\/li>\n<li><a href=\"https:\/\/news.google.com\/rss\/articles\/CBMixwFBVV95cUxNVTVIeHAwR3dtT2tPdUpHWEFiNG5qT3ZfOUpwUVc1bnQxWVBWOXBSbU5uY0tBRTRfcnVILURodHlIbUlmMllwTkRoMUhFWVlUNTRTZmNjNl9OWWtnVVZ4dnJzNzB3d1YwNEFfOElOUE1IVUI2SXMtMGs3ZzVoNEZRZFdrYkpqX3VfMFVVZ0FoZFpKd0tNdVRkUWE1clFsd2JwbzRTU1BIWDdaNUtBTUJDbHVpV25QWUc0Z0pDSzVBWUFBS2tCdXcw?oc=5\" target=\"_blank\" rel=\"nofollow noopener\">Port\u00e9e notamment par des avants en grande forme, l&rsquo;UBB a r\u00e9ussi sa rentr\u00e9e en Top 14<\/a>&nbsp;&nbsp;lequipe.fr<\/li>\n<li><a href=\"https:\/\/news.google.com\/rss\/articles\/CBMipgJBVV95cUxON2lmOHhmRUg3RmlQMFZLMlA3RnNoOG5wWTJ4RG9YWWdNQktNXzZReDVXUnA4clRnWVRFdjVHaEpzZ2kxMGROUGpvU3ZLLTB6RE5VTW96WGJGc1pyR0hnV0phVFJsRU5DSTRVekp1T3QyQ3Yyemp1d2s5MXBRMW80T0dWX0FoaVZ0dkY3UWRQcnl0ZE9Xd2lGV201ekVCblhRQmtnYjA2cVhsOGJIWEEwTDlwd3ZJYlVLNUZKSlc4MHdnYjF0V2ZUMVlrTWpQTW9mb1RrSmhweVQtT2c5bGl3MjVTbXZDVFNUYklJQ2o0Nkd1WXZ2TnIxS3dIOGlrbHZXcGwyVTdIMkY4NTlScXZidkQxX28xUkxHRHRQYm5HbXdnUF9zT3c?oc=5\" target=\"_blank\" rel=\"nofollow noopener\">Irr\u00e9sistibles Unionistes, Bielle-Biarrey \u00e0 la f\u00eate, les Franciliens toujours en vacances et d\u00e9culott\u00e9s&#8230; Les tops et flops du r\u00e9cital de l\u2019UBB face au Racing<\/a>&nbsp;&nbsp;lefigaro.fr<\/li>\n<li><a href=\"https:\/\/news.google.com\/rss\/articles\/CBMiogFBVV95cUxOS3lkZkQyc1doWWtmUVhuVFpXWDJpYm00TVlTbGJtMjZfUFpqQXBvSWxCaXlDYi1xcHJFRUZYdFRNamNPaTJSUVlObHFERGJ5M1BZM1pkSWhWdUtlazFfUl9Pb0tfNWNzSkJHazE2ME1wUDc4ZFlFTkZycmpFdU1lbkJTQ2xWRWo3Y2FJT3NjLXVpVXA2bk1yV0FZVzhGRkxEREE?oc=5\" target=\"_blank\" rel=\"nofollow noopener\">UBB &#8211; Buros : \u00ab On avait les crocs \u00bb<\/a>&nbsp;&nbsp;Sports &#8211; Orange<\/li>\n<\/ol>\n","protected":false},"excerpt":{"rendered":"\u00ab\u00a0On allait \u00eatre test\u00e9s sur notre capacit\u00e9 \u00e0 poursuivre nos efforts\u00a0\u00bb explique Buros&nbsp;&nbsp;Rugbyrama Top 14 &#8211; Intraitable, l&rsquo;Union&hellip;\n","protected":false},"author":2,"featured_media":897496,"comment_status":"","ping_status":"","sticky":false,"template":"","format":"standard","meta":{"footnotes":"","_share_on_mastodon":"0"},"categories":[2],"tags":[11,1011,27,12],"class_list":["post-1170516","post","type-post","status-publish","format-standard","has-post-thumbnail","category-actualites","tag-actualites","tag-fr","tag-france","tag-news"],"share_on_mastodon":{"url":"https:\/\/pubeurope.com\/@fr\/117223179284057973","error":""},"_links":{"self":[{"href":"https:\/\/www.europesays.com\/fr\/wp-json\/wp\/v2\/posts\/1170516","targetHints":{"allow":["GET"]}}],"collection":[{"href":"https:\/\/www.europesays.com\/fr\/wp-json\/wp\/v2\/posts"}],"about":[{"href":"https:\/\/www.europesays.com\/fr\/wp-json\/wp\/v2\/types\/post"}],"author":[{"embeddable":true,"href":"https:\/\/www.europesays.com\/fr\/wp-json\/wp\/v2\/users\/2"}],"replies":[{"embeddable":true,"href":"https:\/\/www.europesays.com\/fr\/wp-json\/wp\/v2\/comments?post=1170516"}],"version-history":[{"count":0,"href":"https:\/\/www.europesays.com\/fr\/wp-json\/wp\/v2\/posts\/1170516\/revisions"}],"wp:featuredmedia":[{"embeddable":true,"href":"https:\/\/www.europesays.com\/fr\/wp-json\/wp\/v2\/media\/897496"}],"wp:attachment":[{"href":"https:\/\/www.europesays.com\/fr\/wp-json\/wp\/v2\/media?parent=1170516"}],"wp:term":[{"taxonomy":"category","embeddable":true,"href":"https:\/\/www.europesays.com\/fr\/wp-json\/wp\/v2\/categories?post=1170516"},{"taxonomy":"post_tag","embeddable":true,"href":"https:\/\/www.europesays.com\/fr\/wp-json\/wp\/v2\/tags?post=1170516"}],"curies":[{"name":"wp","href":"https:\/\/api.w.org\/{rel}","templated":true}]}}