{"id":1170517,"date":"2026-09-06T08:36:17","date_gmt":"2026-09-06T08:36:17","guid":{"rendered":"https:\/\/www.europesays.com\/fr\/1170517\/"},"modified":"2026-09-06T08:36:17","modified_gmt":"2026-09-06T08:36:17","slug":"les-kids-de-the-voice-a-la-fouillouse","status":"publish","type":"post","link":"https:\/\/www.europesays.com\/fr\/1170517\/","title":{"rendered":"Les Kids de The Voice \u00e0 La Fouillouse,"},"content":{"rendered":"<p>La Fouillouse lance sa toute premi\u00e8re saison culturelle \u00e0 partir de septembre 2026. Jusqu\u2019en d\u00e9cembre, concerts, th\u00e9\u00e2tre, patrimoine, musique et spectacles vont rythmer la vie de la commune.<\/p>\n<p class=\"PDq2pG_selectionAnchorContainer\" data-start=\"380\" data-end=\"628\">La culture s\u2019installe durablement \u00e0 La Fouillouse. Pour cette rentr\u00e9e 2026, la commune lance une <strong data-start=\"477\" data-end=\"507\">nouvelle saison culturelle<\/strong>, pens\u00e9e comme un espace de d\u00e9couverte, de partage et de rencontres entre les habitants, les artistes et les g\u00e9n\u00e9rations.<\/p>\n<p data-start=\"630\" data-end=\"892\">Cette premi\u00e8re \u00e9dition associe les initiatives des associations locales \u00e0 une programmation port\u00e9e par la municipalit\u00e9. Au programme : patrimoine, musique, th\u00e9\u00e2tre, concerts et spectacles, avec une volont\u00e9 affich\u00e9e de proposer des rendez-vous accessibles \u00e0 tous.<\/p>\n<p>Un premier week-end consacr\u00e9 \u00e0 l\u2019histoire du village<\/p>\n<p data-start=\"952\" data-end=\"1245\">Le coup d\u2019envoi sera donn\u00e9 les <strong data-start=\"983\" data-end=\"1010\">19 et 20 septembre 2026<\/strong> avec \u00ab La Fouillouse, notre village d\u2019hier \u00e0 aujourd\u2019hui \u00bb. Pendant deux jours, la mairie, la chapelle Sainte-Anne et l\u2019\u00e9glise Saint-Martin serviront de fil conducteur pour retracer les transformations du village au fil des d\u00e9cennies.<\/p>\n<p data-start=\"1247\" data-end=\"1432\">Photographies anciennes, v\u00e9hicules d\u2019\u00e9poque, expositions, costumes, th\u00e9\u00e2tre, musique et animations permettront aux visiteurs de replonger dans diff\u00e9rentes p\u00e9riodes de l\u2019histoire locale.<\/p>\n<p data-start=\"1434\" data-end=\"1651\">Une guinguette musicale fera \u00e9galement revivre l\u2019ambiance des diff\u00e9rentes \u00e9poques du XXe si\u00e8cle, tandis que des morceaux seront interpr\u00e9t\u00e9s \u00e0 l\u2019orgue de l\u2019\u00e9glise Saint-Martin. Un jeu de piste sera propos\u00e9 aux enfants.<\/p>\n<p data-start=\"1653\" data-end=\"1687\"><strong data-start=\"1653\" data-end=\"1687\">Les animations sont gratuites.<\/strong><\/p>\n<p>Concert, jeunes talents et jazz au programme<\/p>\n<p data-start=\"1739\" data-end=\"1983\">La programmation se poursuivra le <strong data-start=\"1773\" data-end=\"1797\">26 septembre \u00e0 20h30<\/strong>, \u00e0 l\u2019\u00e9glise Saint-Martin, avec le Concert d\u2019automne des Amis de l\u2019Orgue. La soprano <strong data-start=\"1882\" data-end=\"1899\">Laura Cartier<\/strong> sera accompagn\u00e9e par l\u2019organiste <strong data-start=\"1933\" data-end=\"1953\">Octavian Saunier<\/strong>. La participation sera libre.<\/p>\n<p data-start=\"1985\" data-end=\"2385\">Le lendemain, dimanche 27 septembre \u00e0 16h, la salle polyvalente accueillera <strong data-start=\"2061\" data-end=\"2086\">Les Kids de The Voice<\/strong>. Ces jeunes artistes, r\u00e9v\u00e9l\u00e9s par l\u2019\u00e9mission t\u00e9l\u00e9vis\u00e9e, proposeront un spectacle m\u00ealant grands classiques et titres actuels. Une s\u00e9ance photos et un temps d\u2019\u00e9change avec les artistes sont \u00e9galement pr\u00e9vus \u00e0 l\u2019issue du spectacle. Tarif : 14 \u20ac pour les adultes et 8 \u20ac pour les enfants jusqu\u2019\u00e0 12 ans.<\/p>\n<p data-start=\"2387\" data-end=\"2696\">Le <strong data-start=\"2390\" data-end=\"2411\">3 octobre \u00e0 20h30<\/strong>, place au jazz avec <strong data-start=\"2432\" data-end=\"2443\">Krakens<\/strong>, dans le cadre du Rhino Festival. Ce septet parisien m\u00eale afrobeat, jazz-groove, funk, cumbia, salsa, ethio-jazz et reggae. Un concert particuli\u00e8rement festif, port\u00e9 par une section de cuivres et des musiciens \u00e9galement chanteurs. Tarifs : 15 \u20ac \/ 20 \u20ac.<\/p>\n<p>Jess &amp; West avant le th\u00e9\u00e2tre en novembre<\/p>\n<p data-start=\"2744\" data-end=\"3053\">Le <strong data-start=\"2747\" data-end=\"2769\">7 novembre \u00e0 20h30<\/strong>, les fr\u00e8res jumeaux <strong data-start=\"2790\" data-end=\"2805\">Jess &amp; West<\/strong> investiront la salle polyvalente. R\u00e9v\u00e9l\u00e9s au grand public lors de leur participation \u00e0 The Voice en 2022, les deux artistes proposent un univers entre folk, blues et rock, accompagn\u00e9 de guitares acoustiques et \u00e9lectriques et d\u2019harmonies vocales.<\/p>\n<p data-start=\"3055\" data-end=\"3072\"><strong data-start=\"3055\" data-end=\"3072\">Tarif : 19 \u20ac.<\/strong><\/p>\n<p data-start=\"3074\" data-end=\"3437\">Quelques jours plus tard, les <strong data-start=\"3104\" data-end=\"3129\">13, 14 et 15 novembre<\/strong>, les Feuill\u2019Art pr\u00e9senteront leur nouvelle pi\u00e8ce, <strong data-start=\"3180\" data-end=\"3220\">\u00ab Il \u00e9tait une fois plus \u00e0 l\u2019Ouest \u00bb<\/strong>, \u00e0 la salle La Feuillantine. Les spectateurs suivront une troupe de colons partis conqu\u00e9rir l\u2019Ouest am\u00e9ricain, confront\u00e9s \u00e0 un impr\u00e9vu de taille : le train qu\u2019ils attendaient ne passera finalement pas par leur ville.<\/p>\n<p data-start=\"3439\" data-end=\"3601\">Trois repr\u00e9sentations sont pr\u00e9vues : vendredi 13 novembre \u00e0 20h30, samedi 14 \u00e0 20h30 et dimanche 15 \u00e0 15h. Tarifs : 10 \u20ac pour les adultes et 5 \u20ac pour les enfants.<\/p>\n<p>Un concert de No\u00ebl pour terminer l\u2019ann\u00e9e<\/p>\n<p data-start=\"3649\" data-end=\"3844\">La premi\u00e8re partie de cette saison culturelle s\u2019ach\u00e8vera le <strong data-start=\"3709\" data-end=\"3730\">13 d\u00e9cembre \u00e0 17h<\/strong>, \u00e0 la salle polyvalente, avec le traditionnel Concert de No\u00ebl du comit\u00e9 de jumelage et coop\u00e9ration Soufouroulaye.<\/p>\n<p data-start=\"3846\" data-end=\"3961\">L\u2019Orchestre Sc\u00e8ne\u00e7on proposera un spectacle consacr\u00e9 au <strong data-start=\"3902\" data-end=\"3911\">blues<\/strong>, m\u00ealant musique, humour, surprises et d\u00e9couverte.<\/p>\n<p data-start=\"3963\" data-end=\"3980\"><strong data-start=\"3963\" data-end=\"3980\">Tarif : 12 \u20ac.<\/strong><\/p>\n<p data-start=\"3982\" data-end=\"4390\" data-is-last-node=\"\" data-is-only-node=\"\">Avec cette premi\u00e8re saison, la ville de La Fouillouse entend ainsi faire vivre la culture sous diff\u00e9rentes formes et mettre en lumi\u00e8re les associations et les artistes qui font vivre le territoire. Un premier \u00ab acte \u00bb qui, de septembre \u00e0 d\u00e9cembre, doit aussi permettre aux habitants de red\u00e9couvrir leur village et de partager des moments en famille ou entre g\u00e9n\u00e9rations.<\/p>\n","protected":false},"excerpt":{"rendered":"La Fouillouse lance sa toute premi\u00e8re saison culturelle \u00e0 partir de septembre 2026. Jusqu\u2019en d\u00e9cembre, concerts, th\u00e9\u00e2tre, patrimoine,&hellip;\n","protected":false},"author":2,"featured_media":1170518,"comment_status":"","ping_status":"","sticky":false,"template":"","format":"standard","meta":{"footnotes":"","_share_on_mastodon":"0"},"categories":[9653],"tags":[1111,11,2430,1777,674,1011,27,12,25,4001],"class_list":["post-1170517","post","type-post","status-publish","format-standard","has-post-thumbnail","category-saint-etienne","tag-actu","tag-actualites","tag-auvergne-rhone-alpes","tag-eu","tag-europe","tag-fr","tag-france","tag-news","tag-republique-francaise","tag-saint-etienne"],"share_on_mastodon":{"url":"https:\/\/pubeurope.com\/@fr\/117223187053746292","error":""},"_links":{"self":[{"href":"https:\/\/www.europesays.com\/fr\/wp-json\/wp\/v2\/posts\/1170517","targetHints":{"allow":["GET"]}}],"collection":[{"href":"https:\/\/www.europesays.com\/fr\/wp-json\/wp\/v2\/posts"}],"about":[{"href":"https:\/\/www.europesays.com\/fr\/wp-json\/wp\/v2\/types\/post"}],"author":[{"embeddable":true,"href":"https:\/\/www.europesays.com\/fr\/wp-json\/wp\/v2\/users\/2"}],"replies":[{"embeddable":true,"href":"https:\/\/www.europesays.com\/fr\/wp-json\/wp\/v2\/comments?post=1170517"}],"version-history":[{"count":0,"href":"https:\/\/www.europesays.com\/fr\/wp-json\/wp\/v2\/posts\/1170517\/revisions"}],"wp:featuredmedia":[{"embeddable":true,"href":"https:\/\/www.europesays.com\/fr\/wp-json\/wp\/v2\/media\/1170518"}],"wp:attachment":[{"href":"https:\/\/www.europesays.com\/fr\/wp-json\/wp\/v2\/media?parent=1170517"}],"wp:term":[{"taxonomy":"category","embeddable":true,"href":"https:\/\/www.europesays.com\/fr\/wp-json\/wp\/v2\/categories?post=1170517"},{"taxonomy":"post_tag","embeddable":true,"href":"https:\/\/www.europesays.com\/fr\/wp-json\/wp\/v2\/tags?post=1170517"}],"curies":[{"name":"wp","href":"https:\/\/api.w.org\/{rel}","templated":true}]}}