{"id":1170519,"date":"2026-09-06T08:37:25","date_gmt":"2026-09-06T08:37:25","guid":{"rendered":"https:\/\/www.europesays.com\/fr\/1170519\/"},"modified":"2026-09-06T08:37:25","modified_gmt":"2026-09-06T08:37:25","slug":"ain-un-important-depot-sauvage-decouvert-a-saint-etienne-sur-chalaronne-lauteur-identifie","status":"publish","type":"post","link":"https:\/\/www.europesays.com\/fr\/1170519\/","title":{"rendered":"Ain. Un important d\u00e9p\u00f4t sauvage d\u00e9couvert \u00e0 Saint-\u00c9tienne-sur-Chalaronne, l\u2019auteur identifi\u00e9"},"content":{"rendered":"<p>Palettes, cartons, matelas, menuiseries et d\u00e9chets en tout genre\u00a0: c\u2019est un v\u00e9ritable amas qui a \u00e9t\u00e9 abandonn\u00e9 en pleine nature, au lieu-dit Tallard, \u00e0 Saint-\u00c9tienne-sur-Chalaronne.<\/p>\n<p>La d\u00e9couverte a rapidement fait r\u00e9agir la municipalit\u00e9, qui a choisi de rendre la situation publique en diffusant une photographie particuli\u00e8rement parlante du d\u00e9p\u00f4t. Sur place, les d\u00e9chets occupent une partie importante du passage\u00a0: plusieurs palettes en bois c\u00f4toient des cartons, un matelas, des \u00e9l\u00e9ments de menuiserie, une fen\u00eatre ainsi que diff\u00e9rents mat\u00e9riaux et emballages.<\/p>\n<p>  Un d\u00e9p\u00f4t en pleine nature<\/p>\n<p>Au-del\u00e0 de la quantit\u00e9 de d\u00e9chets abandonn\u00e9s, c\u2019est aussi leur emplacement qui interpelle. Le d\u00e9p\u00f4t a \u00e9t\u00e9 effectu\u00e9 dans un environnement naturel, \u00e0 proximit\u00e9 imm\u00e9diate d\u2019un cours d\u2019eau. Une situation que la commune d\u00e9nonce fermement, qualifiant cet abandon d&rsquo;\u00ab\u00a0incivilit\u00e9 inadmissible\u00a0\u00bb. La municipalit\u00e9 indique avoir imm\u00e9diatement pris en charge le probl\u00e8me. Elle pr\u00e9cise \u00e9galement qu\u2019un auteur a \u00e9t\u00e9 identifi\u00e9, sans communiquer pour l\u2019heure davantage de d\u00e9tails sur les circonstances ayant permis cette identification ni sur les suites qui pourraient \u00eatre donn\u00e9es.<\/p>\n<p>  \u00ab\u00a0Aucune excuse pour abandonner ses d\u00e9chets dans la nature\u00a0\u00bb<\/p>\n<p>\u00c0 travers sa publication, la commune rappelle que les d\u00e9p\u00f4ts sauvages sont sanctionnables et que des solutions existent pour se d\u00e9barrasser l\u00e9galement des d\u00e9chets\u00a0: d\u00e9ch\u00e8teries, collectes ou encore fili\u00e8res adapt\u00e9es selon leur nature. \u00ab\u00a0Il n\u2019y a aucune excuse pour abandonner ses d\u00e9chets dans la nature\u00a0\u00bb, insiste la municipalit\u00e9, qui profite de cet \u00e9pisode pour sensibiliser une nouvelle fois \u00e0 la pr\u00e9servation de l\u2019environnement et du cadre de vie.<\/p>\n<p>Les habitants sont \u00e9galement invit\u00e9s \u00e0 rester vigilants et \u00e0 contribuer au respect du territoire communal. Les \u00e9ventuelles suites donn\u00e9es apr\u00e8s l\u2019identification de l\u2019auteur du d\u00e9p\u00f4t ne sont, \u00e0 ce stade, pas encore pr\u00e9cis\u00e9es.<\/p>\n","protected":false},"excerpt":{"rendered":"Palettes, cartons, matelas, menuiseries et d\u00e9chets en tout genre\u00a0: c\u2019est un v\u00e9ritable amas qui a \u00e9t\u00e9 abandonn\u00e9 en&hellip;\n","protected":false},"author":2,"featured_media":1170520,"comment_status":"","ping_status":"","sticky":false,"template":"","format":"standard","meta":{"footnotes":"","_share_on_mastodon":"0"},"categories":[9653],"tags":[1111,11,2738,2430,6751,1777,674,107,1011,27,12,25,4001,20713,104,20714],"class_list":["post-1170519","post","type-post","status-publish","format-standard","has-post-thumbnail","category-saint-etienne","tag-actu","tag-actualites","tag-ain","tag-auvergne-rhone-alpes","tag-edition-ain-ouest","tag-eu","tag-europe","tag-fil-info","tag-fr","tag-france","tag-news","tag-republique-francaise","tag-saint-etienne","tag-saint-etienne-sur-chalaronne","tag-societe","tag-thoissey-bassin"],"share_on_mastodon":{"url":"https:\/\/pubeurope.com\/@fr\/117223191281615368","error":""},"_links":{"self":[{"href":"https:\/\/www.europesays.com\/fr\/wp-json\/wp\/v2\/posts\/1170519","targetHints":{"allow":["GET"]}}],"collection":[{"href":"https:\/\/www.europesays.com\/fr\/wp-json\/wp\/v2\/posts"}],"about":[{"href":"https:\/\/www.europesays.com\/fr\/wp-json\/wp\/v2\/types\/post"}],"author":[{"embeddable":true,"href":"https:\/\/www.europesays.com\/fr\/wp-json\/wp\/v2\/users\/2"}],"replies":[{"embeddable":true,"href":"https:\/\/www.europesays.com\/fr\/wp-json\/wp\/v2\/comments?post=1170519"}],"version-history":[{"count":0,"href":"https:\/\/www.europesays.com\/fr\/wp-json\/wp\/v2\/posts\/1170519\/revisions"}],"wp:featuredmedia":[{"embeddable":true,"href":"https:\/\/www.europesays.com\/fr\/wp-json\/wp\/v2\/media\/1170520"}],"wp:attachment":[{"href":"https:\/\/www.europesays.com\/fr\/wp-json\/wp\/v2\/media?parent=1170519"}],"wp:term":[{"taxonomy":"category","embeddable":true,"href":"https:\/\/www.europesays.com\/fr\/wp-json\/wp\/v2\/categories?post=1170519"},{"taxonomy":"post_tag","embeddable":true,"href":"https:\/\/www.europesays.com\/fr\/wp-json\/wp\/v2\/tags?post=1170519"}],"curies":[{"name":"wp","href":"https:\/\/api.w.org\/{rel}","templated":true}]}}