{"id":117052,"date":"2025-05-21T14:20:09","date_gmt":"2025-05-21T14:20:09","guid":{"rendered":"https:\/\/www.europesays.com\/fr\/117052\/"},"modified":"2025-05-21T14:20:09","modified_gmt":"2025-05-21T14:20:09","slug":"un-homme-agresse-a-marseille-pour-lui-voler-sa-moto","status":"publish","type":"post","link":"https:\/\/www.europesays.com\/fr\/117052\/","title":{"rendered":"Un homme agress\u00e9 \u00e0 Marseille pour lui voler sa moto"},"content":{"rendered":"<p>Dans un premier temps, la victime a peut-\u00eatre cru \u00e0 un banal accident de la circulation ce mardi soir, alors qu\u2019elle empruntait la rue Jean Queillau, \u00e0 <a href=\"https:\/\/www.laprovence.com\/bouches-du-rhone\/marseille-13055\" target=\"_blank\" rel=\"nofollow noopener\">Marseille<\/a>, avant de mesurer le guet-apens qui venait de lui \u00eatre tendu.<\/p>\n<p>Il \u00e9tait 21\u00a0heures mardi, lorsqu\u2019un motard qui circulait dans les <a href=\"https:\/\/www.laprovence.com\/article\/region\/6469724943169614\/les-quartiers-nord-font-enfin-leur-apparition-sur-la-carte-de-l-office-de-tourisme\" target=\"_blank\" rel=\"nofollow noopener\">quartiers nord<\/a>, a \u00e9t\u00e9 agress\u00e9 par deux individus qui venaient d\u2019accidenter son deux-roues.<\/p>\n<p>Profitant du d\u00e9sarroi du premier, les deux autres en ont profit\u00e9 pour lui voler ses clefs et d\u00e9rober la <a href=\"https:\/\/www.laprovence.com\/article\/faits-divers-justice\/1523273485065115\/marseille-2-hommes-tentent-de-voler-une-moto-a-main-armee-le-proprietaire-les-dupe\" target=\"_blank\" rel=\"nofollow noopener\">motocyclette<\/a>, non sans lui ass\u00e9ner une vol\u00e9e de coups au pr\u00e9alable.<\/p>\n<p>Rep\u00e9r\u00e9s gr\u00e2ce au signalement de la victime<\/p>\n<p>Sonn\u00e9e, mais r\u00e9active, la victime a aussit\u00f4t compos\u00e9 le 17.<\/p>\n<p>Gr\u00e2ce au signalement qu\u2019elle a donn\u00e9 \u00e0 la police, tant de ses assaillants que du v\u00e9hicule \u00e0 bord duquel ils avaient pris la fuite, les forces de l\u2019ordre ont rapidement interpell\u00e9 les deux auteurs pr\u00e9sum\u00e9s.<\/p>\n<p>Respectivement \u00e2g\u00e9s de 18 et 19\u00a0ans, ils ont \u00e9t\u00e9 plac\u00e9s en garde \u00e0 vue.<\/p>\n","protected":false},"excerpt":{"rendered":"Dans un premier temps, la victime a peut-\u00eatre cru \u00e0 un banal accident de la circulation ce mardi&hellip;\n","protected":false},"author":2,"featured_media":117053,"comment_status":"","ping_status":"","sticky":false,"template":"","format":"standard","meta":{"footnotes":""},"categories":[2814],"tags":[17,1111,11,8058,1777,674,274,1011,27,4933,23740,884,1457,12,471,882,25,23741],"class_list":{"0":"post-117052","1":"post","2":"type-post","3":"status-publish","4":"format-standard","5":"has-post-thumbnail","7":"category-marseille","8":"tag-17","9":"tag-actu","10":"tag-actualites","11":"tag-agresse","12":"tag-eu","13":"tag-europe","14":"tag-faits-divers-justice","15":"tag-fr","16":"tag-france","17":"tag-homme","18":"tag-lui","19":"tag-marseille","20":"tag-moto","21":"tag-news","22":"tag-pour","23":"tag-provence-alpes-cote-dazur","24":"tag-republique-francaise","25":"tag-voler"},"share_on_mastodon":{"url":"https:\/\/pubeurope.com\/@fr\/114546266845713563","error":""},"_links":{"self":[{"href":"https:\/\/www.europesays.com\/fr\/wp-json\/wp\/v2\/posts\/117052","targetHints":{"allow":["GET"]}}],"collection":[{"href":"https:\/\/www.europesays.com\/fr\/wp-json\/wp\/v2\/posts"}],"about":[{"href":"https:\/\/www.europesays.com\/fr\/wp-json\/wp\/v2\/types\/post"}],"author":[{"embeddable":true,"href":"https:\/\/www.europesays.com\/fr\/wp-json\/wp\/v2\/users\/2"}],"replies":[{"embeddable":true,"href":"https:\/\/www.europesays.com\/fr\/wp-json\/wp\/v2\/comments?post=117052"}],"version-history":[{"count":0,"href":"https:\/\/www.europesays.com\/fr\/wp-json\/wp\/v2\/posts\/117052\/revisions"}],"wp:featuredmedia":[{"embeddable":true,"href":"https:\/\/www.europesays.com\/fr\/wp-json\/wp\/v2\/media\/117053"}],"wp:attachment":[{"href":"https:\/\/www.europesays.com\/fr\/wp-json\/wp\/v2\/media?parent=117052"}],"wp:term":[{"taxonomy":"category","embeddable":true,"href":"https:\/\/www.europesays.com\/fr\/wp-json\/wp\/v2\/categories?post=117052"},{"taxonomy":"post_tag","embeddable":true,"href":"https:\/\/www.europesays.com\/fr\/wp-json\/wp\/v2\/tags?post=117052"}],"curies":[{"name":"wp","href":"https:\/\/api.w.org\/{rel}","templated":true}]}}