{"id":1170521,"date":"2026-09-06T08:39:00","date_gmt":"2026-09-06T08:39:00","guid":{"rendered":"https:\/\/www.europesays.com\/fr\/1170521\/"},"modified":"2026-09-06T08:39:00","modified_gmt":"2026-09-06T08:39:00","slug":"leau-du-robinet-ne-doit-pas-etre-consommee-dans-ce-secteur-pres-de-nancy-voici-pourquoi","status":"publish","type":"post","link":"https:\/\/www.europesays.com\/fr\/1170521\/","title":{"rendered":"L&rsquo;eau du robinet ne doit pas \u00eatre consomm\u00e9e dans ce secteur pr\u00e8s de Nancy : voici pourquoi"},"content":{"rendered":"<p>                    Par<br \/>\n        <strong><br \/>\n            <a href=\"https:\/\/actu.fr\/auteur\/marjorie-durupt\" title=\"Consulter tous les articles de Marjorie Durupt\" rel=\"nofollow noopener\" target=\"_blank\">Marjorie Durupt<\/a><br \/>\n                    <\/strong><\/p>\n<p>        Publi\u00e9 le<\/p>\n<p>            4 sept. 2026 \u00e0 17h48        <\/p>\n<p>Une coupure d\u2019eau potable a d\u00e9but\u00e9 jeudi 3 septembre \u00e0 14h dans une commune au sud de l\u2019agglom\u00e9ration de <a href=\"https:\/\/actu.fr\/grand-est\/nancy_54395\" rel=\"nofollow noopener\" target=\"_blank\">Nancy<\/a> (Meurthe-et-Moselle). <strong>Une partie de la ville est rest\u00e9e sans eau pendant pr\u00e8s de 24h.<\/strong> La situation revient progressivement \u00e0 la normale ce vendredi, mais l\u2019eau ne doit pas encore \u00eatre consomm\u00e9e dans certains secteurs, en attendant les analyses.<\/p>\n<p>Une commune priv\u00e9e d\u2019eau potable pendant pr\u00e8s de 24 heures pr\u00e8s de Nancy<\/p>\n<p class=\" wall-content\">Contact\u00e9e par Lorraine Actu, la Communaut\u00e9 de communes des Pays du Sel et du Vermois explique <strong>qu\u2019un incident technique est survenu lors des travaux de remplacement d\u2019une canalisation d\u2019adduction d\u2019eau \u00e0 Rosi\u00e8res-aux-Salines.<\/strong> Cet incident a contraint les \u00e9quipes \u00e0 couper temporairement l\u2019alimentation en eau de plusieurs rues de Saint-Nicolas-de-Port.<\/p>\n<p>    <a href=\"https:\/\/www.facebook.com\/plugins\/post.php?href=https%3A%2F%2Fwww.facebook.com%2FVilleDeStNicolasDePort%2Fposts%2Fpfbid0QzczrqinAXPCGbsPm7CtYMrQ4sdnDc6EWQvoKHaUzUCn7hJPCZutao5Y1X9yjGQnl&amp;show_text=true&amp;width=350\" title=\"Ouvrie le lien\" rel=\"nofollow noopener\" target=\"_blank\">Cliquez ici pour visualiser le contenu<\/a><\/p>\n<p class=\" wall-content\"><strong>Des bouteilles d\u2019eau ont rapidement \u00e9t\u00e9 distribu\u00e9es aux habitants concern\u00e9s.<\/strong> Ce vendredi, en fin de matin\u00e9e, l\u2019alimentation en eau a finalement \u00e9t\u00e9 r\u00e9tablie, pr\u00e8s de 24h apr\u00e8s la coupure.<\/p>\n<p>Des analyses sont en cours : l\u2019eau ne doit pas encore \u00eatre consomm\u00e9e<\/p>\n<p class=\" wall-content\">Toutefois, la Communaut\u00e9 de communes pr\u00e9cise que <strong>l\u2019eau ne doit pas encore \u00eatre consomm\u00e9e dans les secteurs concern\u00e9s par la coupure \u00e0 la demande de l\u2019Agence r\u00e9gionale de sant\u00e9 (ARS).<\/strong><\/p>\n<p class=\" wall-content\">\u00ab Des pr\u00e9l\u00e8vements seront faits dans la journ\u00e9e pour analyse. Dans l\u2019attente des r\u00e9sultats,<strong> les restrictions sont de rigueur jusqu\u2019\u00e0 lundi 7 septembre au plus tard<\/strong> \u00bb, explique-t-elle \u00e0 la population.\u00a0<\/p>\n<p>Des bouteilles d\u2019eau distribu\u00e9es\u00a0<\/p>\n<p class=\" wall-content\">\u00ab Dans l\u2019attente des r\u00e9sultats des analyses, les usages alimentaires (boisson, pr\u00e9paration des aliments et brossage des dents) devront autant que possible \u00eatre r\u00e9alis\u00e9s avec de l\u2019eau embouteill\u00e9e. Si ce n\u2019est pas possible, l\u2019eau du r\u00e9seau pourra \u00eatre utilis\u00e9e apr\u00e8s une \u00e9bullition prolong\u00e9e d\u2019environ 5 minutes \u00bb, pr\u00e9cise la collectivit\u00e9.\u00a0<\/p>\n<p class=\" wall-content\"><strong>Jusqu\u2019\u00e0 19 h ce vendredi, puis demain, samedi 5 septembre, de 8h30 \u00e0 17h30, la ville de Saint-Nicolas-de-Port distribue des bouteilles d\u2019eau \u00e0 la salle des sports.<\/strong><\/p>\n<p class=\" wall-content\">Personnalisez votre actualit\u00e9 en ajoutant vos villes et m\u00e9dias en favori avec <a href=\"https:\/\/moncompte.actu.fr\" title=\"D\u00e9couvez Mon Actu\" rel=\"nofollow noopener\" data-trk=\"{&quot;cta&quot;:{&quot;action&quot;:&quot;https:\\\/\\\/moncompte.actu.fr&quot;,&quot;category&quot;:&quot;mon compte&quot;,&quot;from&quot;:&quot;article footer&quot;,&quot;name&quot;:&quot;Mon actu&quot;,&quot;type&quot;:&quot;cta&quot;}}\" target=\"_blank\">Mon Actu<\/a>.<\/p>\n","protected":false},"excerpt":{"rendered":"Par Marjorie Durupt Publi\u00e9 le 4 sept. 2026 \u00e0 17h48 Une coupure d\u2019eau potable a d\u00e9but\u00e9 jeudi 3&hellip;\n","protected":false},"author":2,"featured_media":1170522,"comment_status":"","ping_status":"","sticky":false,"template":"","format":"standard","meta":{"footnotes":"","_share_on_mastodon":"0"},"categories":[9635],"tags":[1111,11,1777,674,1011,27,775,1702,12,25,104],"class_list":["post-1170521","post","type-post","status-publish","format-standard","has-post-thumbnail","category-nancy","tag-actu","tag-actualites","tag-eu","tag-europe","tag-fr","tag-france","tag-grand-est","tag-nancy","tag-news","tag-republique-francaise","tag-societe"],"share_on_mastodon":{"url":"https:\/\/pubeurope.com\/@fr\/117223198956513169","error":""},"_links":{"self":[{"href":"https:\/\/www.europesays.com\/fr\/wp-json\/wp\/v2\/posts\/1170521","targetHints":{"allow":["GET"]}}],"collection":[{"href":"https:\/\/www.europesays.com\/fr\/wp-json\/wp\/v2\/posts"}],"about":[{"href":"https:\/\/www.europesays.com\/fr\/wp-json\/wp\/v2\/types\/post"}],"author":[{"embeddable":true,"href":"https:\/\/www.europesays.com\/fr\/wp-json\/wp\/v2\/users\/2"}],"replies":[{"embeddable":true,"href":"https:\/\/www.europesays.com\/fr\/wp-json\/wp\/v2\/comments?post=1170521"}],"version-history":[{"count":0,"href":"https:\/\/www.europesays.com\/fr\/wp-json\/wp\/v2\/posts\/1170521\/revisions"}],"wp:featuredmedia":[{"embeddable":true,"href":"https:\/\/www.europesays.com\/fr\/wp-json\/wp\/v2\/media\/1170522"}],"wp:attachment":[{"href":"https:\/\/www.europesays.com\/fr\/wp-json\/wp\/v2\/media?parent=1170521"}],"wp:term":[{"taxonomy":"category","embeddable":true,"href":"https:\/\/www.europesays.com\/fr\/wp-json\/wp\/v2\/categories?post=1170521"},{"taxonomy":"post_tag","embeddable":true,"href":"https:\/\/www.europesays.com\/fr\/wp-json\/wp\/v2\/tags?post=1170521"}],"curies":[{"name":"wp","href":"https:\/\/api.w.org\/{rel}","templated":true}]}}