{"id":1170525,"date":"2026-09-06T08:42:15","date_gmt":"2026-09-06T08:42:15","guid":{"rendered":"https:\/\/www.europesays.com\/fr\/1170525\/"},"modified":"2026-09-06T08:42:15","modified_gmt":"2026-09-06T08:42:15","slug":"meteo-la-meteo-du-dimanche-6-septembre-2026-a-toulon-et-ses-environs","status":"publish","type":"post","link":"https:\/\/www.europesays.com\/fr\/1170525\/","title":{"rendered":"M\u00e9t\u00e9o. La m\u00e9t\u00e9o du dimanche 6 septembre 2026 \u00e0 Toulon et ses environs"},"content":{"rendered":"<p data-ofstats-scroll=\"read_depth_20\">La matin\u00e9e s\u2019ouvrira sous un ciel clair, avec des temp\u00e9ratures d\u00e9j\u00e0 douces autour de 22 \u00b0C avant le lever du soleil, puis en hausse progressive jusqu\u2019\u00e0 30 \u00b0C \u00e0 la fin de la p\u00e9riode. Le vent restera globalement faible, passant d\u2019un souffle quasi nul \u00e0 5 km\/h avec des rafales pouvant atteindre 15 km\/h, en variant progressivement du Nord-Est vers le Sud. La n\u00e9bulosit\u00e9 restera tr\u00e8s limit\u00e9e, malgr\u00e9 un l\u00e9ger passage de nuages en milieu de matin\u00e9e. L\u2019air deviendra plus sec au fil des heures.<\/p>\n<p data-ofstats-scroll=\"read_depth_30\">L\u2019apr\u00e8s-midi prendra le relais sous un voile de nuages \u00e9lev\u00e9s, avec des temp\u00e9ratures proches de 32 \u00b0C, avant une l\u00e9g\u00e8re baisse vers 31 \u00b0C. Le vent, d\u2019abord quasi nul, atteindra 5 km\/h puis 10 km\/h, accompagn\u00e9 de rafales pouvant monter jusqu\u2019\u00e0 30 km\/h, en tournant du Sud vers le Sud-Est puis le Sud-Sud-Est. Le ciel, d\u2019abord tr\u00e8s voil\u00e9, deviendra nuageux avant de se d\u00e9gager totalement, tandis que l\u2019humidit\u00e9 \u00e9voluera de fa\u00e7on mod\u00e9r\u00e9e et restera contenue en fin de p\u00e9riode.<\/p>\n<p data-ofstats-scroll=\"read_depth_50\">En soir\u00e9e, la transition se fera vers des conditions encore chaudes, avec une temp\u00e9rature qui restera \u00e9lev\u00e9e et \u00e9voluera de 30 \u00b0C en d\u00e9but de p\u00e9riode \u00e0 27 \u00b0C en fin de nuit, marquant une baisse progressive mais mod\u00e9r\u00e9e. Le vent, d\u2019abord orient\u00e9 Sud-Est \u00e0 5 km\/h avec des rafales pouvant atteindre 20 km\/h, tournera ensuite vers l\u2019Est puis l\u2019Est-Nord-Est tout en conservant une intensit\u00e9 proche. En fin de soir\u00e9e, il s\u2019orientera au Nord et tombera \u00e0 0 km\/h, avec quelques rafales \u00e0 10 km\/h. Le ciel demeurera clair et l\u2019humidit\u00e9 se maintiendra \u00e0 un niveau assez marqu\u00e9.<\/p>\n<p data-ofstats-scroll=\"read_depth_70\">Durant la nuit, dans le prolongement de la soir\u00e9e, la temp\u00e9rature restera \u00e9lev\u00e9e, passant progressivement de 26 \u00b0C en d\u00e9but de p\u00e9riode \u00e0 24 \u00b0C avant l\u2019aube. Le vent sera g\u00e9n\u00e9ralement nul, avant une br\u00e8ve reprise autour de 4 h \u00e0 5 km\/h, avec des rafales pouvant atteindre 5 km\/h, puis un retour au calme. L\u2019orientation du vent \u00e9voluera lentement, de l\u2019Ouest-Nord-Ouest vers le Sud-Sud-Est. Le ciel demeurera d\u00e9gag\u00e9 et l\u2019humidit\u00e9 restera marqu\u00e9e, sans changement notable sur l\u2019ensemble de la p\u00e9riode.<\/p>\n<p data-ofstats-scroll=\"read_depth_90\">Demain, lundi, dans la continuit\u00e9 de cette nuit chaude, la journ\u00e9e se d\u00e9roulera sous un ciel globalement d\u00e9gag\u00e9, avec quelques passages l\u00e9g\u00e8rement plus nuageux en milieu de journ\u00e9e avant un retour \u00e0 un ciel plus lumineux en fin d\u2019apr\u00e8s-midi. Les temp\u00e9ratures resteront estivales, passant d\u2019un niveau d\u00e9j\u00e0 doux au lever du jour pour atteindre environ 31 \u00b0C en milieu de journ\u00e9e, puis se stabiliser sans variation marqu\u00e9e. L\u2019humidit\u00e9 reculera progressivement. Le vent, d\u2019abord quasi nul, se renforcera pour atteindre 10 km\/h avec des rafales \u00e0 25 km\/h, en tournant du Sud-Est vers le Sud puis le Sud-Ouest.<\/p>\n<p data-ofstats-scroll=\"read_depth_90\"><a href=\"https:\/\/www.ouest-france.fr\/meteo\/provence-alpes-cote-dazur\/toulon-83000\/\" rel=\"nofollow noopener\" target=\"_blank\">Suivez la m\u00e9t\u00e9o de votre commune en temps r\u00e9el<\/a><\/p>\n<p data-ofstats-scroll=\"read_depth_100\">Ouest-France vous donne \u00e9galement la possibilit\u00e9 de conna\u00eetre la m\u00e9t\u00e9o de votre commune, heure par heure, sur notre page m\u00e9t\u00e9o d\u00e9di\u00e9e<\/p>\n","protected":false},"excerpt":{"rendered":"La matin\u00e9e s\u2019ouvrira sous un ciel clair, avec des temp\u00e9ratures d\u00e9j\u00e0 douces autour de 22 \u00b0C avant le&hellip;\n","protected":false},"author":2,"featured_media":1170526,"comment_status":"","ping_status":"","sticky":false,"template":"","format":"standard","meta":{"footnotes":"","_share_on_mastodon":"0"},"categories":[9619],"tags":[1111,11,1777,674,1011,27,44394,77217,18323,12,882,25,80953,30989,80954,2310],"class_list":["post-1170525","post","type-post","status-publish","format-standard","has-post-thumbnail","category-toulon","tag-actu","tag-actualites","tag-eu","tag-europe","tag-fr","tag-france","tag-la-garde","tag-la-seyne-sur-mer","tag-la-valette-du-var","tag-news","tag-provence-alpes-cote-dazur","tag-republique-francaise","tag-saint-mandrier-sur-mer","tag-six-fours-les-plages","tag-sollies-toucas","tag-toulon"],"share_on_mastodon":{"url":"","error":""},"_links":{"self":[{"href":"https:\/\/www.europesays.com\/fr\/wp-json\/wp\/v2\/posts\/1170525","targetHints":{"allow":["GET"]}}],"collection":[{"href":"https:\/\/www.europesays.com\/fr\/wp-json\/wp\/v2\/posts"}],"about":[{"href":"https:\/\/www.europesays.com\/fr\/wp-json\/wp\/v2\/types\/post"}],"author":[{"embeddable":true,"href":"https:\/\/www.europesays.com\/fr\/wp-json\/wp\/v2\/users\/2"}],"replies":[{"embeddable":true,"href":"https:\/\/www.europesays.com\/fr\/wp-json\/wp\/v2\/comments?post=1170525"}],"version-history":[{"count":0,"href":"https:\/\/www.europesays.com\/fr\/wp-json\/wp\/v2\/posts\/1170525\/revisions"}],"wp:featuredmedia":[{"embeddable":true,"href":"https:\/\/www.europesays.com\/fr\/wp-json\/wp\/v2\/media\/1170526"}],"wp:attachment":[{"href":"https:\/\/www.europesays.com\/fr\/wp-json\/wp\/v2\/media?parent=1170525"}],"wp:term":[{"taxonomy":"category","embeddable":true,"href":"https:\/\/www.europesays.com\/fr\/wp-json\/wp\/v2\/categories?post=1170525"},{"taxonomy":"post_tag","embeddable":true,"href":"https:\/\/www.europesays.com\/fr\/wp-json\/wp\/v2\/tags?post=1170525"}],"curies":[{"name":"wp","href":"https:\/\/api.w.org\/{rel}","templated":true}]}}