{"id":1170529,"date":"2026-09-06T08:44:15","date_gmt":"2026-09-06T08:44:15","guid":{"rendered":"https:\/\/www.europesays.com\/fr\/1170529\/"},"modified":"2026-09-06T08:44:15","modified_gmt":"2026-09-06T08:44:15","slug":"a-montpellier-lhomme-qui-avait-proferait-des-insultes-dans-la-cathedrale-arrete","status":"publish","type":"post","link":"https:\/\/www.europesays.com\/fr\/1170529\/","title":{"rendered":"A Montpellier, l\u2019homme qui avait prof\u00e9rait des insultes dans la cath\u00e9drale arr\u00eat\u00e9"},"content":{"rendered":"<p>                    Par<br \/>\n        <strong><br \/>\n            <a href=\"https:\/\/actu.fr\/auteur\/g-martin\" title=\"Consulter tous les articles de Gil Martin\" rel=\"nofollow noopener\" target=\"_blank\">Gil Martin<\/a><br \/>\n                    <\/strong><\/p>\n<p>        Publi\u00e9 le<\/p>\n<p>            6 sept. 2026 \u00e0 10h35        <\/p>\n<p>Le samedi 22 ao\u00fbt, \u00e0 Montpellier, un homme avait tenu <strong>des propos injurieux<\/strong> \u00e0 l\u2019encontre des paroissiens \u00e0 l\u2019int\u00e9rieur de la <strong>cath\u00e9drale Saint-Pierre<\/strong>. Les t\u00e9moins avaient livr\u00e9 un signalement tr\u00e8s pr\u00e9cis de l\u2019individu au comportement agressif.<\/p>\n<p>Identifi\u00e9 dans les rues du centre-ville<\/p>\n<p class=\" wall-content\">Quelques jours plus tard, le jeudi 27 ao\u00fbt, une <strong>patrouille VTT de la Police municipale<\/strong> a reconnu le suspect en d\u00e9ambulation dans les rues du centre-ville. Les agents l\u2019ont<strong> interpell\u00e9<\/strong> et sont rest\u00e9s sur place jusqu\u2019\u00e0 l\u2019arriv\u00e9e de la Police Nationale.<\/p>\n<p>    <a href=\"https:\/\/www.google.com\/maps\/embed?pb=!1m18!1m12!1m3!1d2888.684148375017!2d3.871735075532427!3d43.613117655023224!2m3!1f0!2f0!3f0!3m2!1i1024!2i768!4f13.1!3m3!1m2!1s0x12b6af066bd1c383%3A0x2a172ca276488eed!2sCath%C3%A9drale%20Saint-Pierre%20de%20Montpellier!5e0!3m2!1sfr!2sfr!4v1788683370617!5m2!1sfr!2sfr\" title=\"Ouvrie le lien\" rel=\"nofollow noopener\" target=\"_blank\">Cliquez ici pour visualiser le contenu<\/a><\/p>\n<p>L\u2019individu conduit au commissariat<\/p>\n<p class=\" wall-content\">\u00ab\u00a0La Police nationale a pris l\u2019individu en en charge qui a \u00e9t\u00e9 <strong>conduit au commissariat<\/strong> de police du centre-ville \u00bb, indique les policiers municipaux montpelli\u00e9rains qui confirment que l\u2019enqu\u00eate se poursuit\u2026<\/p>\n<p class=\" wall-content\">Personnalisez votre actualit\u00e9 en ajoutant vos villes et m\u00e9dias en favori avec <a href=\"https:\/\/moncompte.actu.fr\" title=\"D\u00e9couvez Mon Actu\" rel=\"nofollow noopener\" data-trk=\"{&quot;cta&quot;:{&quot;action&quot;:&quot;https:\\\/\\\/moncompte.actu.fr&quot;,&quot;category&quot;:&quot;mon compte&quot;,&quot;from&quot;:&quot;article footer&quot;,&quot;name&quot;:&quot;Mon actu&quot;,&quot;type&quot;:&quot;cta&quot;}}\" target=\"_blank\">Mon Actu<\/a>.<\/p>\n","protected":false},"excerpt":{"rendered":"Par Gil Martin Publi\u00e9 le 6 sept. 2026 \u00e0 10h35 Le samedi 22 ao\u00fbt, \u00e0 Montpellier, un homme&hellip;\n","protected":false},"author":2,"featured_media":1170530,"comment_status":"","ping_status":"","sticky":false,"template":"","format":"standard","meta":{"footnotes":"","_share_on_mastodon":"0"},"categories":[9599],"tags":[1111,11,1777,674,118,1011,27,2208,12,2680,25],"class_list":["post-1170529","post","type-post","status-publish","format-standard","has-post-thumbnail","category-montpellier","tag-actu","tag-actualites","tag-eu","tag-europe","tag-faits-divers","tag-fr","tag-france","tag-montpellier","tag-news","tag-occitanie","tag-republique-francaise"],"share_on_mastodon":{"url":"https:\/\/pubeurope.com\/@fr\/117223218701409856","error":""},"_links":{"self":[{"href":"https:\/\/www.europesays.com\/fr\/wp-json\/wp\/v2\/posts\/1170529","targetHints":{"allow":["GET"]}}],"collection":[{"href":"https:\/\/www.europesays.com\/fr\/wp-json\/wp\/v2\/posts"}],"about":[{"href":"https:\/\/www.europesays.com\/fr\/wp-json\/wp\/v2\/types\/post"}],"author":[{"embeddable":true,"href":"https:\/\/www.europesays.com\/fr\/wp-json\/wp\/v2\/users\/2"}],"replies":[{"embeddable":true,"href":"https:\/\/www.europesays.com\/fr\/wp-json\/wp\/v2\/comments?post=1170529"}],"version-history":[{"count":0,"href":"https:\/\/www.europesays.com\/fr\/wp-json\/wp\/v2\/posts\/1170529\/revisions"}],"wp:featuredmedia":[{"embeddable":true,"href":"https:\/\/www.europesays.com\/fr\/wp-json\/wp\/v2\/media\/1170530"}],"wp:attachment":[{"href":"https:\/\/www.europesays.com\/fr\/wp-json\/wp\/v2\/media?parent=1170529"}],"wp:term":[{"taxonomy":"category","embeddable":true,"href":"https:\/\/www.europesays.com\/fr\/wp-json\/wp\/v2\/categories?post=1170529"},{"taxonomy":"post_tag","embeddable":true,"href":"https:\/\/www.europesays.com\/fr\/wp-json\/wp\/v2\/tags?post=1170529"}],"curies":[{"name":"wp","href":"https:\/\/api.w.org\/{rel}","templated":true}]}}