{"id":1170531,"date":"2026-09-06T08:45:40","date_gmt":"2026-09-06T08:45:40","guid":{"rendered":"https:\/\/www.europesays.com\/fr\/1170531\/"},"modified":"2026-09-06T08:45:40","modified_gmt":"2026-09-06T08:45:40","slug":"victorieux-a-montpellier-pau-a-montre-quil-avait-deja-tres-faim-quand-nous-croyons-en-nous-nous-pouvons-faire-de-grandes-choses","status":"publish","type":"post","link":"https:\/\/www.europesays.com\/fr\/1170531\/","title":{"rendered":"Victorieux \u00e0 Montpellier, Pau a montr\u00e9 qu&rsquo;il avait d\u00e9j\u00e0 tr\u00e8s faim : \u00ab Quand nous croyons en nous, nous pouvons faire de grandes choses \u00bb"},"content":{"rendered":"<p>Victorieux \u00e0 Montpellier, Pau a montr\u00e9 qu&rsquo;il avait d\u00e9j\u00e0 tr\u00e8s faim : \u00ab Quand nous croyons en nous, nous pouvons faire de grandes choses \u00bb<\/p>\n<p>Mieux pr\u00e9par\u00e9 mentalement \u00e0 lancer sa saison et f\u00e9roce en premi\u00e8re p\u00e9riode, Pau a fait plier le finaliste Montpellier sur son terrain samedi en ouverture de la saison (19-27). Quelques semaines apr\u00e8s sa qualification historique en phase finale, la Section a d\u00e9j\u00e0 montr\u00e9 qu&rsquo;elle n&rsquo;\u00e9tait pas rassasi\u00e9e.<\/p>\n","protected":false},"excerpt":{"rendered":"Victorieux \u00e0 Montpellier, Pau a montr\u00e9 qu&rsquo;il avait d\u00e9j\u00e0 tr\u00e8s faim : \u00ab Quand nous croyons en nous,&hellip;\n","protected":false},"author":2,"featured_media":1170532,"comment_status":"","ping_status":"","sticky":false,"template":"","format":"standard","meta":{"footnotes":"","_share_on_mastodon":"0"},"categories":[9599],"tags":[61864,1111,11,113526,1777,674,1011,27,2208,101307,12,2680,6374,86837,25,86796,86757,479,478],"class_list":["post-1170531","post","type-post","status-publish","format-standard","has-post-thumbnail","category-montpellier","tag-2026-2027","tag-actu","tag-actualites","tag-aller-1re-journe","tag-eu","tag-europe","tag-fr","tag-france","tag-montpellier","tag-montpellier-pau","tag-news","tag-occitanie","tag-pau","tag-payant","tag-republique-francaise","tag-resumes-et-cr","tag-romain-bergogne","tag-rugby","tag-top-14"],"share_on_mastodon":{"url":"https:\/\/pubeurope.com\/@fr\/117223222556078843","error":""},"_links":{"self":[{"href":"https:\/\/www.europesays.com\/fr\/wp-json\/wp\/v2\/posts\/1170531","targetHints":{"allow":["GET"]}}],"collection":[{"href":"https:\/\/www.europesays.com\/fr\/wp-json\/wp\/v2\/posts"}],"about":[{"href":"https:\/\/www.europesays.com\/fr\/wp-json\/wp\/v2\/types\/post"}],"author":[{"embeddable":true,"href":"https:\/\/www.europesays.com\/fr\/wp-json\/wp\/v2\/users\/2"}],"replies":[{"embeddable":true,"href":"https:\/\/www.europesays.com\/fr\/wp-json\/wp\/v2\/comments?post=1170531"}],"version-history":[{"count":0,"href":"https:\/\/www.europesays.com\/fr\/wp-json\/wp\/v2\/posts\/1170531\/revisions"}],"wp:featuredmedia":[{"embeddable":true,"href":"https:\/\/www.europesays.com\/fr\/wp-json\/wp\/v2\/media\/1170532"}],"wp:attachment":[{"href":"https:\/\/www.europesays.com\/fr\/wp-json\/wp\/v2\/media?parent=1170531"}],"wp:term":[{"taxonomy":"category","embeddable":true,"href":"https:\/\/www.europesays.com\/fr\/wp-json\/wp\/v2\/categories?post=1170531"},{"taxonomy":"post_tag","embeddable":true,"href":"https:\/\/www.europesays.com\/fr\/wp-json\/wp\/v2\/tags?post=1170531"}],"curies":[{"name":"wp","href":"https:\/\/api.w.org\/{rel}","templated":true}]}}