{"id":1170541,"date":"2026-09-06T08:53:23","date_gmt":"2026-09-06T08:53:23","guid":{"rendered":"https:\/\/www.europesays.com\/fr\/1170541\/"},"modified":"2026-09-06T08:53:23","modified_gmt":"2026-09-06T08:53:23","slug":"angers-sco-rennes-un-derby-de-louest-pour-confirmer","status":"publish","type":"post","link":"https:\/\/www.europesays.com\/fr\/1170541\/","title":{"rendered":"Angers SCO \u2013 Rennes : un derby de l\u2019Ouest pour confirmer"},"content":{"rendered":"\n<p>Le SCO retrouve son public avec l\u2019ambition d\u2019encha\u00eener face \u00e0 une formation rennaise toujours invaincue en ce d\u00e9but de saison. Une affiche forc\u00e9ment particuli\u00e8re, avec le retour \u00e0 Raymond-Kopa de <strong>Est\u00e9ban Lepaul<\/strong>, ancien attaquant angevin d\u00e9sormais sous les couleurs bretonnes.<\/p>\n<p class=\"isSelectedEnd\">En conf\u00e9rence de presse, <strong>St\u00e9phane Gilli<\/strong> at insist\u00e9 sur l\u2019importance de <strong>Yassine Belkdim :<\/strong><\/p>\n<p class=\"isSelectedEnd\">\u00ab C\u2019est un joueur tr\u00e8s intelligent dans le jeu. Il comprend tr\u00e8s rapidement ce que l\u2019on veut mettre en place \u00bb, souligne le technicien, qui attend encore de lui des progr\u00e8s dans les trente derniers m\u00e8tres, notamment dans la finition et la derni\u00e8re passe.<\/p>\n<p class=\"isSelectedEnd\">Rest\u00e9 \u00e0 Angers malgr\u00e9 quelques envies d\u2019ailleurs durant le mercato, Yassine Belkdim veut poursuivre sa progression : \u00ab Je cours beaucoup, c\u2019est une qualit\u00e9 que je vais garder. Mais je pense avoir encore une marge de progression, surtout dans mon impact avec le ballon. \u00bb<\/p>\n<p><strong>Les extraits de cette conf\u00e9rence de presse sont \u00e0 \u00e9couter dans cet article.<\/strong><\/p>\n<p>C\u00f4t\u00e9 angevin, Branco van den Boomen est apte, Haris Belkebla et Louis Mouton forfaits. Rennes devrait se pr\u00e9senter avec un groupe presque au complet.<\/p>\n<p><strong>Angers SCO \u2013 Stade Rennais sera \u00e0 suivre en direct d\u00e8s 17h15 sur Oxyg\u00e8ne Radio, avec Bastien Rivron et Cyprien Legeay aux commentaires.<\/strong><\/p>\n","protected":false},"excerpt":{"rendered":"Le SCO retrouve son public avec l\u2019ambition d\u2019encha\u00eener face \u00e0 une formation rennaise toujours invaincue en ce d\u00e9but&hellip;\n","protected":false},"author":2,"featured_media":1170542,"comment_status":"","ping_status":"","sticky":false,"template":"","format":"standard","meta":{"footnotes":"","_share_on_mastodon":"0"},"categories":[2821],"tags":[1111,11,829,1777,674,1011,27,1114,12,584,25],"class_list":["post-1170541","post","type-post","status-publish","format-standard","has-post-thumbnail","category-rennes","tag-actu","tag-actualites","tag-bretagne","tag-eu","tag-europe","tag-fr","tag-france","tag-infos","tag-news","tag-rennes","tag-republique-francaise"],"share_on_mastodon":{"url":"https:\/\/pubeurope.com\/@fr\/117223253977710864","error":""},"_links":{"self":[{"href":"https:\/\/www.europesays.com\/fr\/wp-json\/wp\/v2\/posts\/1170541","targetHints":{"allow":["GET"]}}],"collection":[{"href":"https:\/\/www.europesays.com\/fr\/wp-json\/wp\/v2\/posts"}],"about":[{"href":"https:\/\/www.europesays.com\/fr\/wp-json\/wp\/v2\/types\/post"}],"author":[{"embeddable":true,"href":"https:\/\/www.europesays.com\/fr\/wp-json\/wp\/v2\/users\/2"}],"replies":[{"embeddable":true,"href":"https:\/\/www.europesays.com\/fr\/wp-json\/wp\/v2\/comments?post=1170541"}],"version-history":[{"count":0,"href":"https:\/\/www.europesays.com\/fr\/wp-json\/wp\/v2\/posts\/1170541\/revisions"}],"wp:featuredmedia":[{"embeddable":true,"href":"https:\/\/www.europesays.com\/fr\/wp-json\/wp\/v2\/media\/1170542"}],"wp:attachment":[{"href":"https:\/\/www.europesays.com\/fr\/wp-json\/wp\/v2\/media?parent=1170541"}],"wp:term":[{"taxonomy":"category","embeddable":true,"href":"https:\/\/www.europesays.com\/fr\/wp-json\/wp\/v2\/categories?post=1170541"},{"taxonomy":"post_tag","embeddable":true,"href":"https:\/\/www.europesays.com\/fr\/wp-json\/wp\/v2\/tags?post=1170541"}],"curies":[{"name":"wp","href":"https:\/\/api.w.org\/{rel}","templated":true}]}}