{"id":117055,"date":"2025-05-21T14:22:11","date_gmt":"2025-05-21T14:22:11","guid":{"rendered":"https:\/\/www.europesays.com\/fr\/117055\/"},"modified":"2025-05-21T14:22:11","modified_gmt":"2025-05-21T14:22:11","slug":"rhone-municipales-2026-ca-bouge-chez-renaissance","status":"publish","type":"post","link":"https:\/\/www.europesays.com\/fr\/117055\/","title":{"rendered":"Rh\u00f4ne. Municipales 2026 : \u00e7a bouge chez Renaissance"},"content":{"rendered":"<p>Renaissance Rh\u00f4ne poursuit sa pr\u00e9paration pour les \u00e9lections municipales et m\u00e9tropolitaines de 2026 en nommant cinq nouveaux pilotes. Ces personnes auront la responsabilit\u00e9 d\u2019animer la pr\u00e9-campagne, de rassembler les forces politiques locales et d\u2019impliquer la soci\u00e9t\u00e9 civile.<\/p>\n<p>  D\u2019autres nominations \u00e0 venir<\/p>\n<p>Les nominations suivantes ont \u00e9t\u00e9 effectu\u00e9es par le bureau d\u00e9partemental\u00a0: Eric Maillet pour Corbas\u00a0; Jean-Pierre Boh\u00e9 pour Feyzin\u00a0; Jacqueline Lebrun pour Francheville\u00a0; Laetitia Pichon pour Tassin-la-Demi-Lune\u00a0; Denis Chaumat pour Villefranche-sur-Sa\u00f4ne.<\/p>\n<p>Ces pilotes rejoignent <a href=\"https:\/\/www.leprogres.fr\/p\/thomas-rudigoz\" target=\"_blank\" rel=\"nofollow noopener\">Thomas Rudigoz<\/a> et Ludovic Almeras, qui ont \u00e9t\u00e9 d\u00e9sign\u00e9s pr\u00e9c\u00e9demment pour Lyon et V\u00e9nissieux. D\u2019autres nominations sont pr\u00e9vues dans les semaines \u00e0 venir afin d\u2019assurer une repr\u00e9sentation \u00e9tendue de leur famille politique dans le Rh\u00f4ne et la M\u00e9tropole de Lyon.<\/p>\n","protected":false},"excerpt":{"rendered":"Renaissance Rh\u00f4ne poursuit sa pr\u00e9paration pour les \u00e9lections municipales et m\u00e9tropolitaines de 2026 en nommant cinq nouveaux pilotes.&hellip;\n","protected":false},"author":2,"featured_media":117056,"comment_status":"","ping_status":"","sticky":false,"template":"","format":"standard","meta":{"footnotes":""},"categories":[1889],"tags":[1111,11,2430,2757,4188,1777,674,1011,27,2428,2756,12,316,3370,25,2429],"class_list":{"0":"post-117055","1":"post","2":"type-post","3":"status-publish","4":"format-standard","5":"has-post-thumbnail","7":"category-lyon","8":"tag-actu","9":"tag-actualites","10":"tag-auvergne-rhone-alpes","11":"tag-edition-lyon-villeurbanne","12":"tag-elections-municipales","13":"tag-eu","14":"tag-europe","15":"tag-fr","16":"tag-france","17":"tag-lyon","18":"tag-lyon-bassin","19":"tag-news","20":"tag-politique","21":"tag-renaissance","22":"tag-republique-francaise","23":"tag-rhone"},"share_on_mastodon":{"url":"https:\/\/pubeurope.com\/@fr\/114546274704566766","error":""},"_links":{"self":[{"href":"https:\/\/www.europesays.com\/fr\/wp-json\/wp\/v2\/posts\/117055","targetHints":{"allow":["GET"]}}],"collection":[{"href":"https:\/\/www.europesays.com\/fr\/wp-json\/wp\/v2\/posts"}],"about":[{"href":"https:\/\/www.europesays.com\/fr\/wp-json\/wp\/v2\/types\/post"}],"author":[{"embeddable":true,"href":"https:\/\/www.europesays.com\/fr\/wp-json\/wp\/v2\/users\/2"}],"replies":[{"embeddable":true,"href":"https:\/\/www.europesays.com\/fr\/wp-json\/wp\/v2\/comments?post=117055"}],"version-history":[{"count":0,"href":"https:\/\/www.europesays.com\/fr\/wp-json\/wp\/v2\/posts\/117055\/revisions"}],"wp:featuredmedia":[{"embeddable":true,"href":"https:\/\/www.europesays.com\/fr\/wp-json\/wp\/v2\/media\/117056"}],"wp:attachment":[{"href":"https:\/\/www.europesays.com\/fr\/wp-json\/wp\/v2\/media?parent=117055"}],"wp:term":[{"taxonomy":"category","embeddable":true,"href":"https:\/\/www.europesays.com\/fr\/wp-json\/wp\/v2\/categories?post=117055"},{"taxonomy":"post_tag","embeddable":true,"href":"https:\/\/www.europesays.com\/fr\/wp-json\/wp\/v2\/tags?post=117055"}],"curies":[{"name":"wp","href":"https:\/\/api.w.org\/{rel}","templated":true}]}}