{"id":1170569,"date":"2026-09-06T09:14:12","date_gmt":"2026-09-06T09:14:12","guid":{"rendered":"https:\/\/www.europesays.com\/fr\/1170569\/"},"modified":"2026-09-06T09:14:12","modified_gmt":"2026-09-06T09:14:12","slug":"incendie-au-cra-2-de-lyon-un-policier-legerement-intoxique-alliance-denonce-des-conditions-de-plus-en-plus-dangereuses","status":"publish","type":"post","link":"https:\/\/www.europesays.com\/fr\/1170569\/","title":{"rendered":"Incendie au CRA 2 de Lyon : un policier l\u00e9g\u00e8rement intoxiqu\u00e9, Alliance d\u00e9nonce des conditions de plus en plus dangereuses"},"content":{"rendered":"<p itemprop=\"description\"><strong>Un incendie s\u2019est d\u00e9clar\u00e9 samedi au centre de r\u00e9tention administrative Lyon CRA 2 apr\u00e8s qu\u2019un ou plusieurs retenus auraient mis le feu \u00e0 un matelas. Un policier a \u00e9t\u00e9 l\u00e9g\u00e8rement intoxiqu\u00e9, selon Alliance Police Nationale, qui r\u00e9clame davantage de moyens et de protection.<\/strong><\/p>\n<p>Un incendie s\u2019est d\u00e9clar\u00e9 samedi vers 18h au sein du CRA 2 de Lyon, provoquant l\u2019intervention des secours et faisant un bless\u00e9 l\u00e9ger parmi les policiers.<\/p>\n<p>Selon Alliance Police Nationale Auvergne-Rh\u00f4ne-Alpes, un ou plusieurs retenus auraient incendi\u00e9 un matelas apr\u00e8s avoir pr\u00e9alablement masqu\u00e9 les cam\u00e9ras du bloc.<\/p>\n<p>Les personnels du service de s\u00e9curit\u00e9 incendie auraient rapidement donn\u00e9 l\u2019alerte et commenc\u00e9 \u00e0 combattre les flammes avec le mat\u00e9riel disponible sur place.<\/p>\n<p>Un policier l\u00e9g\u00e8rement intoxiqu\u00e9<\/p>\n<p>Les sapeurs-pompiers de l\u2019a\u00e9roport ainsi que ceux de Saint-Priest sont ensuite intervenus et sont parvenus \u00e0 circonscrire l\u2019incendie.<\/p>\n<p>Alliance fait \u00e9tat d\u2019un policier l\u00e9g\u00e8rement intoxiqu\u00e9 lors de l\u2019\u00e9v\u00e9nement.<\/p>\n<p>\u00ab\u00a0Un incendie dans un CRA, ce n\u2019est pas une simple d\u00e9gradation. C\u2019est potentiellement mettre en danger la vie des policiers, des personnels et des autres retenus\u00a0\u00bb, insiste l\u2019organisation syndicale.<\/p>\n<p>Au-del\u00e0 de cet incendie, Alliance d\u00e9nonce les conditions de travail des agents de la Police aux fronti\u00e8res affect\u00e9s dans les centres de r\u00e9tention. Le syndicat affirme que les policiers sont \u00ab\u00a0expos\u00e9s quotidiennement \u00e0 des violences et \u00e0 des comportements toujours plus dangereux\u00a0\u00bb et d\u00e9nonce un manque de moyens humains ainsi qu\u2019une pression op\u00e9rationnelle croissante.<\/p>\n<p>\u00ab\u00a0Les CRA ne peuvent pas devenir des zones de non-droit o\u00f9 nos coll\u00e8gues doivent constamment risquer leur int\u00e9grit\u00e9 physique\u00a0\u00bb, estime Alliance.<\/p>\n<p>L\u2019organisation r\u00e9clame d\u00e9sormais \u00ab\u00a0plus de moyens, plus de protection, plus de fermet\u00e9\u00a0\u00bb et appelle ses adh\u00e9rents \u00e0 manifester le 15 septembre, notamment pour r\u00e9clamer une revalorisation de la prime de risque des policiers, qui n\u2019a pas \u00e9t\u00e9 augment\u00e9e depuis 2019.<\/p><\/p>\n","protected":false},"excerpt":{"rendered":"Un incendie s\u2019est d\u00e9clar\u00e9 samedi au centre de r\u00e9tention administrative Lyon CRA 2 apr\u00e8s qu\u2019un ou plusieurs retenus&hellip;\n","protected":false},"author":2,"featured_media":1170570,"comment_status":"","ping_status":"","sticky":false,"template":"","format":"standard","meta":{"footnotes":"","_share_on_mastodon":"0"},"categories":[1889],"tags":[1111,11,2813,2190,2430,1109,251,1112,2811,1777,674,118,1011,27,1922,1110,1114,2428,2810,12,241,316,25,2812,517,800],"class_list":["post-1170569","post","type-post","status-publish","format-standard","has-post-thumbnail","category-lyon","tag-actu","tag-actualites","tag-article","tag-asvel","tag-auvergne-rhone-alpes","tag-breves","tag-culture","tag-depeches","tag-economique","tag-eu","tag-europe","tag-faits-divers","tag-fr","tag-france","tag-info","tag-informations","tag-infos","tag-lyon","tag-lyonmag","tag-news","tag-ol","tag-politique","tag-republique-francaise","tag-sociale","tag-sport","tag-transports"],"share_on_mastodon":{"url":"https:\/\/pubeurope.com\/@fr\/117223336502535555","error":""},"_links":{"self":[{"href":"https:\/\/www.europesays.com\/fr\/wp-json\/wp\/v2\/posts\/1170569","targetHints":{"allow":["GET"]}}],"collection":[{"href":"https:\/\/www.europesays.com\/fr\/wp-json\/wp\/v2\/posts"}],"about":[{"href":"https:\/\/www.europesays.com\/fr\/wp-json\/wp\/v2\/types\/post"}],"author":[{"embeddable":true,"href":"https:\/\/www.europesays.com\/fr\/wp-json\/wp\/v2\/users\/2"}],"replies":[{"embeddable":true,"href":"https:\/\/www.europesays.com\/fr\/wp-json\/wp\/v2\/comments?post=1170569"}],"version-history":[{"count":0,"href":"https:\/\/www.europesays.com\/fr\/wp-json\/wp\/v2\/posts\/1170569\/revisions"}],"wp:featuredmedia":[{"embeddable":true,"href":"https:\/\/www.europesays.com\/fr\/wp-json\/wp\/v2\/media\/1170570"}],"wp:attachment":[{"href":"https:\/\/www.europesays.com\/fr\/wp-json\/wp\/v2\/media?parent=1170569"}],"wp:term":[{"taxonomy":"category","embeddable":true,"href":"https:\/\/www.europesays.com\/fr\/wp-json\/wp\/v2\/categories?post=1170569"},{"taxonomy":"post_tag","embeddable":true,"href":"https:\/\/www.europesays.com\/fr\/wp-json\/wp\/v2\/tags?post=1170569"}],"curies":[{"name":"wp","href":"https:\/\/api.w.org\/{rel}","templated":true}]}}