{"id":117057,"date":"2025-05-21T14:23:08","date_gmt":"2025-05-21T14:23:08","guid":{"rendered":"https:\/\/www.europesays.com\/fr\/117057\/"},"modified":"2025-05-21T14:23:08","modified_gmt":"2025-05-21T14:23:08","slug":"lyon-une-coupure-informatique-geante-a-lhopital-edouard-herriot-ce-que-lon-sait","status":"publish","type":"post","link":"https:\/\/www.europesays.com\/fr\/117057\/","title":{"rendered":"Lyon. Une coupure informatique g\u00e9ante \u00e0 l&rsquo;h\u00f4pital Edouard-Herriot : ce que l&rsquo;on sait"},"content":{"rendered":"<p>            Par<br \/>\n        <strong><br \/>\n            <a href=\"https:\/\/actu.fr\/auteur\/theo-zuili\" title=\"Consulter tous les articles de Th\u00e9o Zuili\" target=\"_blank\" rel=\"noopener\">Th\u00e9o Zuili<\/a><br \/>\n        <\/strong><\/p>\n<p>        Publi\u00e9 le<\/p>\n<p>            21 mai 2025 \u00e0 15h40<br \/>\n        ; mis \u00e0 jour le 21 mai 2025 \u00e0 15h44    <\/p>\n<p>La raison de cette panne informatique est pour le moment inconnue, mais elle touche selon nos informations <strong>les lignes t\u00e9l\u00e9phoniques et l\u2019acc\u00e8s internet<\/strong> des professionnels de sant\u00e9 de l\u2019H\u00f4pital \u00c9douard-Herriot (<a href=\"https:\/\/actu.fr\/auvergne-rhone-alpes\/lyon_69123\" target=\"_blank\" rel=\"noopener\">Lyon<\/a> 3e) des <a href=\"https:\/\/actu.fr\/tag\/hospices-civils-de-lyon-hcl\" target=\"_blank\" rel=\"noopener\">Hospices civils de Lyon (HCL)<\/a> ce mercredi 21 mai 2025.<\/p>\n<p>Une panne \u00ab\u00a0anxiog\u00e8ne\u00a0\u00bb<\/p>\n<p class=\" wall-content\">\u00ab\u00a0Le wifi ne fonctionne pas. Les lignes fixes sont coup\u00e9es. C\u2019est <strong>anxiog\u00e8ne<\/strong>, on s\u2019inqui\u00e8te pour les coll\u00e8gues qui sont un peu en panique\u00a0\u00bb, rapporte Cha\u00efbia Janssen, d\u00e9l\u00e9gu\u00e9e du personnel \u00e0 HEH aupr\u00e8s d\u2019actu Lyon.<\/p>\n<p class=\" wall-content\">Depuis <strong>13h20<\/strong> ce mercredi, les soignants de l\u2019H\u00f4pital \u00c9douard-Herriot attendent d\u2019en savoir plus sur la panne en cours.\u00a0Ce centre hospitalier avait \u00e9t\u00e9 <a href=\"https:\/\/actu.fr\/auvergne-rhone-alpes\/lyon_69123\/les-hcl-victimes-d-un-piratage-des-donnees-sensibles-ont-ete-volees_59780274.html\" target=\"_blank\" rel=\"noopener\">la cible d\u2019une cyberattaque en juin 2023<\/a> : les pens\u00e9es des soignants se tournent imm\u00e9diatement vers cette hypoth\u00e8se, en l\u2019absence de communication des HCL en ce d\u00e9but d\u2019apr\u00e8s-midi.<\/p>\n<p class=\" wall-content\">Les vannes de la communication ont \u00e9t\u00e9 rouvertes \u00e0 15h20. Les HCL affirment qu\u2019une \u00ab\u00a0panne informatique partielle\u00a0\u00bb a touch\u00e9 \u00ab\u00a0quelques b\u00e2timents\u00a0\u00bb du centre hospitalier<strong> jusqu\u2019\u00e0 15h<\/strong>. Sur place, le son de cloche n\u2019est pas le m\u00eame : \u00ab\u00a0Tous les services ont \u00e9t\u00e9 touch\u00e9s, mais certaines unit\u00e9s retrouvent le r\u00e9seau depuis 15h30\u00a0\u00bb, selon Cha\u00efbia Janssen.<\/p>\n<p>Vid\u00e9os : en ce moment sur ActuMais \u00ab\u00a0sans cons\u00e9quence\u00a0\u00bb<\/p>\n<p class=\" wall-content\">\u00ab\u00a0Tout ce qui est fait par r\u00e9seau, les prescriptions, le d\u00e9placement des patients\u2026 tout doit \u00eatre refait en format papier : \u00e7a <strong>retarde certains soins<\/strong> et il faut courir entre les d\u00e9partements pour chercher les r\u00e9sultats. On n\u2019est pas form\u00e9s en cas de panne de r\u00e9seau, les soignants n\u2019ont pas les bons gestes. Imaginez comment une panne comme celle-ci impacterait votre travail, sauf que l\u00e0 des vies sont en jeu\u00a0\u00bb, s\u2019inqui\u00e8te Cha\u00efbia Janssen.<\/p>\n<p class=\" wall-content\">La communication des HCL se veut quant \u00e0 elle rassurante : \u00ab\u00a0Tout est r\u00e9tabli\u00a0\u00bb et la panne informatique est heureusement \u00ab\u00a0sans cons\u00e9quence sur le suivi des patients\u00a0\u00bb. La cause de cet incident reste encore \u00e0 d\u00e9terminer.<\/p>\n<p class=\" wall-content\"><strong>Cet article sera mis \u00e0 jour selon nos derni\u00e8res informations\u2026<\/strong><\/p>\n<p class=\" wall-content\">Suivez toute l\u2019actualit\u00e9 de vos villes et m\u00e9dias favoris en vous inscrivant \u00e0 <a href=\"https:\/\/moncompte.actu.fr\" title=\"D\u00e9couvez Mon Actu\" rel=\"nofollow noopener\" data-trk=\"{&quot;cta&quot;:{&quot;action&quot;:&quot;https:\\\/\\\/moncompte.actu.fr&quot;,&quot;category&quot;:&quot;mon compte&quot;,&quot;from&quot;:&quot;article footer&quot;,&quot;name&quot;:&quot;Mon actu&quot;,&quot;type&quot;:&quot;cta&quot;}}\" target=\"_blank\">Mon Actu<\/a>.<\/p>\n<ul class=\"ac-article-tag wall-content\">\n<li><a href=\"https:\/\/actu.fr\/tag\/hospices-civils-de-lyon-hcl\" data-trk=\"{&quot;cta&quot;:{&quot;action&quot;:&quot;Hospices civils de Lyon (HCL)&quot;,&quot;category&quot;:&quot;tag&quot;,&quot;from&quot;:&quot;article footer&quot;,&quot;name&quot;:&quot;Hospices civils de Lyon (HCL)&quot;,&quot;type&quot;:&quot;cta&quot;}}\" target=\"_blank\" rel=\"noopener\">#Hospices civils de Lyon (HCL)<\/a><\/li>\n<li><a href=\"https:\/\/actu.fr\/tag\/panne\" data-trk=\"{&quot;cta&quot;:{&quot;action&quot;:&quot;panne&quot;,&quot;category&quot;:&quot;tag&quot;,&quot;from&quot;:&quot;article footer&quot;,&quot;name&quot;:&quot;panne&quot;,&quot;type&quot;:&quot;cta&quot;}}\" target=\"_blank\" rel=\"noopener\">#panne<\/a><\/li>\n<\/ul>\n","protected":false},"excerpt":{"rendered":"Par Th\u00e9o Zuili Publi\u00e9 le 21 mai 2025 \u00e0 15h40 ; mis \u00e0 jour le 21 mai 2025&hellip;\n","protected":false},"author":2,"featured_media":117058,"comment_status":"","ping_status":"","sticky":false,"template":"","format":"standard","meta":{"footnotes":""},"categories":[1889],"tags":[1111,11,2430,1777,674,118,1011,27,23742,2428,12,10899,25],"class_list":{"0":"post-117057","1":"post","2":"type-post","3":"status-publish","4":"format-standard","5":"has-post-thumbnail","7":"category-lyon","8":"tag-actu","9":"tag-actualites","10":"tag-auvergne-rhone-alpes","11":"tag-eu","12":"tag-europe","13":"tag-faits-divers","14":"tag-fr","15":"tag-france","16":"tag-hospices-civils-de-lyon-hcl","17":"tag-lyon","18":"tag-news","19":"tag-panne","20":"tag-republique-francaise"},"share_on_mastodon":{"url":"https:\/\/pubeurope.com\/@fr\/114546278617738261","error":""},"_links":{"self":[{"href":"https:\/\/www.europesays.com\/fr\/wp-json\/wp\/v2\/posts\/117057","targetHints":{"allow":["GET"]}}],"collection":[{"href":"https:\/\/www.europesays.com\/fr\/wp-json\/wp\/v2\/posts"}],"about":[{"href":"https:\/\/www.europesays.com\/fr\/wp-json\/wp\/v2\/types\/post"}],"author":[{"embeddable":true,"href":"https:\/\/www.europesays.com\/fr\/wp-json\/wp\/v2\/users\/2"}],"replies":[{"embeddable":true,"href":"https:\/\/www.europesays.com\/fr\/wp-json\/wp\/v2\/comments?post=117057"}],"version-history":[{"count":0,"href":"https:\/\/www.europesays.com\/fr\/wp-json\/wp\/v2\/posts\/117057\/revisions"}],"wp:featuredmedia":[{"embeddable":true,"href":"https:\/\/www.europesays.com\/fr\/wp-json\/wp\/v2\/media\/117058"}],"wp:attachment":[{"href":"https:\/\/www.europesays.com\/fr\/wp-json\/wp\/v2\/media?parent=117057"}],"wp:term":[{"taxonomy":"category","embeddable":true,"href":"https:\/\/www.europesays.com\/fr\/wp-json\/wp\/v2\/categories?post=117057"},{"taxonomy":"post_tag","embeddable":true,"href":"https:\/\/www.europesays.com\/fr\/wp-json\/wp\/v2\/tags?post=117057"}],"curies":[{"name":"wp","href":"https:\/\/api.w.org\/{rel}","templated":true}]}}