{"id":1170575,"date":"2026-09-06T09:17:31","date_gmt":"2026-09-06T09:17:31","guid":{"rendered":"https:\/\/www.europesays.com\/fr\/1170575\/"},"modified":"2026-09-06T09:17:31","modified_gmt":"2026-09-06T09:17:31","slug":"il-fallait-montrer-qui-est-le-roi-de-paris-pour-ses-debuts-a-lufc-salahdine-parnasse-frappe-un-grand-coup","status":"publish","type":"post","link":"https:\/\/www.europesays.com\/fr\/1170575\/","title":{"rendered":"\u00ab\u00a0Il fallait montrer qui est le roi de Paris\u00a0\u00bb : pour ses d\u00e9buts \u00e0 l&rsquo;UFC, Salahdine Parnasse frappe un grand coup"},"content":{"rendered":"<p>                    Par<br \/>\n        <strong><br \/>\n            <a href=\"https:\/\/actu.fr\/auteur\/redaction-paris\" title=\"Consulter tous les articles de R\u00e9daction Paris\" rel=\"nofollow noopener\" target=\"_blank\">R\u00e9daction Paris<\/a><br \/>\n                    <\/strong><\/p>\n<p>        Publi\u00e9 le<\/p>\n<p>            6 sept. 2026 \u00e0 10h29        <\/p>\n<p>Des attentes, il y en avait beaucoup. Une r\u00e9ponse, elle est intervenue sans coup f\u00e9rir. Samedi 5 septembre 2026, le combattant fran\u00e7ais de <a href=\"https:\/\/actu.fr\/tag\/mma\" rel=\"nofollow noopener\" target=\"_blank\">MMA<\/a> <strong>Salahdine Parnasse<\/strong> s\u2019est impos\u00e9 par KO pour ses d\u00e9buts \u00e0 <a href=\"https:\/\/actu.fr\/sports\/autres-sports\/les-resultats-de-l-ufc-paris-soiree-sans-faute-pour-saint-denis-et-les-francais-imavov-marque-des-points_63126305.html\" rel=\"nofollow noopener\" target=\"_blank\">l\u2019UFC<\/a>, la ligue mondiale de r\u00e9f\u00e9rence des arts martiaux mixtes, \u00e0 <a href=\"https:\/\/actu.fr\/tag\/accor-arena-bercy\" rel=\"nofollow noopener\" target=\"_blank\">l\u2019Accor Arena de Bercy<\/a>, dans le 12e arrondissement de <a href=\"https:\/\/actu.fr\/paris\/\" rel=\"nofollow noopener\" target=\"_blank\">Paris<\/a>.\u00a0<\/p>\n<p>\u00ab\u00a0Je suis le meilleur combattant du monde\u00a0\u00bb<\/p>\n<p class=\" wall-content\">Le natif d\u2019<a href=\"https:\/\/actu.fr\/ile-de-france\/aubervilliers_93001\" rel=\"nofollow noopener\" target=\"_blank\">Aubervilliers<\/a> a pulv\u00e9ris\u00e9 le N\u00e9o-Z\u00e9landais Dan Hooker, 12e mondial des poids l\u00e9gers, au bout de 2 minutes et 35 secondes. Une victoire <strong>exp\u00e9ditive<\/strong> pour la star de la cinqui\u00e8me soir\u00e9e UFC dans la capitale. \u00ab\u00a0Je suis le meilleur combattant du monde, je finis tous mes combats par KO. J\u2019ai travaill\u00e9 dur pour \u00e7a\u00a0\u00bb, a r\u00e9agi l\u2019ancienne vedette de la ligue polonaise du KSW, cit\u00e9 par l\u2019AFP.\u00a0<\/p>\n<p class=\" wall-content\">\n<p class=\" wall-content\">Devant un parterre d\u2019invit\u00e9s prestigieux, \u00e0 l\u2019image du basketteur <a href=\"https:\/\/actu.fr\/ile-de-france\/nanterre_92050\/rendre-ce-que-le-club-m-a-donne-victor-wembanyama-de-retour-a-nanterre-pour-inaugurer-un-terrain-de-basket_64610863.html\" rel=\"nofollow noopener\" target=\"_blank\">Victor Wembanyama<\/a> et de ses coll\u00e8gues , <strong>Ciryl Gane<\/strong> et <strong>Nassourdine Imavov<\/strong>, Salahdine Parnasse a fix\u00e9 son adversaire avec un coup de pied au foie, suivi d\u2019un crochet au sol. \u00ab\u00a0On est \u00e0 la maison, on est \u00e0 Paris, il fallait montrer qui est le roi de Paris\u00a0\u00bb, a d\u00e9clar\u00e9 Parnasse apr\u00e8s le combat.\u00a0<\/p>\n<p class=\" wall-content\">Avec une telle performance, le gaucher pourrait se voir propuls\u00e9 rapidement vers les sommets. D\u00e8s sa victoire, il s\u2019est d\u2019ailleurs empress\u00e9 de demander un prochain combat contre un membre du top 5, citant l\u2019Am\u00e9ricain Max Holloway, r\u00e9cent vainqueur de l\u2019Irlandais <strong>Conor McGregor<\/strong>. \u00ab\u00a0Je dois encore prouver\u00a0\u00bb, a-t-il toutefois nuanc\u00e9. \u00ab\u00a0Pour l\u2019instant on y va \u00e9tape par \u00e9tape.\u00a0\u00bb<\/p>\n<p class=\" wall-content\"><strong>AFP<\/strong><\/p>\n<p class=\" wall-content\">Personnalisez votre actualit\u00e9 en ajoutant vos villes et m\u00e9dias en favori avec <a href=\"https:\/\/moncompte.actu.fr\" title=\"D\u00e9couvez Mon Actu\" rel=\"nofollow noopener\" data-trk=\"{&quot;cta&quot;:{&quot;action&quot;:&quot;https:\\\/\\\/moncompte.actu.fr&quot;,&quot;category&quot;:&quot;mon compte&quot;,&quot;from&quot;:&quot;article footer&quot;,&quot;name&quot;:&quot;Mon actu&quot;,&quot;type&quot;:&quot;cta&quot;}}\" target=\"_blank\">Mon Actu<\/a>.<\/p>\n","protected":false},"excerpt":{"rendered":"Par R\u00e9daction Paris Publi\u00e9 le 6 sept. 2026 \u00e0 10h29 Des attentes, il y en avait beaucoup. Une&hellip;\n","protected":false},"author":2,"featured_media":1170576,"comment_status":"","ping_status":"","sticky":false,"template":"","format":"standard","meta":{"footnotes":"","_share_on_mastodon":"0"},"categories":[1888],"tags":[29225,1111,1928,11,1927,1777,674,1011,27,1847,12,1926,626,1925,25,60],"class_list":["post-1170575","post","type-post","status-publish","format-standard","has-post-thumbnail","category-paris","tag-accor-arena-bercy","tag-actu","tag-actu-paris","tag-actualites","tag-actualites-paris","tag-eu","tag-europe","tag-fr","tag-france","tag-mma","tag-news","tag-news-paris","tag-paris","tag-paris-news","tag-republique-francaise","tag-sports"],"share_on_mastodon":{"url":"https:\/\/pubeurope.com\/@fr\/117223348144259175","error":""},"_links":{"self":[{"href":"https:\/\/www.europesays.com\/fr\/wp-json\/wp\/v2\/posts\/1170575","targetHints":{"allow":["GET"]}}],"collection":[{"href":"https:\/\/www.europesays.com\/fr\/wp-json\/wp\/v2\/posts"}],"about":[{"href":"https:\/\/www.europesays.com\/fr\/wp-json\/wp\/v2\/types\/post"}],"author":[{"embeddable":true,"href":"https:\/\/www.europesays.com\/fr\/wp-json\/wp\/v2\/users\/2"}],"replies":[{"embeddable":true,"href":"https:\/\/www.europesays.com\/fr\/wp-json\/wp\/v2\/comments?post=1170575"}],"version-history":[{"count":0,"href":"https:\/\/www.europesays.com\/fr\/wp-json\/wp\/v2\/posts\/1170575\/revisions"}],"wp:featuredmedia":[{"embeddable":true,"href":"https:\/\/www.europesays.com\/fr\/wp-json\/wp\/v2\/media\/1170576"}],"wp:attachment":[{"href":"https:\/\/www.europesays.com\/fr\/wp-json\/wp\/v2\/media?parent=1170575"}],"wp:term":[{"taxonomy":"category","embeddable":true,"href":"https:\/\/www.europesays.com\/fr\/wp-json\/wp\/v2\/categories?post=1170575"},{"taxonomy":"post_tag","embeddable":true,"href":"https:\/\/www.europesays.com\/fr\/wp-json\/wp\/v2\/tags?post=1170575"}],"curies":[{"name":"wp","href":"https:\/\/api.w.org\/{rel}","templated":true}]}}