{"id":1170646,"date":"2026-09-06T10:05:14","date_gmt":"2026-09-06T10:05:14","guid":{"rendered":"https:\/\/www.europesays.com\/fr\/1170646\/"},"modified":"2026-09-06T10:05:14","modified_gmt":"2026-09-06T10:05:14","slug":"d1-une-premiere-reussie-pour-le-toulon-metropole-futsal-face-a-garges-5-3","status":"publish","type":"post","link":"https:\/\/www.europesays.com\/fr\/1170646\/","title":{"rendered":"D1\u00a0: une premi\u00e8re r\u00e9ussie pour le Toulon M\u00e9tropole Futsal face \u00e0 Garges (5-3)"},"content":{"rendered":"<p>Nouveau cycle, premi\u00e8re victoire. Le Toulon M\u00e9tropole Futsal (TMF) a parfaitement lanc\u00e9 sa saison de D1\u00a0en dominant Garges (5-3), ce samedi 5\u00a0septembre, devant pr\u00e8s de 600\u00a0spectateurs au Palais des sports.<\/p>\n<p>Dans une enceinte particuli\u00e8rement chaude, les Varois ont mis beaucoup de rythme d\u00e8s les premi\u00e8res minutes.<\/p>\n<p>La soir\u00e9e a toutefois commenc\u00e9 par une frayeur. Apr\u00e8s seulement quatre minutes, Raul Villaverde \u00e9tait touch\u00e9 \u00e0 un genou dans un choc. Le brancard faisait son entr\u00e9e et le Toulonnais quittait le terrain sous les applaudissements du public. Alexis Dubois prenait alors sa place.<\/p>\n<p class=\"fs-5 \">Le TMF ne se d\u00e9sunissait pas et imposait son jeu. Gora Diop multipliait les tentatives avant de trouver l\u2019ouverture sur un corner de J\u00e9r\u00f4me Pasquier. Derri\u00e8re, une autre recrue attirait imm\u00e9diatement les regards\u00a0: Alvaro Carrion. Le gardien espagnol n\u2019h\u00e9sitait pas \u00e0 quitter sa surface, franchir la ligne m\u00e9diane et m\u00eame tenter sa chance. Sur l\u2019une de ses mont\u00e9es, sa frappe heurtait le poteau avant qu\u2019il ne sprinte vers sa cage pour emp\u00eacher les Gargeois de profiter de l\u2019occasion.<\/p>\n<p class=\"fs-5 \">Les visiteurs r\u00e9duisaient l\u2019\u00e9cart mais Simon Luc-Mkhamma puis Gustavo redonnaient de l\u2019air aux locaux, qui rejoignaient les vestiaires avec deux longueurs d\u2019avance (3-1).<\/p>\n<p>    Dubois frappe deux fois<\/p>\n<p class=\"fs-5 \">Au retour des vestiaires, les Franciliens se montraient plus entreprenants. Mais Alexis Dubois choisissait parfaitement son moment pour r\u00e9ussir ses d\u00e9buts en D1. Arriv\u00e9 de Reims cet \u00e9t\u00e9 avec un statut de meilleur buteur de D2, il frappait \u00e0 deux reprises et permettait \u00e0 Toulon de garder la main.<\/p>\n<p class=\"fs-5 \">\u00ab\u00a0J\u2019avais \u00e0 c\u0153ur de performer pour ma premi\u00e8re et \u00e7a a \u00e9t\u00e9 fait. L\u2019objectif, c\u2019\u00e9tait surtout de prendre les trois points. Je suis content d\u2019avoir contribu\u00e9 \u00e0 la victoire de l\u2019\u00e9quipe\u00a0\u00bb, savourait la recrue.<\/p>\n<p class=\"fs-5 \">Garges tentait encore de revenir dans la partie mais Carrion fermait la porte avec plusieurs interventions dans les derni\u00e8res minutes pour un total de quinze arr\u00eats au total. Son activit\u00e9 tr\u00e8s loin de sa cage n\u2019a rien d\u2019improvis\u00e9.<\/p>\n<p class=\"fs-5 \">\u00ab\u00a0C\u2019est exactement ce qu\u2019on cherchait\u00a0: un gardien fort dans les buts mais aussi capable de nous aider avec son jeu au pied, de sortir au-del\u00e0 de la ligne m\u00e9diane et de cr\u00e9er des d\u00e9calages\u00a0\u00bb, expliquait Sassi Ben Naceur.<\/p>\n<p class=\"fs-5 \">Le pr\u00e9sident savourait \u00e9galement la r\u00e9ussite de Dubois\u00a0: \u00ab\u00a0C\u2019\u00e9tait un pari. Passer de la D2\u00a0\u00e0 la D1, ce n\u2019est pas simple. Il s\u2019est int\u00e9gr\u00e9, il a compris le niveau tactique et il marque d\u00e8s sa premi\u00e8re.\u00a0\u00bb<\/p>\n<p class=\"fs-5 \">Apr\u00e8s avoir renouvel\u00e9 et rajeuni pr\u00e8s de la moiti\u00e9 de son effectif, le TMF ouvre donc ce nouveau cycle par trois points. \u00ab\u00a0Cette \u00e9quipe n\u2019est qu\u2019au d\u00e9but de tout ce qu\u2019elle peut apporter. Avec le travail du coach, elle peut encore beaucoup progresser\u00a0\u00bb, conclut Sassi Ben Naceur.<\/p>\n","protected":false},"excerpt":{"rendered":"Nouveau cycle, premi\u00e8re victoire. Le Toulon M\u00e9tropole Futsal (TMF) a parfaitement lanc\u00e9 sa saison de D1\u00a0en dominant Garges&hellip;\n","protected":false},"author":2,"featured_media":1170647,"comment_status":"","ping_status":"","sticky":false,"template":"","format":"standard","meta":{"footnotes":"","_share_on_mastodon":"0"},"categories":[9619],"tags":[1111,11,1777,674,1011,27,12,882,25,2310],"class_list":["post-1170646","post","type-post","status-publish","format-standard","has-post-thumbnail","category-toulon","tag-actu","tag-actualites","tag-eu","tag-europe","tag-fr","tag-france","tag-news","tag-provence-alpes-cote-dazur","tag-republique-francaise","tag-toulon"],"share_on_mastodon":{"url":"https:\/\/pubeurope.com\/@fr\/117223537065220190","error":""},"_links":{"self":[{"href":"https:\/\/www.europesays.com\/fr\/wp-json\/wp\/v2\/posts\/1170646","targetHints":{"allow":["GET"]}}],"collection":[{"href":"https:\/\/www.europesays.com\/fr\/wp-json\/wp\/v2\/posts"}],"about":[{"href":"https:\/\/www.europesays.com\/fr\/wp-json\/wp\/v2\/types\/post"}],"author":[{"embeddable":true,"href":"https:\/\/www.europesays.com\/fr\/wp-json\/wp\/v2\/users\/2"}],"replies":[{"embeddable":true,"href":"https:\/\/www.europesays.com\/fr\/wp-json\/wp\/v2\/comments?post=1170646"}],"version-history":[{"count":0,"href":"https:\/\/www.europesays.com\/fr\/wp-json\/wp\/v2\/posts\/1170646\/revisions"}],"wp:featuredmedia":[{"embeddable":true,"href":"https:\/\/www.europesays.com\/fr\/wp-json\/wp\/v2\/media\/1170647"}],"wp:attachment":[{"href":"https:\/\/www.europesays.com\/fr\/wp-json\/wp\/v2\/media?parent=1170646"}],"wp:term":[{"taxonomy":"category","embeddable":true,"href":"https:\/\/www.europesays.com\/fr\/wp-json\/wp\/v2\/categories?post=1170646"},{"taxonomy":"post_tag","embeddable":true,"href":"https:\/\/www.europesays.com\/fr\/wp-json\/wp\/v2\/tags?post=1170646"}],"curies":[{"name":"wp","href":"https:\/\/api.w.org\/{rel}","templated":true}]}}