{"id":117065,"date":"2025-05-21T14:27:09","date_gmt":"2025-05-21T14:27:09","guid":{"rendered":"https:\/\/www.europesays.com\/fr\/117065\/"},"modified":"2025-05-21T14:27:09","modified_gmt":"2025-05-21T14:27:09","slug":"la-ville-de-paris-denonce-une-ponction-inedite-de-275-millions-deuros-sur-son-budget-par-letat","status":"publish","type":"post","link":"https:\/\/www.europesays.com\/fr\/117065\/","title":{"rendered":"La ville de Paris d\u00e9nonce une \u00abponction in\u00e9dite\u00bb de 275 millions d&rsquo;euros sur son budget par l&rsquo;\u00c9tat"},"content":{"rendered":"<p>La municipalit\u00e9 socialiste d\u00e9nonce l\u2019effort de 2,2 milliards d\u2019euros r\u00e9clam\u00e9 par l\u2019\u00c9tat aux collectivit\u00e9s pour redresser les finances publiques, qui figure dans le budget adopt\u00e9 en f\u00e9vrier au Parlement.<\/p>\n<p class=\"fig-paragraph\">Le budget de l&rsquo;\u00c9tat pour 2025, qui demande une contribution de 2,2 milliards d&rsquo;euros aux collectivit\u00e9s locales, va co\u00fbter 275 millions d&rsquo;euros \u00e0 la\u00a0<a href=\"http:\/\/www.lefigaro.fr\/conjoncture\/vegetaliser-et-pietonniser-500-nouvelles-rues-en-3-ans-le-defi-tres-onereux-de-la-ville-de-paris-20250322\" data-fig-type=\"NewsFlash\" data-gtm-custom-categorie=\"navigation\" data-gtm-custom-action=\"crossclick\" data-gtm-custom-label=\"Contextuel\" data-gtm-event=\"customEventSPE\" data-fig-domain=\"LEFIGARO\" target=\"_blank\" rel=\"noopener\">ville de Paris<\/a>, a estim\u00e9 mercredi la municipalit\u00e9 socialiste qui d\u00e9nonce une \u00abponction in\u00e9dite\u00bb. Le budget 2025 de la ville de Paris pr\u00e9voit 11,5 milliards d&rsquo;euros de d\u00e9penses dont 1,75 milliard d&rsquo;investissements, en l\u00e9g\u00e8re baisse par rapport \u00e0 2024, a indiqu\u00e9 la mairie en pr\u00e9sentant les ajustements au budget pr\u00e9visionnel adopt\u00e9 en d\u00e9cembre. Ce budget suppl\u00e9mentaire, dernier de plein exercice de la maire socialiste Anne Hidalgo, doit \u00eatre vot\u00e9 d\u00e9but juin en Conseil de Paris.<\/p>\n<p class=\"fig-paragraph\">La loi de finances adopt\u00e9e en f\u00e9vrier au Parlement gr\u00e8vera le budget de la ville de 275 millions d&rsquo;euros, via une \u00abponction\u00bb directe sur ses recettes ou des rentr\u00e9es en moins, a calcul\u00e9 Paul Simondon, adjoint charg\u00e9 des Finances de la ville, \u00e0 la fois commune et d\u00e9partement. \u00abL&rsquo;objectif du gouvernement n&rsquo;est pas de faire faire des \u00e9conomies aux collectivit\u00e9s mais bien de les ponctionner pour diminuer le d\u00e9ficit de l&rsquo;\u00c9tat. Une situation totalement in\u00e9dite\u00bb, a d\u00e9nonc\u00e9 l&rsquo;\u00e9lu parisien. La contribution des collectivit\u00e9s au redressement des finances publiques est pass\u00e9e de cinq milliards d&rsquo;euros \u00e0 2,2 milliards dans le budget 2025. Mais les associations d&rsquo;\u00e9lus chiffrent la facture \u00e0 plus de sept milliards.<\/p>\n<p>Puiser dans les \u00abr\u00e9serves strat\u00e9giques\u00bb<\/p>\n<p class=\"fig-paragraph\">Le gouvernement de Fran\u00e7ois Bayrou \u00aba chang\u00e9 de ton avec les collectivit\u00e9s (par rapport \u00e0 la pr\u00e9c\u00e9dente mandature de Michel Barnier, NDLR). Il nous explique qu&rsquo;elles ont fait des efforts, qu&rsquo;elles ne sont plus responsables de la faillite&#8230; mais en nous annon\u00e7ant des montants potentiellement pires\u00bb, a comment\u00e9 Paul Simondon. La ville compensera ses pertes de recettes par des \u00e9conomies sur les co\u00fbts administratifs et de fonctionnement, \u00absans toucher au c\u0153ur des services publics ni fragiliser les dispositifs de solidarit\u00e9\u00bb dont les aides aux familles (tarif des cantines, remboursement du pass Navigo pour les enfants, etc.), a assur\u00e9 Paul Simondon.<\/p>\n<p class=\"fig-paragraph\">Fait rare, la premi\u00e8re collectivit\u00e9 de France va puiser dans ses \u00abr\u00e9serves strat\u00e9giques\u00bb, en r\u00e9cup\u00e9rant notamment l&rsquo;exc\u00e9dent de l&rsquo;op\u00e9ration d&rsquo;am\u00e9nagement du quartier de Clichy-Batignolles dans le nord-ouest de la capitale. La municipalit\u00e9 a \u00e9galement d\u00e9cid\u00e9 de relever de 0,5 point le plafond des taxes sur les transactions immobili\u00e8res (DMTO), \u00abseul levier fiscal dont disposent les d\u00e9partements pour payer leurs d\u00e9penses de solidarit\u00e9\u00bb, a justifi\u00e9 l&rsquo;adjoint aux Finances. Au vu des premi\u00e8res transactions sign\u00e9es, les recettes de ces droits devraient s&rsquo;\u00e9lever \u00e0 1,5 milliard d&rsquo;euros en 2025, soit 300 millions de plus qu&rsquo;en 2024. L&rsquo;endettement devrait s&rsquo;\u00e9lever \u00e0 pr\u00e8s de un milliard d&rsquo;euros pour 2025, portant la dette cumul\u00e9e de la ville \u00e0 9,3 milliards d&rsquo;euros.<\/p>\n","protected":false},"excerpt":{"rendered":"La municipalit\u00e9 socialiste d\u00e9nonce l\u2019effort de 2,2 milliards d\u2019euros r\u00e9clam\u00e9 par l\u2019\u00c9tat aux collectivit\u00e9s pour redresser les finances&hellip;\n","protected":false},"author":2,"featured_media":117066,"comment_status":"","ping_status":"","sticky":false,"template":"","format":"standard","meta":{"footnotes":""},"categories":[1888],"tags":[1111,1928,339,11,1927,340,1003,343,345,350,130,344,352,349,33,341,313,1777,674,1011,27,346,342,399,353,351,347,12,1926,626,1925,348,25,354],"class_list":{"0":"post-117065","1":"post","2":"type-post","3":"status-publish","4":"format-standard","5":"has-post-thumbnail","7":"category-paris","8":"tag-actu","9":"tag-actu-paris","10":"tag-actualite-economique","11":"tag-actualites","12":"tag-actualites-paris","13":"tag-bourse","14":"tag-budget","15":"tag-cac-40","16":"tag-chef-dentreprise","17":"tag-concurrence","18":"tag-consommation","19":"tag-creation-dentreprise","20":"tag-crise","21":"tag-delocalisations","22":"tag-economie","23":"tag-emploi","24":"tag-entreprises","25":"tag-eu","26":"tag-europe","27":"tag-fr","28":"tag-france","29":"tag-grands-patrons","30":"tag-impots","31":"tag-investissement","32":"tag-licenciements","33":"tag-monopole","34":"tag-multinationales","35":"tag-news","36":"tag-news-paris","37":"tag-paris","38":"tag-paris-news","39":"tag-privatisation","40":"tag-republique-francaise","41":"tag-unio"},"share_on_mastodon":{"url":"","error":"Validation failed: Text character limit of 500 exceeded"},"_links":{"self":[{"href":"https:\/\/www.europesays.com\/fr\/wp-json\/wp\/v2\/posts\/117065","targetHints":{"allow":["GET"]}}],"collection":[{"href":"https:\/\/www.europesays.com\/fr\/wp-json\/wp\/v2\/posts"}],"about":[{"href":"https:\/\/www.europesays.com\/fr\/wp-json\/wp\/v2\/types\/post"}],"author":[{"embeddable":true,"href":"https:\/\/www.europesays.com\/fr\/wp-json\/wp\/v2\/users\/2"}],"replies":[{"embeddable":true,"href":"https:\/\/www.europesays.com\/fr\/wp-json\/wp\/v2\/comments?post=117065"}],"version-history":[{"count":0,"href":"https:\/\/www.europesays.com\/fr\/wp-json\/wp\/v2\/posts\/117065\/revisions"}],"wp:featuredmedia":[{"embeddable":true,"href":"https:\/\/www.europesays.com\/fr\/wp-json\/wp\/v2\/media\/117066"}],"wp:attachment":[{"href":"https:\/\/www.europesays.com\/fr\/wp-json\/wp\/v2\/media?parent=117065"}],"wp:term":[{"taxonomy":"category","embeddable":true,"href":"https:\/\/www.europesays.com\/fr\/wp-json\/wp\/v2\/categories?post=117065"},{"taxonomy":"post_tag","embeddable":true,"href":"https:\/\/www.europesays.com\/fr\/wp-json\/wp\/v2\/tags?post=117065"}],"curies":[{"name":"wp","href":"https:\/\/api.w.org\/{rel}","templated":true}]}}