{"id":1170656,"date":"2026-09-06T10:14:14","date_gmt":"2026-09-06T10:14:14","guid":{"rendered":"https:\/\/www.europesays.com\/fr\/1170656\/"},"modified":"2026-09-06T10:14:14","modified_gmt":"2026-09-06T10:14:14","slug":"grenoble-cetait-un-bon-pari-a-mistral-un-nouvel-espace-pour-des-moments-entre-enfants-et-parents","status":"publish","type":"post","link":"https:\/\/www.europesays.com\/fr\/1170656\/","title":{"rendered":"Grenoble. \u00ab\u00a0C\u2019\u00e9tait un bon pari\u00a0\u00bb\u00a0: \u00e0 Mistral, un nouvel espace pour des moments entre enfants et parents"},"content":{"rendered":"<p>Toboggan, d\u00eenette, coussins, jeux d\u2019\u00e9veil, les enfants ne peuvent que s\u2019y plaire dans cet espace. Au c\u0153ur du quartier Mistral \u00e0 Grenoble, le lieu d\u2019accueil pour enfants et parents (LAEP) a ouvert le 15\u00a0juin dernier \u00e0 la place d\u2019une ancienne salle polyvalente \u00e0 proximit\u00e9 du club de football. Cet espace offre des moments privil\u00e9gi\u00e9s entre les parents et leurs enfants. Des instants importants pour la parentalit\u00e9 et pour le d\u00e9veloppement de l\u2019enfant. Un espace qui manquait dans le secteur.<\/p>\n<p>Charlotte d\u00e9couvre le lieu avec sa fille, Alo\u00efse, deux ans et demi. Elle y remettra assur\u00e9ment les pieds les prochains mois, un nouveau b\u00e9b\u00e9 arrive bient\u00f4t. Le LAEP est ouvert presque tous les jours, elle appr\u00e9cie l\u2019amplitude horaire. \u00ab\u00a0Je trouve&#8230;<\/p>\n","protected":false},"excerpt":{"rendered":"Toboggan, d\u00eenette, coussins, jeux d\u2019\u00e9veil, les enfants ne peuvent que s\u2019y plaire dans cet espace. Au c\u0153ur du&hellip;\n","protected":false},"author":2,"featured_media":1170657,"comment_status":"","ping_status":"","sticky":false,"template":"","format":"standard","meta":{"footnotes":"","_share_on_mastodon":"0"},"categories":[9566],"tags":[1111,11,2430,112,1057,1777,674,1011,27,2731,2732,108,12,25,71,104,1631],"class_list":["post-1170656","post","type-post","status-publish","format-standard","has-post-thumbnail","category-grenoble","tag-actu","tag-actualites","tag-auvergne-rhone-alpes","tag-edition-grenoble-agglomeration","tag-education","tag-eu","tag-europe","tag-fr","tag-france","tag-grenoble","tag-grenoble-bassin","tag-isere","tag-news","tag-republique-francaise","tag-sante","tag-societe","tag-vie-associative"],"share_on_mastodon":{"url":"https:\/\/pubeurope.com\/@fr\/117223572529340883","error":""},"_links":{"self":[{"href":"https:\/\/www.europesays.com\/fr\/wp-json\/wp\/v2\/posts\/1170656","targetHints":{"allow":["GET"]}}],"collection":[{"href":"https:\/\/www.europesays.com\/fr\/wp-json\/wp\/v2\/posts"}],"about":[{"href":"https:\/\/www.europesays.com\/fr\/wp-json\/wp\/v2\/types\/post"}],"author":[{"embeddable":true,"href":"https:\/\/www.europesays.com\/fr\/wp-json\/wp\/v2\/users\/2"}],"replies":[{"embeddable":true,"href":"https:\/\/www.europesays.com\/fr\/wp-json\/wp\/v2\/comments?post=1170656"}],"version-history":[{"count":0,"href":"https:\/\/www.europesays.com\/fr\/wp-json\/wp\/v2\/posts\/1170656\/revisions"}],"wp:featuredmedia":[{"embeddable":true,"href":"https:\/\/www.europesays.com\/fr\/wp-json\/wp\/v2\/media\/1170657"}],"wp:attachment":[{"href":"https:\/\/www.europesays.com\/fr\/wp-json\/wp\/v2\/media?parent=1170656"}],"wp:term":[{"taxonomy":"category","embeddable":true,"href":"https:\/\/www.europesays.com\/fr\/wp-json\/wp\/v2\/categories?post=1170656"},{"taxonomy":"post_tag","embeddable":true,"href":"https:\/\/www.europesays.com\/fr\/wp-json\/wp\/v2\/tags?post=1170656"}],"curies":[{"name":"wp","href":"https:\/\/api.w.org\/{rel}","templated":true}]}}