{"id":1170658,"date":"2026-09-06T10:15:13","date_gmt":"2026-09-06T10:15:13","guid":{"rendered":"https:\/\/www.europesays.com\/fr\/1170658\/"},"modified":"2026-09-06T10:15:13","modified_gmt":"2026-09-06T10:15:13","slug":"metropole-de-grenoble-tu-ne-las-pas-celle-la-le-grand-mercato-des-vignettes-panini-a-fait-le-plein","status":"publish","type":"post","link":"https:\/\/www.europesays.com\/fr\/1170658\/","title":{"rendered":"M\u00e9tropole de Grenoble. \u00ab\u00a0Tu ne l\u2019as pas, celle-l\u00e0\u00a0?\u00a0\u00bb\u00a0: le grand mercato des vignettes Panini a fait le plein"},"content":{"rendered":"<p>\u00ab\u00a0Tu ne l\u2019as pas, celle-l\u00e0\u00a0? Je te l\u2019\u00e9change contre la Scotland 10 ou l\u2019Espagne 1\u00a0\u00bb. L\u2019album de la coupe du monde 2026 est \u00e0 peine ouvert que les n\u00e9gociations commencent. Ici, pas de contrats \u00e0 plusieurs millions d\u2019euros, pas de transferts mirobolants ni de coups de fil de derni\u00e8re minute. Ce samedi au Pont-de-Claix, en plein forum des associations, sur le stand du club de foot local, le mercato se fait en petites vignettes autocollantes.<\/p>\n<p>Pas n\u2019importe lesquelles\u00a0: les stickers Panini qui ont berc\u00e9 des g\u00e9n\u00e9rations bien avant les Pokemon. Le principe est aussi simple qu\u2019efficace\u00a0: chacun arrive avec ses doubles soigneusement rang\u00e9s et conserv\u00e9s dans des trousses ou boites, indique les num\u00e9ros qui lui manquent et tente de trouver son bonheur aupr\u00e8s des collectionneurs du jour. Et une r\u00e8gle d\u2019or\u00a0: pas d\u2019argent, que de l\u2019\u00e9change.<\/p>\n<p>\u00ab\u00a0On a fait \u00e7a&#8230;                        <\/p>\n","protected":false},"excerpt":{"rendered":"\u00ab\u00a0Tu ne l\u2019as pas, celle-l\u00e0\u00a0? Je te l\u2019\u00e9change contre la Scotland 10 ou l\u2019Espagne 1\u00a0\u00bb. L\u2019album de la&hellip;\n","protected":false},"author":2,"featured_media":1170659,"comment_status":"","ping_status":"","sticky":false,"template":"","format":"standard","meta":{"footnotes":"","_share_on_mastodon":"0"},"categories":[9566],"tags":[1111,11,2430,1687,113,1777,674,1011,27,2731,108,7000,3294,1985,12,25,104],"class_list":["post-1170658","post","type-post","status-publish","format-standard","has-post-thumbnail","category-grenoble","tag-actu","tag-actualites","tag-auvergne-rhone-alpes","tag-culture-loisirs","tag-edition-gresivaudan-oisans","tag-eu","tag-europe","tag-fr","tag-france","tag-grenoble","tag-isere","tag-lagglomeration","tag-le-pont-de-claix","tag-metropole-de-grenoble","tag-news","tag-republique-francaise","tag-societe"],"share_on_mastodon":{"url":"https:\/\/pubeurope.com\/@fr\/117223576582256363","error":""},"_links":{"self":[{"href":"https:\/\/www.europesays.com\/fr\/wp-json\/wp\/v2\/posts\/1170658","targetHints":{"allow":["GET"]}}],"collection":[{"href":"https:\/\/www.europesays.com\/fr\/wp-json\/wp\/v2\/posts"}],"about":[{"href":"https:\/\/www.europesays.com\/fr\/wp-json\/wp\/v2\/types\/post"}],"author":[{"embeddable":true,"href":"https:\/\/www.europesays.com\/fr\/wp-json\/wp\/v2\/users\/2"}],"replies":[{"embeddable":true,"href":"https:\/\/www.europesays.com\/fr\/wp-json\/wp\/v2\/comments?post=1170658"}],"version-history":[{"count":0,"href":"https:\/\/www.europesays.com\/fr\/wp-json\/wp\/v2\/posts\/1170658\/revisions"}],"wp:featuredmedia":[{"embeddable":true,"href":"https:\/\/www.europesays.com\/fr\/wp-json\/wp\/v2\/media\/1170659"}],"wp:attachment":[{"href":"https:\/\/www.europesays.com\/fr\/wp-json\/wp\/v2\/media?parent=1170658"}],"wp:term":[{"taxonomy":"category","embeddable":true,"href":"https:\/\/www.europesays.com\/fr\/wp-json\/wp\/v2\/categories?post=1170658"},{"taxonomy":"post_tag","embeddable":true,"href":"https:\/\/www.europesays.com\/fr\/wp-json\/wp\/v2\/tags?post=1170658"}],"curies":[{"name":"wp","href":"https:\/\/api.w.org\/{rel}","templated":true}]}}