{"id":1170726,"date":"2026-09-06T11:08:18","date_gmt":"2026-09-06T11:08:18","guid":{"rendered":"https:\/\/www.europesays.com\/fr\/1170726\/"},"modified":"2026-09-06T11:08:18","modified_gmt":"2026-09-06T11:08:18","slug":"le-guidon-chalettois-renforce-son-staff-actualite","status":"publish","type":"post","link":"https:\/\/www.europesays.com\/fr\/1170726\/","title":{"rendered":"Le Guidon Chalettois renforce son staff &#8211; Actualit\u00e9"},"content":{"rendered":"<p dir=\"ltr\">Ancien coureur au <strong><a href=\"https:\/\/www.directvelo.com\/equipe\/40\/guidon-chalettois\" target=\"_blank\" rel=\"noopener nofollow\">Guidon Chalettois<\/a><\/strong> de 2013 \u00e0 2017 et en 2019, Joey Wastiaux a rejoint la direction sportive de l&rsquo;\u00e9quipe depuis ce 1er septembre.<\/p>\n<p dir=\"ltr\">Il en devient l\u2019entra\u00eeneur et \u00e9paule ainsi St\u00e9phane Foucher dans la structure actuellement\u00a0<strong><a href=\"https:\/\/www.directvelo.com\/challenge\/equipe\/dn1\/2026\/9\" target=\"_blank\" rel=\"noopener nofollow\">10e du Challenge DirectVelo French Cyclard<\/a> <\/strong>et 14e de la Coupe de France N1.<\/p>\n<p>En tant que coureur, <strong><a href=\"https:\/\/www.directvelo.com\/coureur\/5147\/joey-wastiaux\" target=\"_blank\" rel=\"noopener nofollow\">Joey Wastiaux<\/a><\/strong> a \u00e9galement \u00e9volu\u00e9 au VC Villefranche Beaujolais, \u00e0 Orl\u00e9ans Loiret Cyclisme, et au VC Luc\u00e9en. Il a \u00e9t\u00e9 directeur sportif de ce dernier club en 2023, conseiller technique du comit\u00e9 du Loiret en 2024 et 2025, et cadre technique du comit\u00e9 Centre-Val de Loire de janvier \u00e0 ao\u00fbt 2026.<\/p>\n","protected":false},"excerpt":{"rendered":"Ancien coureur au Guidon Chalettois de 2013 \u00e0 2017 et en 2019, Joey Wastiaux a rejoint la direction&hellip;\n","protected":false},"author":2,"featured_media":1170727,"comment_status":"","ping_status":"","sticky":false,"template":"","format":"standard","meta":{"footnotes":"","_share_on_mastodon":"0"},"categories":[1411],"tags":[834,828,836,829,837,827,83,826,824,823,1154,207,814,817,815,816,822,821,832,211,839,1011,27,820,818,819,835,831,830,833,838,60,212,208,825],"class_list":["post-1170726","post","type-post","status-publish","format-standard","has-post-thumbnail","category-cyclisme","tag-attaque","tag-belgique","tag-braquet","tag-bretagne","tag-chute","tag-competition","tag-coupe-de-france","tag-coureur","tag-course-cyclisme","tag-course-cycliste","tag-cycling","tag-cyclisme","tag-direct","tag-direct-velo","tag-directvelo","tag-directvelo-com","tag-epreuve","tag-epreuve-cycliste","tag-federation-francaise-de-cyclisme","tag-ffc","tag-flandres","tag-fr","tag-france","tag-live","tag-live-course","tag-live-epreuve","tag-peloton","tag-radio-peloton","tag-radio-tour","tag-ravitaillement","tag-relance","tag-sports","tag-uci","tag-velo","tag-velos"],"share_on_mastodon":{"url":"https:\/\/pubeurope.com\/@fr\/117223785029863884","error":""},"_links":{"self":[{"href":"https:\/\/www.europesays.com\/fr\/wp-json\/wp\/v2\/posts\/1170726","targetHints":{"allow":["GET"]}}],"collection":[{"href":"https:\/\/www.europesays.com\/fr\/wp-json\/wp\/v2\/posts"}],"about":[{"href":"https:\/\/www.europesays.com\/fr\/wp-json\/wp\/v2\/types\/post"}],"author":[{"embeddable":true,"href":"https:\/\/www.europesays.com\/fr\/wp-json\/wp\/v2\/users\/2"}],"replies":[{"embeddable":true,"href":"https:\/\/www.europesays.com\/fr\/wp-json\/wp\/v2\/comments?post=1170726"}],"version-history":[{"count":0,"href":"https:\/\/www.europesays.com\/fr\/wp-json\/wp\/v2\/posts\/1170726\/revisions"}],"wp:featuredmedia":[{"embeddable":true,"href":"https:\/\/www.europesays.com\/fr\/wp-json\/wp\/v2\/media\/1170727"}],"wp:attachment":[{"href":"https:\/\/www.europesays.com\/fr\/wp-json\/wp\/v2\/media?parent=1170726"}],"wp:term":[{"taxonomy":"category","embeddable":true,"href":"https:\/\/www.europesays.com\/fr\/wp-json\/wp\/v2\/categories?post=1170726"},{"taxonomy":"post_tag","embeddable":true,"href":"https:\/\/www.europesays.com\/fr\/wp-json\/wp\/v2\/tags?post=1170726"}],"curies":[{"name":"wp","href":"https:\/\/api.w.org\/{rel}","templated":true}]}}