{"id":1170731,"date":"2026-09-06T11:11:17","date_gmt":"2026-09-06T11:11:17","guid":{"rendered":"https:\/\/www.europesays.com\/fr\/1170731\/"},"modified":"2026-09-06T11:11:17","modified_gmt":"2026-09-06T11:11:17","slug":"eure-mario-fourmy-le-photographe-journaliste-tombe-amoureux-de-franqueville","status":"publish","type":"post","link":"https:\/\/www.europesays.com\/fr\/1170731\/","title":{"rendered":"Eure. Mario Fourmy, le photographe-journaliste tomb\u00e9 amoureux de Franqueville"},"content":{"rendered":"<p>                    Par<br \/>\n        <strong><br \/>\n            <a href=\"https:\/\/actu.fr\/auteur\/journaliste-en\" title=\"Consulter tous les articles de R\u00e9daction Bernay\" rel=\"nofollow noopener\" target=\"_blank\">R\u00e9daction Bernay<\/a><br \/>\n                    <\/strong><\/p>\n<p>        Publi\u00e9 le<\/p>\n<p>            6 sept. 2026 \u00e0 12h00        <\/p>\n<p>Mario Fourmy est install\u00e9 depuis le 1er\u00a0janvier 2026 \u00e0 <a href=\"https:\/\/actu.fr\/normandie\/franqueville_27266\" rel=\"nofollow noopener\" target=\"_blank\">Franqueville<\/a> (Eure). Apr\u00e8s avoir pass\u00e9 des ann\u00e9es en vacances \u00e0 <a href=\"https:\/\/actu.fr\/normandie\/caorches-saint-nicolas_27129\" rel=\"nofollow noopener\" target=\"_blank\">Caorches-Saint-Nicolas<\/a> chez des amis, il a d\u00e9cid\u00e9 de venir s\u2019installer dans la r\u00e9gion. \u00ab Au fil du temps, je suis litt\u00e9ralement <b>tomb\u00e9 amoureux de la vall\u00e9e de la Risle<\/b>, de sa campagne. Quand j\u2019ai d\u00e9cid\u00e9 de faire le grand saut pour venir vivre ici, j\u2019ai choisi cette maison \u00e0 Franqueville \u00bb, nous confie-t-il. <br \/>Voil\u00e0 huit mois qu\u2019il <b>d\u00e9couvre son village<\/b>, Brionne toute proche et les avantages de<b> vivre en pleine campagne<\/b> \u00e0 a peine plus d\u2019une heure en train de la capitale. \u00ab Quand \u00e7a fonctionne ! \u00bb<\/p>\n<p>Le \u00ab\u00a0330e habitant\u00a0\u00bb<\/p>\n<p class=\" wall-content\">\u00ab Je suis le<b> 330e habitant de ce village <\/b>qui compte 132 bo\u00eetes aux lettres. \u00bb Ces chiffres modestes l\u2019amusent beaucoup, lui qui a pass\u00e9 la plus grande partie de sa vie dans des m\u00e9gapoles.<\/p>\n<p class=\" wall-content\">Vivre ici ne lui pose professionnellement aucun probl\u00e8me. \u00ab <b>Photographe-journaliste<\/b>, je travaille avec une agence de presse Abaca Presse, <b>bas\u00e9e \u00e0 Paris<\/b>. Je lui envoie des photos de la vie d\u2019ici, elle les rediffuse. \u00bb<\/p>\n<p class=\" wall-content\">Il se trouve que<b> la vie rurale<\/b>, quotidienne ou exceptionnelle, int\u00e9resse la presse tant nationale qu\u2019internationale en termes d\u2019illustrations. Ce ne sont pas des images tr\u00e8s fr\u00e9quentes.<\/p>\n<p>    <img   decoding=\"async\" loading=\"lazy\" class=\"size-large\" src=\"https:\/\/www.europesays.com\/fr\/wp-content\/uploads\/2026\/09\/3d311915898a641411915898a15411v-960x640.jpg\" alt=\"\u00c9clipse \u00e0 Franqueville.&#10;\" un=\"\" photographe=\"\" professionnel=\"\" n=\"\" pas.=\"\" pour=\"\" l=\"\" je=\"\" suis=\"\" all=\"\" rep=\"\" la=\"\" veille=\"\" mesurer=\"\" le=\"\" moment=\"\" ou=\"\" soleil=\"\" passerait=\"\" devant=\"\" clocher.=\"\" width=\"960\" height=\"640\"\/><br \/>\n    Photo d\u2019\u00e9clipse \u00e0 Franqueville. \u00ab Un photographe professionnel n\u2019improvise pas. Pour l\u2019\u00e9clipse, je suis all\u00e9 rep\u00e9rer la veille, pour mesurer le moment ou le soleil passerait devant le clocher. \u00bb \u00a9Mario FourmyIl s\u2019int\u00e9resse \u00e0 tout<\/p>\n<p class=\" wall-content\">\u00ab Au fil du temps et des saisons, je <b>documente les facettes de l\u2019agriculture<\/b> par exemple, mais aussi des \u00e9v\u00e8nements, comme une grosse man\u0153uvre interd\u00e9partementale sur la <b>s\u00e9curit\u00e9 des incendies de for\u00eat<\/b>, d\u00e9taille le photographe. \u00c7a tombait bien, parce que \u00e7a a \u00e9t\u00e9 le sujet phare de cet \u00e9t\u00e9. Je m\u2019int\u00e9resse de pr\u00e8s \u00e0 tout ce qui peut se d\u00e9rouler ici, et pourrait avoir de l\u2019int\u00e9r\u00eat pour l\u2019agence. \u00bb<\/p>\n<p class=\" wall-content\">Avec son fils, il a particip\u00e9 au <b>nettoyage de la mare<\/b> du village \u00ab et surtout au <b>sauvetage des carassins<\/b>, ces petits poissons qui essayaient de survivre faute d\u2019eau \u00e0 cause de la s\u00e9cheresse. \u00bb \u00ab Il y avait la d\u00e9couverte du biotope, mais \u00e9galement de la coh\u00e9sion des habitants pour entretenir le bien du village. C\u2019est tr\u00e8s symbolique. \u00bb<\/p>\n<p class=\" wall-content\">Il a donc largement de quoi faire professionnellement parlant.<\/p>\n<blockquote class=\"ac-article-quote wall-content\">\n<p>L\u2019inspiration est au quotidien. Je regarde ce qui se passe, et en mesure l\u2019int\u00e9r\u00eat, je me d\u00e9place, comme pour le d\u00e9raillement de train du c\u00f4t\u00e9 de Carentan en janvier dernier. Je me suis dit que c\u2019\u00e9tait r\u00e9v\u00e9lateur d\u2019un probl\u00e8me global de la SNCF : la v\u00e9tust\u00e9 des lignes.<\/p>\n<p>Mario Fourmy, photographe<\/p><\/blockquote>\n<p>Montrer les \u00ab\u00a0d\u00e9faillances du syst\u00e8me\u00a0\u00bb<\/p>\n<p class=\" wall-content\">Selon lui \u00ab ce sont des signes, entre guillemets locaux, mais qui, ramen\u00e9s \u00e0 la notion du national, sont une <b>d\u00e9faillance du syst\u00e8me<\/b>. Donc il faut en parler et il faut le montrer. \u00bb<\/p>\n<p class=\" wall-content\">Apr\u00e8s avoir \u00e9t\u00e9 sur les<b> incendies des deux scieries<\/b>, il a constat\u00e9 qu\u2019ici, en p\u00e9riode de <b>s\u00e9cheresse<\/b>, le feu s\u2019\u00e9tend \u00e0 une vitesse affolante. \u00ab L\u2019herbe s\u00e8che est pire que de l\u2019amadou. Un camion de pompier a br\u00fbl\u00e9 ! Il n\u2019a pas pu \u00eatre d\u00e9gag\u00e9 assez vite. \u00bb<\/p>\n<p>    <img   decoding=\"async\" loading=\"lazy\" class=\"size-large\" src=\"https:\/\/www.europesays.com\/fr\/wp-content\/uploads\/2026\/09\/fa26d815898a6fe26d815898ac236dv-960x640.jpg\" alt=\"A Franqueville, sur l'interieur du mur du jardin\" width=\"960\" height=\"640\"\/><br \/>\n    A Franqueville, sur l\u2019interieur du mur du jardin \u00a9CP<\/p>\n<p class=\" wall-content\">La<b> d\u00e9couverte de la nature et du silence<\/b> sont aussi les raisons du bien-\u00eatre manifeste de Mario Fourmy. \u00ab Les <b>oiseaux<\/b>, que j\u2019ai nourris tout l\u2019hiver ont d\u00e9sormais une nouvelle escale de ravitaillement, et moi, je prends un plaisir infini \u00e0 les observer. Quant \u00e0 la qu\u00eate du silence, c\u2019\u00e9tait, pour le citadin que j\u2019\u00e9tais, primordial. \u00bb<\/p>\n<p class=\" wall-content\">Vivre ici n\u2019est donc que du bonus. \u00ab J\u2019ai trouv\u00e9 une<b> vraie qualit\u00e9 de vie<\/b>. J\u2019aurais d\u00fb prendre cette d\u00e9cision plus t\u00f4t ! \u00bb<\/p>\n<p class=\" wall-content\">Mario Fourmy n\u2019est pas venu les mains vides \u00e0 Franqueville. Dans son jardin, il expose une s\u00e9rie de grands formats, 1,50\u00a0m sur 2 tir\u00e9s sur aluminium : \u00ab \u00c7a p\u00e8se 10 kilos ! \u00bb<\/p>\n<p class=\" wall-content\">Une <b>exposition pr\u00e9sent\u00e9e rue de Rivoli<\/b>, au jardin d\u2019acclimatation \u00e0 Paris, \u00e0 Levallois et au Venezuela sous une autre forme. \u00ab C\u2019est une <b>exposition tr\u00e8s p\u00e9dagogique<\/b>, vraiment faite pour que les enfants puissent toucher les photos, elles sont \u00e0 leur hauteur. \u00bb<\/p>\n<p class=\" wall-content\">Ces clich\u00e9s sont actuellement visibles dans le jardin de Mario Fourmy. De plus, un <b>projet est en route <\/b>avec la municipalit\u00e9 de Brionne\u2026 \u00ab C\u2019est\u00a0une affaire \u00e0 suivre ! \u00bb<\/p>\n<p>Happy Culture, exposition visible au 35 route des Mazeris, 27 800 Franqueville. \u00ab Passez le portail, et regardez sur le mur qui longe la route. \u00bb<\/p>\n<p class=\" wall-content\">Personnalisez votre actualit\u00e9 en ajoutant vos villes et m\u00e9dias en favori avec <a href=\"https:\/\/moncompte.actu.fr\" title=\"D\u00e9couvez Mon Actu\" rel=\"nofollow noopener\" data-trk=\"{&quot;cta&quot;:{&quot;action&quot;:&quot;https:\\\/\\\/moncompte.actu.fr&quot;,&quot;category&quot;:&quot;mon compte&quot;,&quot;from&quot;:&quot;article footer&quot;,&quot;name&quot;:&quot;Mon actu&quot;,&quot;type&quot;:&quot;cta&quot;}}\" target=\"_blank\">Mon Actu<\/a>.<\/p>\n","protected":false},"excerpt":{"rendered":"Par R\u00e9daction Bernay Publi\u00e9 le 6 sept. 2026 \u00e0 12h00 Mario Fourmy est install\u00e9 depuis le 1er\u00a0janvier 2026&hellip;\n","protected":false},"author":2,"featured_media":1170732,"comment_status":"","ping_status":"","sticky":false,"template":"","format":"standard","meta":{"footnotes":"","_share_on_mastodon":"0"},"categories":[1358],"tags":[1348,1384,1385,1386,58,59,1011,27,121270,1652,1756,12817],"class_list":["post-1170731","post","type-post","status-publish","format-standard","has-post-thumbnail","category-arts-et-design","tag-arts","tag-arts-and-design","tag-arts-et-design","tag-design","tag-divertissement","tag-entertainment","tag-fr","tag-france","tag-la-risle","tag-loisirs-culture","tag-photographie","tag-secheresse"],"share_on_mastodon":{"url":"https:\/\/pubeurope.com\/@fr\/117223799205533429","error":""},"_links":{"self":[{"href":"https:\/\/www.europesays.com\/fr\/wp-json\/wp\/v2\/posts\/1170731","targetHints":{"allow":["GET"]}}],"collection":[{"href":"https:\/\/www.europesays.com\/fr\/wp-json\/wp\/v2\/posts"}],"about":[{"href":"https:\/\/www.europesays.com\/fr\/wp-json\/wp\/v2\/types\/post"}],"author":[{"embeddable":true,"href":"https:\/\/www.europesays.com\/fr\/wp-json\/wp\/v2\/users\/2"}],"replies":[{"embeddable":true,"href":"https:\/\/www.europesays.com\/fr\/wp-json\/wp\/v2\/comments?post=1170731"}],"version-history":[{"count":0,"href":"https:\/\/www.europesays.com\/fr\/wp-json\/wp\/v2\/posts\/1170731\/revisions"}],"wp:featuredmedia":[{"embeddable":true,"href":"https:\/\/www.europesays.com\/fr\/wp-json\/wp\/v2\/media\/1170732"}],"wp:attachment":[{"href":"https:\/\/www.europesays.com\/fr\/wp-json\/wp\/v2\/media?parent=1170731"}],"wp:term":[{"taxonomy":"category","embeddable":true,"href":"https:\/\/www.europesays.com\/fr\/wp-json\/wp\/v2\/categories?post=1170731"},{"taxonomy":"post_tag","embeddable":true,"href":"https:\/\/www.europesays.com\/fr\/wp-json\/wp\/v2\/tags?post=1170731"}],"curies":[{"name":"wp","href":"https:\/\/api.w.org\/{rel}","templated":true}]}}