{"id":1170767,"date":"2026-09-06T11:41:16","date_gmt":"2026-09-06T11:41:16","guid":{"rendered":"https:\/\/www.europesays.com\/fr\/1170767\/"},"modified":"2026-09-06T11:41:16","modified_gmt":"2026-09-06T11:41:16","slug":"cette-distillerie-de-lagglo-de-rouen-va-demenager-dans-une-ancienne-ferme-qui-sera-ouverte-au-public","status":"publish","type":"post","link":"https:\/\/www.europesays.com\/fr\/1170767\/","title":{"rendered":"Cette distillerie de l&rsquo;agglo de Rouen va d\u00e9m\u00e9nager dans une ancienne ferme qui sera ouverte au public"},"content":{"rendered":"<p>                    Par<br \/>\n        <strong><br \/>\n            <a href=\"https:\/\/actu.fr\/auteur\/laredaction\" title=\"Consulter tous les articles de R\u00e9daction Normandie\" rel=\"nofollow noopener\" target=\"_blank\">R\u00e9daction Normandie<\/a><br \/>\n                    <\/strong><\/p>\n<p>        Publi\u00e9 le<\/p>\n<p>            6 sept. 2026 \u00e0 11h48        <\/p>\n<p>En 2019, Julien Sevestre a fond\u00e9 <a href=\"https:\/\/actu.fr\/normandie\/rouen_76540\/a-cote-de-rouen-julien-produit-du-rhum-du-gin-et-bientot-du-whisky_50340472.html\" rel=\"nofollow noopener\" target=\"_blank\">la distillerie Franc-Tireur<\/a> dans un hangar situ\u00e9 dans la zone industrielle de <a href=\"https:\/\/actu.fr\/normandie\/franqueville-saint-pierre_76475\" rel=\"nofollow noopener\" target=\"_blank\">Franqueville-Saint-Pierre<\/a>. <strong>Le premier gin de la marque a \u00e9t\u00e9 lanc\u00e9 en 2020.<\/strong> Sp\u00e9cialis\u00e9e dans les spiritueux biologiques et artisanaux, l\u2019entreprise s\u2019est d\u00e9velopp\u00e9e avec l\u2019arriv\u00e9e d\u2019\u00c9lodie Barbier-Sevestre, l\u2019\u00e9pouse de Julien. Ensemble,<strong> ils ont \u00e9largi leur gamme de produits<\/strong>, comprenant gins, rhums, rhums arrang\u00e9s, whiskys, pastis et liqueurs, tous \u00e0 consommer avec mod\u00e9ration. Ces produits, distribu\u00e9s via des caves, \u00e9piceries, bars et restaurants, ont contribu\u00e9 \u00e0 la notori\u00e9t\u00e9 de la marque aupr\u00e8s des amateurs. Cependant, les locaux actuels de la distillerie, situ\u00e9s dans un hangar aux parois m\u00e9talliques,<strong> sont devenus trop exigus.<\/strong> Le couple a ainsi acquis une ancienne ferme \u00e0 <a href=\"https:\/\/actu.fr\/normandie\/boos_76116\" rel=\"nofollow noopener\" target=\"_blank\">Boos<\/a> et a entam\u00e9 des travaux de r\u00e9novation en juillet.<\/p>\n<p>La distillerie s\u2019installe \u00e0 la ferme<\/p>\n<p class=\" wall-content\">La ferme, compos\u00e9e de trois b\u00e2timents et de plus d\u2019un hectare de terrain, fait l\u2019objet d\u2019un ambitieux <strong>projet de restauration et de modernisation<\/strong>. Julien Sevestre explique : \u00ab\u00a0Le b\u00e2timent le plus ancien, datant de 1787, accueillera le chai. Sur<strong> une surface trois fois plus grande<\/strong> que celle que nous utilisons aujourd\u2019hui, nous y stockerons nos f\u00fbts de ch\u00eane pour le vieillissement des whiskys, rhums et gins. L\u2019\u00e9paisseur des murs en briques et silex offrira une bonne hygrom\u00e9trie et une fra\u00eecheur id\u00e9ale pour les spiritueux.\u00a0\u00bb<\/p>\n<p class=\" wall-content\">Le second b\u00e2timent sera am\u00e9nag\u00e9 en lieu de production et abritera l\u2019alambic en cuivre fabriqu\u00e9 dans le P\u00e9rigord. Ce b\u00e2timent, ancienne \u00e9table, conserve sur un de ses murs une inscription r\u00e9alis\u00e9e par des soldats canadiens lors de la Lib\u00e9ration de la commune. Le troisi\u00e8me b\u00e2timent sera d\u00e9di\u00e9 <strong>au caveau de d\u00e9gustation<\/strong>, tandis que l\u2019\u00e9tage accueillera les services administratifs. Selon le distillateur, ce projet permettra de \u00ab\u00a0p\u00e9renniser notre entreprise. De la rendre ind\u00e9pendante et r\u00e9siliente\u00a0\u00bb.\u00a0<\/p>\n<p>Des fruits et du public<\/p>\n<p class=\" wall-content\">Le terrain jouera \u00e9galement un r\u00f4le central dans l\u2019autonomie recherch\u00e9e par le couple. Julien Sevestre d\u00e9taille : \u00ab\u00a0Nous allons<strong> planter des arbres fruitiers<\/strong>, ce qui ouvrira une nouvelle page dans notre production. Actuellement, nous achetons nos mati\u00e8res premi\u00e8res \u00e0 l\u2019ext\u00e9rieur. Nous continuerons de nous approvisionner en c\u00e9r\u00e9ales <a href=\"https:\/\/actu.fr\/normandie\/claville-motteville_76177\/des-methodes-anciennes-pour-maintenir-la-biodiversite-cultivee_63050318.html\" rel=\"nofollow noopener\" target=\"_blank\">chez Triticum<\/a> et en malt chez Malt Normandie \u00e0 Bayeux, mais avec ces arbres, nous disposerons de fruits pour concevoir de nouvelles recettes, notamment pour les rhums arrang\u00e9s ou l\u2019alcool d\u2019eau de vie de pommes\u00a0\u00bb.<\/p>\n<p>Authenticit\u00e9 normande<\/p>\n<p class=\" wall-content\">Par ailleurs, l\u2019ouverture au public est aussi pr\u00e9vue : \u00ab\u00a0Chaque b\u00e2timent permettra de d\u00e9couvrir la distillerie<strong> \u00e0 travers des baies vitr\u00e9es<\/strong>. Nous avons d\u00e9j\u00e0 une forte demande de la part de personnes souhaitant visiter un lieu atypique\u00a0\u00bb, pr\u00e9cise \u00c9lodie Barbier-Sevestre.<\/p>\n<p class=\" wall-content\">Le couple insiste sur leur volont\u00e9 de pr\u00e9server le patrimoine local : \u00ab\u00a0Nous ajoutons une image \u00e0 la distillerie et une identit\u00e9 \u00e0 notre activit\u00e9. Nous sommes fiers de participer \u00e0 la conservation de ce patrimoine gr\u00e2ce au travail d\u2019un bureau d\u2019\u00e9tudes, d\u2019un architecte et d\u2019artisans comp\u00e9tents. Cela apportera une v\u00e9ritable authenticit\u00e9 normande \u00e0 Franc-Tireur, bien au-del\u00e0 d\u2019un simple coup marketing\u00a0\u00bb.<\/p>\n<p class=\" wall-content\">L\u2019emm\u00e9nagement dans les nouveaux locaux est pr\u00e9vu <strong>pour janvier 2027<\/strong>, avec une ouverture au public programm\u00e9e pour le printemps suivant.<\/p>\n<p>Site : www.distillerie-franc-tireur.com<\/p>\n<p>Suivez l\u2019actualit\u00e9 de Rouen <a href=\"https:\/\/www.whatsapp.com\/channel\/0029VaKfnf99hXF2ddApFB1D\" rel=\"nofollow noopener\" target=\"_blank\">sur notre cha\u00eene WhatsApp<\/a> et <a href=\"https:\/\/www.tiktok.com\/@76actu.fr?lang=fr\" rel=\"nofollow noopener\" target=\"_blank\">sur notre compte TikTok<\/a><\/p>\n<p class=\" wall-content\">Personnalisez votre actualit\u00e9 en ajoutant vos villes et m\u00e9dias en favori avec <a href=\"https:\/\/moncompte.actu.fr\" title=\"D\u00e9couvez Mon Actu\" rel=\"nofollow noopener\" data-trk=\"{&quot;cta&quot;:{&quot;action&quot;:&quot;https:\\\/\\\/moncompte.actu.fr&quot;,&quot;category&quot;:&quot;mon compte&quot;,&quot;from&quot;:&quot;article footer&quot;,&quot;name&quot;:&quot;Mon actu&quot;,&quot;type&quot;:&quot;cta&quot;}}\" target=\"_blank\">Mon Actu<\/a>.<\/p>\n<p>                    <script async src=\"\/\/www.tiktok.com\/embed.js\"><\/script><\/p>\n","protected":false},"excerpt":{"rendered":"Par R\u00e9daction Normandie Publi\u00e9 le 6 sept. 2026 \u00e0 11h48 En 2019, Julien Sevestre a fond\u00e9 la distillerie&hellip;\n","protected":false},"author":2,"featured_media":1170768,"comment_status":"","ping_status":"","sticky":false,"template":"","format":"standard","meta":{"footnotes":"","_share_on_mastodon":"0"},"categories":[9587],"tags":[1111,11,5702,1477,33,1777,674,1011,27,12,5161,25,9590],"class_list":["post-1170767","post","type-post","status-publish","format-standard","has-post-thumbnail","category-rouen","tag-actu","tag-actualites","tag-alcool","tag-artisanat","tag-economie","tag-eu","tag-europe","tag-fr","tag-france","tag-news","tag-normandie","tag-republique-francaise","tag-rouen"],"share_on_mastodon":{"url":"https:\/\/pubeurope.com\/@fr\/117223914796622143","error":""},"_links":{"self":[{"href":"https:\/\/www.europesays.com\/fr\/wp-json\/wp\/v2\/posts\/1170767","targetHints":{"allow":["GET"]}}],"collection":[{"href":"https:\/\/www.europesays.com\/fr\/wp-json\/wp\/v2\/posts"}],"about":[{"href":"https:\/\/www.europesays.com\/fr\/wp-json\/wp\/v2\/types\/post"}],"author":[{"embeddable":true,"href":"https:\/\/www.europesays.com\/fr\/wp-json\/wp\/v2\/users\/2"}],"replies":[{"embeddable":true,"href":"https:\/\/www.europesays.com\/fr\/wp-json\/wp\/v2\/comments?post=1170767"}],"version-history":[{"count":0,"href":"https:\/\/www.europesays.com\/fr\/wp-json\/wp\/v2\/posts\/1170767\/revisions"}],"wp:featuredmedia":[{"embeddable":true,"href":"https:\/\/www.europesays.com\/fr\/wp-json\/wp\/v2\/media\/1170768"}],"wp:attachment":[{"href":"https:\/\/www.europesays.com\/fr\/wp-json\/wp\/v2\/media?parent=1170767"}],"wp:term":[{"taxonomy":"category","embeddable":true,"href":"https:\/\/www.europesays.com\/fr\/wp-json\/wp\/v2\/categories?post=1170767"},{"taxonomy":"post_tag","embeddable":true,"href":"https:\/\/www.europesays.com\/fr\/wp-json\/wp\/v2\/tags?post=1170767"}],"curies":[{"name":"wp","href":"https:\/\/api.w.org\/{rel}","templated":true}]}}