{"id":1170769,"date":"2026-09-06T11:42:24","date_gmt":"2026-09-06T11:42:24","guid":{"rendered":"https:\/\/www.europesays.com\/fr\/1170769\/"},"modified":"2026-09-06T11:42:24","modified_gmt":"2026-09-06T11:42:24","slug":"retour-sur-une-79e-course-cycliste-rouen-gisors-tres-mouvementee","status":"publish","type":"post","link":"https:\/\/www.europesays.com\/fr\/1170769\/","title":{"rendered":"Retour sur une 79e course cycliste Rouen-Gisors tr\u00e8s mouvement\u00e9e"},"content":{"rendered":"<p>                    Par<br \/>\n        <strong><br \/>\n            <a href=\"https:\/\/actu.fr\/auteur\/redaction-impartial\" title=\"Consulter tous les articles de R\u00e9daction L&#039;Impartial\" rel=\"nofollow noopener\" target=\"_blank\">R\u00e9daction L&rsquo;Impartial<\/a><br \/>\n                    <\/strong><\/p>\n<p>        Publi\u00e9 le<\/p>\n<p>            6 sept. 2026 \u00e0 11h46        <\/p>\n<p>Nouveau d\u00e9part, nouveau trac\u00e9 et nouvelles difficult\u00e9s.<\/p>\n<p class=\" wall-content\">Les 134 coureurs qui s\u2019\u00e9lan\u00e7aient pour la premi\u00e8re fois des <a href=\"https:\/\/actu.fr\/normandie\/les-andelys_27016\" rel=\"nofollow noopener\" target=\"_blank\">Andelys<\/a> (<a href=\"https:\/\/actu.fr\/l-impartial\/\" rel=\"nofollow noopener\" target=\"_blank\">Eure<\/a>) dimanche 30\u00a0ao\u00fbt 2026 \u00e0 l\u2019occasion de la 79e course cycliste Rouen-Gisors ont d\u00fb braver les \u00e9preuves pour rallier \u00e0 114\u00a0km de distance la ligne d\u2019arriv\u00e9e, rue de Vienne \u00e0 <a href=\"https:\/\/actu.fr\/normandie\/gisors_27284\" rel=\"nofollow noopener\" target=\"_blank\">Gisors<\/a>.<\/p>\n<p class=\" wall-content\">Elle sera franchie avec 50\u00a0minutes de retard en raison d\u2019une chute collective, intervenue \u00e0 3\u00a0km seulement du d\u00e9part r\u00e9el donn\u00e9 apr\u00e8s le passage du sommet de la c\u00f4te de Fresne-l\u2019Archev\u00eaque.<\/p>\n<p>40 cyclistes \u00e0 terre, 11 bless\u00e9s<\/p>\n<p class=\" wall-content\">\u00c0 la sortie d\u2019\u00c9couis, les conditions sont r\u00e9unies pour que les coureurs encore en peloton, et roulant tr\u00e8s pr\u00e8s les uns des autres, d\u00e9marrent sur un bon rythme.<\/p>\n<p class=\" wall-content\">Vent dans le dos, sur une route (RD2) d\u00e9gag\u00e9e et large, ils roulent \u00e0 une moyenne de 75\u00a0km\/h lorsque l\u2019un des coureurs fait un \u00e9cart qui entra\u00eene la chute au sol d\u2019une quarantaine de concurrents.<\/p>\n<p>Vid\u00e9os : en ce moment sur Actu<\/p>\n<blockquote class=\"ac-article-quote wall-content\">\n<p>\u00ab\u2009Nous \u00e9tions encore au d\u00e9but de l\u2019\u00e9preuve. Ils \u00e9taient tous encore tr\u00e8s nerveux, c\u2019\u00e9tait palpable\u2009\u00bb.<\/p>\n<p>Pascal Cambour, patron de la course<\/p><\/blockquote>\n<p class=\" wall-content\">Bilan\u2009: 11 coureurs sont bless\u00e9s, et l\u2019int\u00e9gralit\u00e9 des quatre voitures m\u00e9dicales et de leurs \u00e9quipes est mobilis\u00e9e pour leur porter secours (lire l\u2019article en page\u00a07).<\/p>\n<p class=\" wall-content\">La course est interrompue le temps des soins.<\/p>\n<blockquote class=\"ac-article-quote wall-content\">\n<p>\u00ab\u2009Nous ne pouvions poursuivre, sans disposer des \u00e9quipes m\u00e9dicales au cas o\u00f9 se produirait un autre accident\u2009\u00bb.<\/p>\n<p>Pascal Cambour<\/p><\/blockquote>\n<p class=\" wall-content\">Un nouveau d\u00e9part est donn\u00e9 50\u00a0minutes plus tard.<\/p>\n<blockquote class=\"ac-article-quote wall-content\">\n<p>\u00ab\u2009Cette fois nous avons fait le choix de donner le d\u00e9part au pied de la c\u00f4te de Lisors et non au sommet, pour ne pas risquer une nouvelle chute due \u00e0 la nervosit\u00e9 et \u00e0 la vitesse\u2009\u00bb.<\/p>\n<\/blockquote>\n<p>    <img   decoding=\"async\" loading=\"lazy\" class=\"size-large\" src=\"https:\/\/www.europesays.com\/fr\/wp-content\/uploads\/2026\/09\/b31ec9fba49a6f71ec9fba49adb1ecv-960x640.jpg\" alt=\"Une premi\u00e8re boucle avant l'arriv\u00e9e a donn\u00e9 le ton sur l'intensit\u00e9 de la course\" width=\"960\" height=\"640\"\/><br \/>\n    Le premier passage \u00e0 Gisors avant l\u2019arriv\u00e9e a donn\u00e9 le ton sur l\u2019intensit\u00e9 de la course. \u00a9L\u2019ImpartialNombreuses attaques<\/p>\n<p class=\" wall-content\">La course reprend avec intensit\u00e9, avec de tr\u00e8s nombreuses attaques, toutes avort\u00e9es.<\/p>\n<p class=\" wall-content\">Il faudra attendre le deuxi\u00e8me passage dans la commune de La Neuve-Grange pour que Benjamin Couppey (Entente cycliste quevillaise), Quentin Bouleux (USSA Pavilly Barentin) et Solal Benetiere (Paris cycliste olympique) d\u00e9cident de fausser compagnie au peloton. Ils ne seront jamais rattrap\u00e9s avec un \u00e9cart qui atteindra au plus fort de l\u2019\u00e9preuve pr\u00e8s d\u2019une minute et trente secondes sur les poursuivants.<\/p>\n<p class=\" wall-content\">De son c\u00f4t\u00e9, le peloton se scinde en deux groupes dans la deuxi\u00e8me moiti\u00e9 de la course. \u00c0 hauteur de B\u00e9zu-Saint-\u00c9loi, dans un dernier effort proche de l\u2019arriv\u00e9e, les hommes qui composent le premier groupe tentent courageusement de r\u00e9duire l\u2019\u00e9cart.<\/p>\n<blockquote class=\"ac-article-quote wall-content\">\n<p>\u00ab\u2009L\u2019\u00e9cart ne cessait de se r\u00e9duire avec les hommes qui composaient l\u2019\u00e9chapp\u00e9e, \u00e0 tel point que nous avons cru qu\u2019ils seraient rattrap\u00e9s avant l\u2019arriv\u00e9e\u2009\u00bb.<\/p>\n<\/blockquote>\n<p class=\" wall-content\">Mais l\u2019attaque est trop tardive.<\/p>\n<p>    <img   decoding=\"async\" loading=\"lazy\" class=\"size-large\" src=\"https:\/\/www.europesays.com\/fr\/wp-content\/uploads\/2026\/09\/f407613ea49a6e807613ea49abc076v-960x640.jpg\" alt=\"Le Podium avec au centre Benjamin Couppey 1er, (\u00e0 droite )Solal Benetiere 3 eme, (\u00e0 gauche) Quentin Bouleux 2 eme.\" width=\"960\" height=\"640\"\/><br \/>\n    Le podium avec au centre Benjamin Couppey 1er, (\u00e0 droite) Solal Benetiere 3e, (\u00e0 gauche) Quentin Bouleux 2e. \u00a9L\u2019ImpartialUn trio de t\u00eate sur les pav\u00e9s glissants<\/p>\n<p class=\" wall-content\">Ils sont trois \u00e0 se pr\u00e9senter, apr\u00e8s deux virages \u00e0 angle droit pass\u00e9s \u00e0 allure mod\u00e9r\u00e9e, au bas de la rue pav\u00e9e de Vienne \u00e0 Gisors.<\/p>\n<p class=\" wall-content\">Depuis quinze minutes, la pluie s\u2019est invit\u00e9e \u00e0 l\u2019\u00e9preuve et les coureurs doivent redoubler de vigilance pour ne pas chuter dans les derniers m\u00e8tres sur les pav\u00e9s glissants.<\/p>\n<p class=\" wall-content\">\u00c0 un kilom\u00e8tre et demi du terme, Benjamin Couppey a plac\u00e9 une attaque d\u00e9cisive pour devancer ses compagnons d\u2019\u00e9chapp\u00e9e.<\/p>\n<p class=\" wall-content\">Cette inspiration a permis au coureur de l\u2019EC Quevillaise de franchir la ligne d\u2019arriv\u00e9e en solitaire.<\/p>\n<p class=\" wall-content\">Il pr\u00e9c\u00e8de Quentin Bouleux de 6 secondes et Solal Benetiere de 9 secondes.<\/p>\n<p class=\" wall-content\">Le co\u00e9quipier du vainqueur, Axel Bacle, prend la quatri\u00e8me place, tandis que Serkan Olgun, vainqueur des deux \u00e9ditions pr\u00e9c\u00e9dentes, termine en cinqui\u00e8me position.<\/p>\n<p>    <img   decoding=\"async\" loading=\"lazy\" class=\"size-large\" src=\"https:\/\/www.europesays.com\/fr\/wp-content\/uploads\/2026\/09\/9b0deb6da49a6af0deb6da49a931dev-960x640.jpg\" alt=\"Benjamin Couppey, vainqueur de l'\u00e9preuve a donn\u00e9 ses premi\u00e8res impressions au journal l'Impartial\" width=\"960\" height=\"640\"\/><br \/>\n    Benjamin Couppey, vainqueur de l\u2019\u00e9preuve, quelques minutes apr\u00e8s son passage sur la ligne d\u2019arriv\u00e9e. \u00a9L\u2019ImpartialPremi\u00e8re victoire de Benjamin Couppey<\/p>\n<blockquote class=\"ac-article-quote wall-content\">\n<p>\u00ab\u2009Je suis vraiment tr\u00e8s heureux de cette victoire pour ma course de reprise apr\u00e8s cinq semaines sans comp\u00e9tition. Je savais que je n\u2019avais pas mes chances lors d\u2019un sprint massif, alors j\u2019ai tent\u00e9 ma chance \u00e0 un kilom\u00e8tre et demi du but. Les autres ont h\u00e9sit\u00e9 un instant et j\u2019en ai profit\u00e9 pour filer vers la ligne d\u2019arriv\u00e9e\u2009\u00bb.<\/p>\n<\/blockquote>\n<p class=\" wall-content\">\u00c0 l\u2019heure de remettre les coupes en pr\u00e9sence du maire de Gisors Jos\u00e9 Cerqueira et de dresser le bilan de la course, Pascal Cambour se r\u00e9jouissait de l\u2019engouement constat\u00e9 aux abords de la course.<\/p>\n<p>Une vraie f\u00eate du v\u00e9lo<\/p>\n<blockquote class=\"ac-article-quote wall-content\">\n<p>\u00ab\u2009Elle a donn\u00e9 lieu \u00e0 plusieurs \u00e9v\u00e9nements festifs dans les villages notamment \u00e0 Doudeauville-en-Vexin, ou encore avec l\u2019\u00e9quipe du comit\u00e9 des f\u00eates de Lyons-la-For\u00eat ou Martagny avec la cl\u00f4ture du festival photo. Par ailleurs, nous avons eu une quarantaine de b\u00e9n\u00e9voles suppl\u00e9mentaires fournis par les municipalit\u00e9s comme celles de Sancourt ou Dangu pour la premi\u00e8re fois, ce qui a port\u00e9 \u00e0 140 le nombre total de b\u00e9n\u00e9voles. Cela permet de s\u00e9curiser encore mieux les petites routes aux extr\u00e9mit\u00e9s de la course\u2009\u00bb.<\/p>\n<p>Pascal Cambour<\/p><\/blockquote>\n<p>La 80e \u00e9dition d\u00e9j\u00e0 dans le viseur<\/p>\n<p class=\" wall-content\">Les organisateurs se penchent d\u00e9j\u00e0 sur le trac\u00e9 de la 80e \u00e9dition anniversaire avec un d\u00e9part qui devrait de nouveau \u00eatre donn\u00e9 aux Andelys, et un espoir\u2009:<\/p>\n<blockquote class=\"ac-article-quote wall-content\">\n<p>\u00ab\u2009Voir les coureurs gravir la c\u00f4te des Deux Amants et serpenter le long de la Seine \u00e0 hauteur de Muids\u2009\u00bb.<\/p>\n<\/blockquote>\n<p class=\" wall-content\">Tous esp\u00e8rent d\u00e9sormais retrouver l\u2019an prochain la foule des spectateurs au bord des routes \u2013 certains ayant d\u00fb tourner les talons dimanche ne voyant pas arriver les coureurs suite au retard subi \u2013 pour une course en ligne qui attire toujours plus de participants.<\/p>\n<p class=\" wall-content\">Personnalisez votre actualit\u00e9 en ajoutant vos villes et m\u00e9dias en favori avec <a href=\"https:\/\/moncompte.actu.fr\" title=\"D\u00e9couvez Mon Actu\" rel=\"nofollow noopener\" data-trk=\"{&quot;cta&quot;:{&quot;action&quot;:&quot;https:\\\/\\\/moncompte.actu.fr&quot;,&quot;category&quot;:&quot;mon compte&quot;,&quot;from&quot;:&quot;article footer&quot;,&quot;name&quot;:&quot;Mon actu&quot;,&quot;type&quot;:&quot;cta&quot;}}\" target=\"_blank\">Mon Actu<\/a>.<\/p>\n","protected":false},"excerpt":{"rendered":"Par R\u00e9daction L&rsquo;Impartial Publi\u00e9 le 6 sept. 2026 \u00e0 11h46 Nouveau d\u00e9part, nouveau trac\u00e9 et nouvelles difficult\u00e9s. Les&hellip;\n","protected":false},"author":2,"featured_media":1170770,"comment_status":"","ping_status":"","sticky":false,"template":"","format":"standard","meta":{"footnotes":"","_share_on_mastodon":"0"},"categories":[9587],"tags":[1111,11,1777,674,1011,27,36285,12,5161,25,9590,60,208],"class_list":["post-1170769","post","type-post","status-publish","format-standard","has-post-thumbnail","category-rouen","tag-actu","tag-actualites","tag-eu","tag-europe","tag-fr","tag-france","tag-le-vexin-normand","tag-news","tag-normandie","tag-republique-francaise","tag-rouen","tag-sports","tag-velo"],"share_on_mastodon":{"url":"https:\/\/pubeurope.com\/@fr\/117223920642456812","error":""},"_links":{"self":[{"href":"https:\/\/www.europesays.com\/fr\/wp-json\/wp\/v2\/posts\/1170769","targetHints":{"allow":["GET"]}}],"collection":[{"href":"https:\/\/www.europesays.com\/fr\/wp-json\/wp\/v2\/posts"}],"about":[{"href":"https:\/\/www.europesays.com\/fr\/wp-json\/wp\/v2\/types\/post"}],"author":[{"embeddable":true,"href":"https:\/\/www.europesays.com\/fr\/wp-json\/wp\/v2\/users\/2"}],"replies":[{"embeddable":true,"href":"https:\/\/www.europesays.com\/fr\/wp-json\/wp\/v2\/comments?post=1170769"}],"version-history":[{"count":0,"href":"https:\/\/www.europesays.com\/fr\/wp-json\/wp\/v2\/posts\/1170769\/revisions"}],"wp:featuredmedia":[{"embeddable":true,"href":"https:\/\/www.europesays.com\/fr\/wp-json\/wp\/v2\/media\/1170770"}],"wp:attachment":[{"href":"https:\/\/www.europesays.com\/fr\/wp-json\/wp\/v2\/media?parent=1170769"}],"wp:term":[{"taxonomy":"category","embeddable":true,"href":"https:\/\/www.europesays.com\/fr\/wp-json\/wp\/v2\/categories?post=1170769"},{"taxonomy":"post_tag","embeddable":true,"href":"https:\/\/www.europesays.com\/fr\/wp-json\/wp\/v2\/tags?post=1170769"}],"curies":[{"name":"wp","href":"https:\/\/api.w.org\/{rel}","templated":true}]}}