{"id":117078,"date":"2025-05-21T14:34:08","date_gmt":"2025-05-21T14:34:08","guid":{"rendered":"https:\/\/www.europesays.com\/fr\/117078\/"},"modified":"2025-05-21T14:34:08","modified_gmt":"2025-05-21T14:34:08","slug":"la-france-et-lallemagne-poussent-lagenda-probusiness-et-antivert-en-europe","status":"publish","type":"post","link":"https:\/\/www.europesays.com\/fr\/117078\/","title":{"rendered":"La France et l\u2019Allemagne poussent l\u2019agenda probusiness et antivert en Europe"},"content":{"rendered":"\n<p>L\u2019objectif est simple, mais il est cach\u00e9 derri\u00e8re l\u2019un des plus beaux acronymes que peut porter une directive europ\u00e9enne\u00a0: \u201cCS3D\u201d, pour \u201cCorporate Sustainability Due Diligence Directive\u201d, ou \u201cdevoir de vigilance\u201d en fran\u00e7ais. Adopt\u00e9e il y a un an, le 24\u00a0mai 2024, cette directive oblige les entreprises et leurs partenaires en amont (approvisionnement) et en aval (distribution) \u00e0 se pr\u00e9occuper davantage de leur impact environnemental et social.<\/p>\n<p>Le texte, qui avait fortement cliv\u00e9 patronat et syndicat est revenu dans l\u2019actualit\u00e9 lundi 19\u00a0mai. Au sommet Choose France qui se tenait alors \u00e0 Versailles, Emmanuel Macron s\u2019est d\u00e9clar\u00e9 en faveur d\u2019une suppression pure et simple de la disposition, arguant qu\u2019elle imposait trop de contraintes aux entreprises europ\u00e9ennes sur le march\u00e9 mondial.<\/p>\n<p>\u201cCela lui a valu les applaudissements des repr\u00e9sentants du monde des affaires international\u201d, rapporte en Allemagne la <a class=\"ithalc\" data-ithal=\"lien_externe\" data-ithalc=\"[nav_article]\" target=\"_blank\" href=\"https:\/\/www.faz.net\/aktuell\/wirtschaft\/eu-lieferkettengesetz-macron-pflichtet-merz-bei-110488044.html\" rel=\"noopener\"><strong>Frankfurter Allgemeine Zeitung<\/strong><\/a><strong>. <\/strong>Mais d\u2019un autre c\u00f4t\u00e9, avec sa position, le pr\u00e9<\/p>\n","protected":false},"excerpt":{"rendered":"L\u2019objectif est simple, mais il est cach\u00e9 derri\u00e8re l\u2019un des plus beaux acronymes que peut porter une directive&hellip;\n","protected":false},"author":2,"featured_media":117079,"comment_status":"","ping_status":"","sticky":false,"template":"","format":"standard","meta":{"footnotes":""},"categories":[1587],"tags":[11,672,1804,1805,1803,4625,1073,1777,674,27,4710,1801,3821,12,1802,174,2542,2475],"class_list":{"0":"post-117078","1":"post","2":"type-post","3":"status-publish","4":"format-standard","5":"has-post-thumbnail","7":"category-allemagne","8":"tag-actualites","9":"tag-allemagne","10":"tag-bundesrepublik-deutschland","11":"tag-de","12":"tag-deutschland","13":"tag-droits-humains","14":"tag-emmanuel-macron","15":"tag-eu","16":"tag-europe","17":"tag-france","18":"tag-friedrich-merz","19":"tag-germany","20":"tag-la-france-vue-de-lu2019u00e9tranger","21":"tag-news","22":"tag-republique-federale-dallemagne","23":"tag-u00e9cologie","24":"tag-u00e9conomie","25":"tag-union-europu00e9enne"},"share_on_mastodon":{"url":"https:\/\/pubeurope.com\/@fr\/114546321872142347","error":""},"_links":{"self":[{"href":"https:\/\/www.europesays.com\/fr\/wp-json\/wp\/v2\/posts\/117078","targetHints":{"allow":["GET"]}}],"collection":[{"href":"https:\/\/www.europesays.com\/fr\/wp-json\/wp\/v2\/posts"}],"about":[{"href":"https:\/\/www.europesays.com\/fr\/wp-json\/wp\/v2\/types\/post"}],"author":[{"embeddable":true,"href":"https:\/\/www.europesays.com\/fr\/wp-json\/wp\/v2\/users\/2"}],"replies":[{"embeddable":true,"href":"https:\/\/www.europesays.com\/fr\/wp-json\/wp\/v2\/comments?post=117078"}],"version-history":[{"count":0,"href":"https:\/\/www.europesays.com\/fr\/wp-json\/wp\/v2\/posts\/117078\/revisions"}],"wp:featuredmedia":[{"embeddable":true,"href":"https:\/\/www.europesays.com\/fr\/wp-json\/wp\/v2\/media\/117079"}],"wp:attachment":[{"href":"https:\/\/www.europesays.com\/fr\/wp-json\/wp\/v2\/media?parent=117078"}],"wp:term":[{"taxonomy":"category","embeddable":true,"href":"https:\/\/www.europesays.com\/fr\/wp-json\/wp\/v2\/categories?post=117078"},{"taxonomy":"post_tag","embeddable":true,"href":"https:\/\/www.europesays.com\/fr\/wp-json\/wp\/v2\/tags?post=117078"}],"curies":[{"name":"wp","href":"https:\/\/api.w.org\/{rel}","templated":true}]}}