{"id":1170790,"date":"2026-09-06T12:00:18","date_gmt":"2026-09-06T12:00:18","guid":{"rendered":"https:\/\/www.europesays.com\/fr\/1170790\/"},"modified":"2026-09-06T12:00:18","modified_gmt":"2026-09-06T12:00:18","slug":"begles-racing-92-64-points-marques-mais-une-grosse-tuile-pour-lubb-avant-daffronter-le-stade-toulousain","status":"publish","type":"post","link":"https:\/\/www.europesays.com\/fr\/1170790\/","title":{"rendered":"B\u00e8gles &#8211; Racing 92 : 64 points marqu\u00e9s, mais une grosse tuile pour l&rsquo;UBB avant d&rsquo;affronter le Stade Toulousain"},"content":{"rendered":"<p>                    Par<br \/>\n        <strong><br \/>\n            <a href=\"https:\/\/actu.fr\/auteur\/clement-mazella\" title=\"Consulter tous les articles de Cl\u00e9ment Mazella\" rel=\"nofollow noopener\" target=\"_blank\">Cl\u00e9ment Mazella<\/a><br \/>\n                    <\/strong><\/p>\n<p>        Publi\u00e9 le<\/p>\n<p>            6 sept. 2026 \u00e0 9h37        <\/p>\n<p>Une soir\u00e9e de r\u00eave \u00e0 Chaban-Delmas g\u00e2ch\u00e9e par une ombre au tableau. Alors que <a href=\"https:\/\/actu.fr\/tag\/usb-union-bordeaux-begles\" rel=\"nofollow noopener\" target=\"_blank\">l\u2019UBB<\/a> a fait \u00e9talage de sa puissance offensive <a href=\"https:\/\/actu.fr\/rugby\/top-14\" rel=\"nofollow noopener\" target=\"_blank\">en ouverture du Top 14<\/a>, l\u2019expulsion de son pilier g\u00e9orgien transforme la pr\u00e9paration du sommet face au Stade Toulousain en casse-t\u00eate chinois. D\u00e9j\u00e0 priv\u00e9 de plusieurs cadres en premi\u00e8re ligne, <strong>le staff bordelais risque de devoir lancer un jeune Espoir<\/strong>\u00a0dans le grand bain de la Ville Rose.<\/p>\n<p>Choc \u00e9paule-t\u00eate avec un degr\u00e9 de dangerosit\u00e9 \u00e9lev\u00e9<\/p>\n<p class=\" wall-content\">Lors d\u2019un d\u00e9blayage \u00e0 la 18e minute de jeu, le pilier g\u00e9orgien, arriv\u00e9 cet \u00e9t\u00e9 en provenance de Nevers, s\u2019est rendu coupable d\u2019un <strong>choc \u00e9paule-t\u00eate<\/strong> sur Maxime Baudonne.\u00a0<\/p>\n<p class=\" wall-content\">Pour l\u2019arbitre Ludovic Cayre, le contact \u00e0 la t\u00eate est \u00e9vident, avec de la vitesse. Mais l\u2019intervention au m\u00eame moment dans le ruck pour d\u00e9blayer de Yoram Moefana a constitu\u00e9 un facteur att\u00e9nuant (\u00ab\u00a0pas assez clair\u00a0\u00bb), l\u2019incitant \u00e0 sortir un carton orange.<\/p>\n<p class=\" wall-content\">En raison des nouvelles mesures prises par la LNR pour \u00ab\u00a0acc\u00e9l\u00e9rer les choses\u00a0\u00bb, le dossier de Lasha Pkhakadze sera examin\u00e9 d\u00e8s lundi avec une proposition de sanction. Il semble toutefois peu probable qu\u2019il s\u2019en sorte sans une suspension.<\/p>\n<p>La LNR acc\u00e9l\u00e8re les choses apr\u00e8s les cartons orange et rouge<\/p>\n<p>Voici ce que pr\u00e9voit la nouvelle proc\u00e9dure acc\u00e9l\u00e9r\u00e9e de la LNR apr\u00e8s un carton orange ou rouge pour un joueur : <\/p>\n<p>. D\u00e8s le lundi suivant le match, une proposition de sanction pourra \u00eatre adress\u00e9e au joueur et \u00e0 son club. S\u2019ils l\u2019acceptent, cette sanction sera imm\u00e9diatement applicable, sans possibilit\u00e9 de recours aupr\u00e8s de la FFR.<br \/>. En cas de refus du club et du joueur, ou si on est sur un degr\u00e9 haut de gravit\u00e9 de l\u2019infraction, ou encore si l\u2019acte de jeu d\u00e9loyal pr\u00e9sum\u00e9 est susceptible de ne justifier aucune sanction, le dossier sera examin\u00e9 d\u00e8s le mercredi suivant par la Commission de discipline. Les voies de recours habituelles devant la FFR resteront alors ouvertes.<br \/>. Pour le reste des infractions, li\u00e9es notamment aux comportements des joueurs ou de entra\u00eeneurs, ou bien aux manquements des clubs (comme ce fut le cas par exemple lors de l\u2019agression d\u2019un journaliste \u00e0 Aurillac la saison derni\u00e8re), pas de changement dans la proc\u00e9dure : convocation \u00e0 J+2 et examen \u00e0 J+10.<\/p>\n<p>Matis Perchaud, seul pilier gauche disponible<\/p>\n<p class=\" wall-content\">L\u2019absence de Pkhakadze est une vraie tuile, puisque l\u2019UBB ne dispose d\u00e9sormais dans son effectif que d\u2019une seule solution au poste de pilier gauche avec <strong>Matis Perchaud<\/strong>.<\/p>\n<p class=\" wall-content\">En effet, le club girondin est orphelin pendant 6 \u00e0 8 semaines du taulier Jefferson Poirot, bless\u00e9 \u00e0 un genou lors d\u2019une s\u00e9ance d\u2019entra\u00eenement.\u00a0\u00a0<\/p>\n<p class=\" wall-content\">Yannick Bru et son staff vont tr\u00e8s probablement devoir faire appel \u00e0 un Espoir lors du d\u00e9placement au Stade Toulousain dimanche 13 septembre (21h).<\/p>\n<p>L\u2019h\u00e9catombe s\u2019\u00e9tend aussi \u00e0 droite<\/p>\n<p class=\" wall-content\">En pilier droit \u00e9galement, l\u2019UBB est \u00e0 flux tendu. En effet, <strong>Ben Tameifuna<\/strong> ne devrait pas revenir avant fin 2026 (op\u00e9ration d\u2019une \u00e9paule), tout comme <strong>Carlu Sadie<\/strong> (retenu avec les Springboks).<\/p>\n<p class=\" wall-content\">Et les jeunes <strong>Ruben Pagarde<\/strong> (bless\u00e9 lors de la pr\u00e9paration au Mondial U20) et <strong>Zaccharie Affane<\/strong> (revenu de pr\u00eat, mais op\u00e9r\u00e9 derni\u00e8rement d\u2019une \u00e9paule) manquent \u00e0 l\u2019appel. Seuls Sipili Falatea et Toma Taufa, dans l\u2019effectif pro, sont aptes.<\/p>\n<p class=\" wall-content\">Personnalisez votre actualit\u00e9 en ajoutant vos villes et m\u00e9dias en favori avec <a href=\"https:\/\/moncompte.actu.fr\" title=\"D\u00e9couvez Mon Actu\" rel=\"nofollow noopener\" data-trk=\"{&quot;cta&quot;:{&quot;action&quot;:&quot;https:\\\/\\\/moncompte.actu.fr&quot;,&quot;category&quot;:&quot;mon compte&quot;,&quot;from&quot;:&quot;article footer&quot;,&quot;name&quot;:&quot;Mon actu&quot;,&quot;type&quot;:&quot;cta&quot;}}\" target=\"_blank\">Mon Actu<\/a>.<\/p>\n","protected":false},"excerpt":{"rendered":"Par Cl\u00e9ment Mazella Publi\u00e9 le 6 sept. 2026 \u00e0 9h37 Une soir\u00e9e de r\u00eave \u00e0 Chaban-Delmas g\u00e2ch\u00e9e par&hellip;\n","protected":false},"author":2,"featured_media":1170791,"comment_status":"","ping_status":"","sticky":false,"template":"","format":"standard","meta":{"footnotes":"","_share_on_mastodon":"0"},"categories":[2817],"tags":[1111,11,1997,1777,674,1011,27,12,2219,25,479,60,478,4435],"class_list":["post-1170790","post","type-post","status-publish","format-standard","has-post-thumbnail","category-bordeaux","tag-actu","tag-actualites","tag-bordeaux","tag-eu","tag-europe","tag-fr","tag-france","tag-news","tag-nouvelle-aquitaine","tag-republique-francaise","tag-rugby","tag-sports","tag-top-14","tag-ubb-union-bordeaux-begles"],"share_on_mastodon":{"url":"https:\/\/pubeurope.com\/@fr\/117223989326285113","error":""},"_links":{"self":[{"href":"https:\/\/www.europesays.com\/fr\/wp-json\/wp\/v2\/posts\/1170790","targetHints":{"allow":["GET"]}}],"collection":[{"href":"https:\/\/www.europesays.com\/fr\/wp-json\/wp\/v2\/posts"}],"about":[{"href":"https:\/\/www.europesays.com\/fr\/wp-json\/wp\/v2\/types\/post"}],"author":[{"embeddable":true,"href":"https:\/\/www.europesays.com\/fr\/wp-json\/wp\/v2\/users\/2"}],"replies":[{"embeddable":true,"href":"https:\/\/www.europesays.com\/fr\/wp-json\/wp\/v2\/comments?post=1170790"}],"version-history":[{"count":0,"href":"https:\/\/www.europesays.com\/fr\/wp-json\/wp\/v2\/posts\/1170790\/revisions"}],"wp:featuredmedia":[{"embeddable":true,"href":"https:\/\/www.europesays.com\/fr\/wp-json\/wp\/v2\/media\/1170791"}],"wp:attachment":[{"href":"https:\/\/www.europesays.com\/fr\/wp-json\/wp\/v2\/media?parent=1170790"}],"wp:term":[{"taxonomy":"category","embeddable":true,"href":"https:\/\/www.europesays.com\/fr\/wp-json\/wp\/v2\/categories?post=1170790"},{"taxonomy":"post_tag","embeddable":true,"href":"https:\/\/www.europesays.com\/fr\/wp-json\/wp\/v2\/tags?post=1170790"}],"curies":[{"name":"wp","href":"https:\/\/api.w.org\/{rel}","templated":true}]}}