{"id":1170819,"date":"2026-09-06T12:19:15","date_gmt":"2026-09-06T12:19:15","guid":{"rendered":"https:\/\/www.europesays.com\/fr\/1170819\/"},"modified":"2026-09-06T12:19:15","modified_gmt":"2026-09-06T12:19:15","slug":"ukraine-les-americains-witkoff-et-kushner-a-kyiv-apres-moscou-06-09-2026-a-1352","status":"publish","type":"post","link":"https:\/\/www.europesays.com\/fr\/1170819\/","title":{"rendered":"Ukraine-Les Am\u00e9ricains Witkoff et Kushner \u00e0 Kyiv apr\u00e8s Moscou &#8211; 06\/09\/2026 \u00e0 13:52"},"content":{"rendered":"<p>\n (Actualis\u00e9 tout du long)\n<\/p>\n<p>\n par Max Hunder et Anna Voitenko\n<\/p>\n<p>\n Les \u00e9missaires am\u00e9ricains<br \/>\nSteve Witkoff et Jared Kushner ont rencontr\u00e9 dimanche \u00e0 Kyiv le<br \/>\npr\u00e9sident ukrainien Volodimir Zelensky au lendemain d&rsquo;un<br \/>\nentretien de trois heures \u00e0 Moscou avec le pr\u00e9sident russe<br \/>\nVladimir Poutine, dans le cadre d&rsquo;une nouvelle tentative des<br \/>\nEtats-Unis de mettre fin \u00e0 quatre ans et demi de guerre entre<br \/>\nl&rsquo;Ukraine et la Russie.\n<\/p>\n<p>\n Le pr\u00e9sident am\u00e9ricain Donald Trump, qui avait affirm\u00e9 avant<br \/>\nson retour \u00e0 la Maison blanche en 2024 qu&rsquo;il trouverait<br \/>\nrapidement une issue au conflit, a laiss\u00e9 entendre vendredi que<br \/>\nWashington avait une nouvelle proposition \u00e0 soumettre \u00e0 ces deux<br \/>\npays, sans plus de pr\u00e9cisions.\n<\/p>\n<p>\n Ses pr\u00e9c\u00e9dentes initiatives n&rsquo;ont d\u00e9bouch\u00e9 sur aucune<br \/>\navanc\u00e9e significative et ses repr\u00e9sentants semblent une nouvelle<br \/>\nfois ne gu\u00e8re avoir progress\u00e9 lors de leur rencontre samedi avec<br \/>\nVladimir Poutine.\n<\/p>\n<p>\n Ce dernier a n\u00e9anmoins qualifi\u00e9 cet entretien de \u00ab\u00a0fortement<br \/>\nutile\u00a0\u00bb et un responsable de la Maison blanche a dit \u00e0 Reuters<br \/>\nque de nouvelles annonces seraient faites dans les prochaines<br \/>\nsemaines.\n<\/p>\n<p>\n Avant sa rencontre avec Steve Witkoff et Jared Kushner en<br \/>\ncompagnie d&rsquo;autres responsables ukrainiens de haut rang dans le<br \/>\ncentre de Kyiv, Volodimir Zelensky a dit sur les r\u00e9seaux sociaux<br \/>\nla volont\u00e9 de l&rsquo;Ukraine de mettre fin \u00e0 la guerre.\n<\/p>\n<p>\n \u00ab\u00a0Des garanties de s\u00e9curit\u00e9 sont n\u00e9cessaires. Une paix digne<br \/>\napr\u00e8s la guerre est n\u00e9cessaire. Nous avons formul\u00e9 des<br \/>\npropositions\u00a0\u00bb, a d\u00e9clar\u00e9 le pr\u00e9sident ukrainien.\n<\/p>\n<p>\n Volodimir Zelensky consid\u00e8re que l&rsquo;implication des<br \/>\nEtats-Unis est indispensable \u00e0 tout accord. Il pense qu&rsquo;il<br \/>\nexiste une fen\u00eatre d&rsquo;opportunit\u00e9 pour conclure une paix avec la<br \/>\nRussie avant que la classe politique am\u00e9ricaine ne bascule<br \/>\nbient\u00f4t vers la prochaine \u00e9lection pr\u00e9sidentielle de 2028 aux<br \/>\nEtats-Unis.\n<\/p>\n<p>\n Une source inform\u00e9e de cette pr\u00e9sence a d\u00e9clar\u00e9 \u00e0 Reuters<br \/>\nque des repr\u00e9sentants de la France, de la Grande-Bretagne et de<br \/>\nl&rsquo;Allemagne pour les questions de s\u00e9curit\u00e9 nationale se<br \/>\ntrouvaient dimanche \u00e0 Kyiv. Cette source n&rsquo;a pas pr\u00e9cis\u00e9 \u00e0 quels<br \/>\nentretiens participeraient ces \u00e9missaires europ\u00e9ens.\n<\/p>\n<p>\n ESPOIRS\n<\/p>\n<p>\n Steve Witkoff et Jared Kushner se sont d\u00e9j\u00e0 rendus \u00e0<br \/>\nplusieurs reprises \u00e0 Moscou en tant que m\u00e9diateurs mais il<br \/>\ns&rsquo;agit de leur premi\u00e8re visite \u00e0 Kyiv.\n<\/p>\n<p>\n Cette venue nourrit les espoirs de certains habitants de la<br \/>\ncapitale ukrainienne, bombard\u00e9e sans rel\u00e2che par la Russie<br \/>\ndepuis plusieurs semaines.\n<\/p>\n<p>\n \u00ab\u00a0Le probl\u00e8me peut \u00eatre r\u00e9gl\u00e9 en un clin d&rsquo;oeil. Nous voulons<br \/>\nla paix. J&rsquo;ai moi-m\u00eame combattu donc je sais ce qu&rsquo;est la<br \/>\nguerre. Nous avons besoin de la paix car il n&rsquo;y a pas d&rsquo;autre<br \/>\nissue\u00a0\u00bb, dit Stepan Yermak, un ancien combattant.\n<\/p>\n<p>\n Svitlana Kurylenko, serveuse dans un caf\u00e9, esp\u00e8re pour sa<br \/>\npart \u00ab\u00a0un accord qui ne sera jamais rompu\u00a0\u00bb. \u00ab\u00a0Qu&rsquo;on laisse<br \/>\nl&rsquo;Ukraine tranquille et son peuple vivre en paix\u00a0\u00bb, dit cette<br \/>\njeune femme de 19 ans.\n<\/p>\n<p>\n Russes et Ukrainiens affichent cependant des positions<br \/>\nimpossibles \u00e0 r\u00e9concilier en l&rsquo;\u00e9tat, aussi bien sur le plan<br \/>\nterritorial avec des revendications de Moscou sur des r\u00e9gions<br \/>\nukrainiennes que Kyiv refuse de c\u00e9der, que sur l&rsquo;avenir m\u00eame de<br \/>\nl&rsquo;Ukraine et ses volont\u00e9s de rapprochement avec l&rsquo;Union<br \/>\neurop\u00e9enne et l&rsquo;Otan.\n<\/p>\n<p>\n Si le front des combats \u00e9volue peu au sol, la Russie et<br \/>\nl&rsquo;Ukraine ont intensifi\u00e9 leurs frappes a\u00e9riennes dans la<br \/>\nprofondeur depuis plusieurs semaines.\n<\/p>\n<p>\n La Russie a n\u00e9anmoins annonc\u00e9 une pause de ses bombardements<br \/>\nsur Kyiv jusqu&rsquo;\u00e0 lundi et Volodimir Zelensky a d\u00e9clar\u00e9 que<br \/>\nl&rsquo;Ukraine s&rsquo;abstiendrait \u00e9galement de viser Moscou sur cette<br \/>\np\u00e9riode.\n<\/p>\n<p>\n L&rsquo;arm\u00e9e russe a tout de m\u00eame poursuivi sa campagne de<br \/>\nbombardements sur d&rsquo;autres villes ukrainiennes samedi tandis que<br \/>\nles forces ukrainiennes ont d\u00e9clar\u00e9 dimanche avoir frapp\u00e9 au<br \/>\ncours de la nuit une raffinerie \u00e0 Riazan, \u00e0 pr\u00e8s de 500 km de la<br \/>\nfronti\u00e8re.\n<\/p>\n<p>\n (Max Hunder et Anna Voitenko, avec Yuliia Dysa, version<br \/>\nfran\u00e7aise Bertrand Boucey)<\/p>\n","protected":false},"excerpt":{"rendered":"(Actualis\u00e9 tout du long) par Max Hunder et Anna Voitenko Les \u00e9missaires am\u00e9ricains Steve Witkoff et Jared Kushner&hellip;\n","protected":false},"author":2,"featured_media":2486,"comment_status":"","ping_status":"","sticky":false,"template":"","format":"standard","meta":{"footnotes":"","_share_on_mastodon":"0"},"categories":[1590],"tags":[400,11,398,408,405,1777,674,403,402,399,404,12,401,406,220,407],"class_list":["post-1170819","post","type-post","status-publish","format-standard","has-post-thumbnail","category-ukraine","tag-action-cac-40","tag-actualites","tag-bourse-de-paris","tag-boursorama","tag-cotations","tag-eu","tag-europe","tag-indices-devises","tag-investir","tag-investissement","tag-marche-boursier","tag-news","tag-sicav","tag-trackers","tag-ukraine","tag-warrants"],"share_on_mastodon":{"url":"https:\/\/pubeurope.com\/@fr\/117224063937871778","error":""},"_links":{"self":[{"href":"https:\/\/www.europesays.com\/fr\/wp-json\/wp\/v2\/posts\/1170819","targetHints":{"allow":["GET"]}}],"collection":[{"href":"https:\/\/www.europesays.com\/fr\/wp-json\/wp\/v2\/posts"}],"about":[{"href":"https:\/\/www.europesays.com\/fr\/wp-json\/wp\/v2\/types\/post"}],"author":[{"embeddable":true,"href":"https:\/\/www.europesays.com\/fr\/wp-json\/wp\/v2\/users\/2"}],"replies":[{"embeddable":true,"href":"https:\/\/www.europesays.com\/fr\/wp-json\/wp\/v2\/comments?post=1170819"}],"version-history":[{"count":0,"href":"https:\/\/www.europesays.com\/fr\/wp-json\/wp\/v2\/posts\/1170819\/revisions"}],"wp:featuredmedia":[{"embeddable":true,"href":"https:\/\/www.europesays.com\/fr\/wp-json\/wp\/v2\/media\/2486"}],"wp:attachment":[{"href":"https:\/\/www.europesays.com\/fr\/wp-json\/wp\/v2\/media?parent=1170819"}],"wp:term":[{"taxonomy":"category","embeddable":true,"href":"https:\/\/www.europesays.com\/fr\/wp-json\/wp\/v2\/categories?post=1170819"},{"taxonomy":"post_tag","embeddable":true,"href":"https:\/\/www.europesays.com\/fr\/wp-json\/wp\/v2\/tags?post=1170819"}],"curies":[{"name":"wp","href":"https:\/\/api.w.org\/{rel}","templated":true}]}}