{"id":1170877,"date":"2026-09-06T13:00:20","date_gmt":"2026-09-06T13:00:20","guid":{"rendered":"https:\/\/www.europesays.com\/fr\/1170877\/"},"modified":"2026-09-06T13:00:20","modified_gmt":"2026-09-06T13:00:20","slug":"photos-infinity-trail-de-nancy-le-dernier-survivant-a-parcouru-2345-kilometres","status":"publish","type":"post","link":"https:\/\/www.europesays.com\/fr\/1170877\/","title":{"rendered":"Photos. Infinity Trail de Nancy : le dernier \u00ab\u00a0survivant\u00a0\u00bb a parcouru 234,5 kilom\u00e8tres\u00a0!"},"content":{"rendered":"<p>La deuxi\u00e8me \u00e9dition de l&rsquo;Infinty Trail de Nancy s&rsquo;est termin\u00e9e ce samedi soir ! Les quelque 200 participants au d\u00e9part, vendredi midi, devaient <a href=\"https:\/\/www.estrepublicain.fr\/sport\/2026\/09\/02\/frouard-nouveau-fief-de-l-infinity-trail\" target=\"_blank\" rel=\"nofollow noopener\">parcourir toutes les heures une boucle de 6,7 km<\/a>. Juqu&rsquo;\u00e0 ce qu&rsquo;il n&rsquo;en reste plus qu&rsquo;un&#8230; Avec 35 tours parcourus, soit 234,5 km, Baptiste Cervelli a devanc\u00e9 le vainqueur de l&rsquo;an dernier, Fabien Thiriet (34 tours). La premi\u00e8re femme, Ludivine Neuville, a mis le clignotant apr\u00e8s avoir effectu\u00e9 167,5 km (25 tours). Revivez la course en images.\u00a0<\/p>\n","protected":false},"excerpt":{"rendered":"La deuxi\u00e8me \u00e9dition de l&rsquo;Infinty Trail de Nancy s&rsquo;est termin\u00e9e ce samedi soir ! Les quelque 200 participants&hellip;\n","protected":false},"author":2,"featured_media":1170878,"comment_status":"","ping_status":"","sticky":false,"template":"","format":"standard","meta":{"footnotes":"","_share_on_mastodon":"0"},"categories":[9635],"tags":[1111,11,1704,1777,674,107,1701,1011,27,9660,5325,2798,9540,775,3457,1702,12,3456,25,273,517,1700,6187],"class_list":["post-1170877","post","type-post","status-publish","format-standard","has-post-thumbnail","category-nancy","tag-actu","tag-actualites","tag-edition-nancy-et-agglomeration","tag-eu","tag-europe","tag-fil-info","tag-fil-info-sport","tag-fr","tag-france","tag-frouard","tag-galerie-media","tag-galerie-photo","tag-galerie-sport","tag-grand-est","tag-meurthe-et-moselle","tag-nancy","tag-news","tag-region-lorraine","tag-republique-francaise","tag-selection-de-la-redaction","tag-sport","tag-sport-lorrain","tag-trail"],"share_on_mastodon":{"url":"https:\/\/pubeurope.com\/@fr\/117224225274352784","error":""},"_links":{"self":[{"href":"https:\/\/www.europesays.com\/fr\/wp-json\/wp\/v2\/posts\/1170877","targetHints":{"allow":["GET"]}}],"collection":[{"href":"https:\/\/www.europesays.com\/fr\/wp-json\/wp\/v2\/posts"}],"about":[{"href":"https:\/\/www.europesays.com\/fr\/wp-json\/wp\/v2\/types\/post"}],"author":[{"embeddable":true,"href":"https:\/\/www.europesays.com\/fr\/wp-json\/wp\/v2\/users\/2"}],"replies":[{"embeddable":true,"href":"https:\/\/www.europesays.com\/fr\/wp-json\/wp\/v2\/comments?post=1170877"}],"version-history":[{"count":0,"href":"https:\/\/www.europesays.com\/fr\/wp-json\/wp\/v2\/posts\/1170877\/revisions"}],"wp:featuredmedia":[{"embeddable":true,"href":"https:\/\/www.europesays.com\/fr\/wp-json\/wp\/v2\/media\/1170878"}],"wp:attachment":[{"href":"https:\/\/www.europesays.com\/fr\/wp-json\/wp\/v2\/media?parent=1170877"}],"wp:term":[{"taxonomy":"category","embeddable":true,"href":"https:\/\/www.europesays.com\/fr\/wp-json\/wp\/v2\/categories?post=1170877"},{"taxonomy":"post_tag","embeddable":true,"href":"https:\/\/www.europesays.com\/fr\/wp-json\/wp\/v2\/tags?post=1170877"}],"curies":[{"name":"wp","href":"https:\/\/api.w.org\/{rel}","templated":true}]}}