{"id":117094,"date":"2025-05-21T14:46:10","date_gmt":"2025-05-21T14:46:10","guid":{"rendered":"https:\/\/www.europesays.com\/fr\/117094\/"},"modified":"2025-05-21T14:46:10","modified_gmt":"2025-05-21T14:46:10","slug":"mercedes-planche-sur-le-probleme-de-fiabilite-dantonelli-a-imola","status":"publish","type":"post","link":"https:\/\/www.europesays.com\/fr\/117094\/","title":{"rendered":"Mercedes planche sur le probl\u00e8me de fiabilit\u00e9 d&rsquo;Antonelli \u00e0 Imola"},"content":{"rendered":"<p>Si le week-end \u00e0 domicile de <a href=\"https:\/\/fr.motorsport.com\/driver\/kimi-antonelli\/947765\/\" target=\"_blank\" rel=\"noopener\">Kimi Antonelli<\/a>, au Grand Prix d&rsquo;\u00c9milie-Romagne, n&rsquo;a pas \u00e9t\u00e9 des meilleurs sur le plan de ses performances individuelles, le rookie y a \u00e9galement subi son premier abandon de la saison. L&rsquo;Italien a \u00e9t\u00e9 contraint de mettre pied \u00e0 terre au 44e tour, peu apr\u00e8s l&rsquo;\u00e9pingle de Tosa, \u00e0 la suite d&rsquo;un probl\u00e8me de fiabilit\u00e9 survenu sur sa <a href=\"https:\/\/fr.motorsport.com\/team\/mercedes\/611\/\" target=\"_blank\" rel=\"noopener\">Mercedes<\/a>, au niveau de l&rsquo;acc\u00e9l\u00e9rateur.<\/p>\n<p>Depuis, l&rsquo;\u00e9curie de Brackley s&rsquo;est pench\u00e9e sur le sujet et, m\u00eame si tout n&rsquo;a pas \u00e9t\u00e9 parfaitement compris, des mesures pr\u00e9ventives ont \u00e9t\u00e9 prises pour \u00e9viter de voir l&rsquo;histoire se r\u00e9p\u00e9ter \u00e0 Monaco, o\u00f9 les Fl\u00e8ches d&rsquo;argent sont d\u00e9j\u00e0 arriv\u00e9es dans le paddock.<\/p>\n<p>\u00ab\u00a0Nous n&rsquo;avons pas encore compl\u00e8tement \u00e9lucid\u00e9 le probl\u00e8me, mais il a \u00e9t\u00e9 relativement simple d&rsquo;identifier les d\u00e9fauts qui en \u00e9taient la cause\u00a0\u00bb, explique Andrew Shovlin, directeur de l&rsquo;ing\u00e9nierie piste. \u00ab\u00a0Il s&rsquo;agissait d&rsquo;un souci au niveau du module d&rsquo;amortisseur de l&rsquo;acc\u00e9l\u00e9rateur. On constatait sur la voiture qu&rsquo;il n&rsquo;atteignait parfois pas la pleine charge.\u00a0\u00bb<\/p>\n<p>\u00ab\u00a0Nous avons des capteurs qui nous permettent d&rsquo;ex\u00e9cuter des routines de recalibrage en direct, pendant que la voiture roule, mais au final, c&rsquo;est un probl\u00e8me de s\u00e9curit\u00e9 majeur si l&rsquo;acc\u00e9l\u00e9rateur fonctionne mal. Ce qui a arr\u00eat\u00e9 la voiture, c&rsquo;est en r\u00e9alit\u00e9 le propre programme de la voiture qui a jug\u00e9 qu&rsquo;il y avait suffisamment d&rsquo;anomalies pour couper le signal d&rsquo;acc\u00e9l\u00e9rateur. C&rsquo;est ce qui a mis fin \u00e0 sa course.\u00a0\u00bb<\/p>\n<p>Mercedes travaille encore sur l&rsquo;\u00e9l\u00e9ment qui a pos\u00e9 probl\u00e8me, soulignant que l&rsquo;abandon de son pilote \u00e9tait in\u00e9luctable \u00e0 Imola, o\u00f9 le constructeur allemand a r\u00e9alis\u00e9 sa <a href=\"https:\/\/fr.motorsport.com\/f1\/standings\/2025\/?type=Team&amp;class=\" target=\"_self\" rel=\"noopener\">moins bonne moisson de points depuis le d\u00e9but de l&rsquo;ann\u00e9e<\/a>. Les ing\u00e9nieurs se r\u00e9servent le droit d&rsquo;apporter d&rsquo;autres correctifs \u00e0 plus long terme.<\/p>\n<p>\u00ab\u00a0Avec le d\u00e9faut que nous avions, de toute fa\u00e7on, nous n&rsquo;aurions pas pu aller au bout de la course, donc nous privil\u00e9gions toujours la prudence\u00a0\u00bb, insiste Andrew Shovlin. \u00ab\u00a0Comme je l&rsquo;ai dit, nous avons identifi\u00e9 le module en cause. Il est revenu avec nous pendant la nuit, il est ici \u00e0 Brackley. Ils ont m\u00eame commenc\u00e9 \u00e0 le d\u00e9monter dans la nuit. L&rsquo;enqu\u00eate est en cours, et il est peu probable que ce soit un probl\u00e8me particuli\u00e8rement difficile \u00e0 r\u00e9soudre pour Monaco.\u00a0\u00bb<\/p>\n<p>\u00ab\u00a0Cela dit, rien ne garantit que nous n&rsquo;allons pas proc\u00e9der \u00e0 quelques modifications de conception pour les prochaines courses. \u00c0 court terme, nous allons contenir le probl\u00e8me, mais \u00e0 plus long terme, un changement de design est envisageable.\u00a0\u00bb<\/p>\n<p>Lire aussi :<\/p>\n<p>Dans cet article<\/p>\n<p>    Basile Davoine\n<\/p>\n<p>    Formule 1\n<\/p>\n<p>    George Russell\n<\/p>\n<p>    Kimi Antonelli\n<\/p>\n<p>    Mercedes\n<\/p>\n<p>Soyez le premier inform\u00e9 et souscrivez aux alertes mails pour recevoir les infos en temps r\u00e9el<\/p>\n<p>    S&rsquo;abonner aux alertes de news<\/p>\n","protected":false},"excerpt":{"rendered":"Si le week-end \u00e0 domicile de Kimi Antonelli, au Grand Prix d&rsquo;\u00c9milie-Romagne, n&rsquo;a pas \u00e9t\u00e9 des meilleurs sur&hellip;\n","protected":false},"author":2,"featured_media":117095,"comment_status":"","ping_status":"","sticky":false,"template":"","format":"standard","meta":{"footnotes":""},"categories":[1412],"tags":[23747,1451,1452,1453,1454,1455,1011,27,9124,18197,9935,2237,4320,60],"class_list":{"0":"post-117094","1":"post","2":"type-post","3":"status-publish","4":"format-standard","5":"has-post-thumbnail","7":"category-f1","8":"tag-andrew-shovlin","9":"tag-f1","10":"tag-formula-1","11":"tag-formula1","12":"tag-formule-1","13":"tag-formule1","14":"tag-fr","15":"tag-france","16":"tag-george-russell","17":"tag-gp-du00c9milie-romagne","18":"tag-imola","19":"tag-kimi-antonelli","20":"tag-mercedes","21":"tag-sports"},"share_on_mastodon":{"url":"https:\/\/pubeurope.com\/@fr\/114546369050916209","error":""},"_links":{"self":[{"href":"https:\/\/www.europesays.com\/fr\/wp-json\/wp\/v2\/posts\/117094","targetHints":{"allow":["GET"]}}],"collection":[{"href":"https:\/\/www.europesays.com\/fr\/wp-json\/wp\/v2\/posts"}],"about":[{"href":"https:\/\/www.europesays.com\/fr\/wp-json\/wp\/v2\/types\/post"}],"author":[{"embeddable":true,"href":"https:\/\/www.europesays.com\/fr\/wp-json\/wp\/v2\/users\/2"}],"replies":[{"embeddable":true,"href":"https:\/\/www.europesays.com\/fr\/wp-json\/wp\/v2\/comments?post=117094"}],"version-history":[{"count":0,"href":"https:\/\/www.europesays.com\/fr\/wp-json\/wp\/v2\/posts\/117094\/revisions"}],"wp:featuredmedia":[{"embeddable":true,"href":"https:\/\/www.europesays.com\/fr\/wp-json\/wp\/v2\/media\/117095"}],"wp:attachment":[{"href":"https:\/\/www.europesays.com\/fr\/wp-json\/wp\/v2\/media?parent=117094"}],"wp:term":[{"taxonomy":"category","embeddable":true,"href":"https:\/\/www.europesays.com\/fr\/wp-json\/wp\/v2\/categories?post=117094"},{"taxonomy":"post_tag","embeddable":true,"href":"https:\/\/www.europesays.com\/fr\/wp-json\/wp\/v2\/tags?post=117094"}],"curies":[{"name":"wp","href":"https:\/\/api.w.org\/{rel}","templated":true}]}}