{"id":1170960,"date":"2026-09-06T14:04:13","date_gmt":"2026-09-06T14:04:13","guid":{"rendered":"https:\/\/www.europesays.com\/fr\/1170960\/"},"modified":"2026-09-06T14:04:13","modified_gmt":"2026-09-06T14:04:13","slug":"le-trophee-centre-morbihan-sadapte-grace-a-une-nouvelle-epreuve-actualite","status":"publish","type":"post","link":"https:\/\/www.europesays.com\/fr\/1170960\/","title":{"rendered":"Le Troph\u00e9e Centre Morbihan s&rsquo;adapte gr\u00e2ce \u00e0 une nouvelle \u00e9preuve &#8211; Actualit\u00e9"},"content":{"rendered":"<p>Le Troph\u00e9e Centre Morbihan est une manche de la Coupe des Nations Juniors. Mais l&rsquo;UCI change les r\u00e8gles de son troph\u00e9e \u00e0 partir de 2027. <a href=\"https:\/\/www.directvelo.com\/actualite\/129479\/coupe-des-nations-juniors-tout-ce-qui-va-changer\" target=\"_blank\" rel=\"noopener nofollow\"><strong>Les manches devront \u00eatre mixtes : une course hommes et une course femmes<\/strong><\/a>. Alors les organisateurs du Troph\u00e9e Centre Morbihan s&rsquo;adaptent et cr\u00e9ent une \u00e9preuve f\u00e9minine, annonce la Gazette du Centre Morbihan.<\/p>\n<p>L&rsquo;\u00e9preuve est pr\u00e9vue les 22 et 23 mai 2027. La course masculine se disputera sous son format traditionnel : course en ligne le samedi et deux demi-\u00e9tapes le dimanche : un contre-la-montre et une course en ligne. Les Juniors Femmes courront un seul jour, le samedi en fin d&rsquo;apr\u00e8s-midi.<\/p>\n<p>Les organisateurs ont d\u00e9pos\u00e9 leur candidature pour \u00eatre une des quatre manches de la version europ\u00e9enne de la Coupe des Nations.\u00a0<\/p>\n","protected":false},"excerpt":{"rendered":"Le Troph\u00e9e Centre Morbihan est une manche de la Coupe des Nations Juniors. Mais l&rsquo;UCI change les r\u00e8gles&hellip;\n","protected":false},"author":2,"featured_media":1170961,"comment_status":"","ping_status":"","sticky":false,"template":"","format":"standard","meta":{"footnotes":"","_share_on_mastodon":"0"},"categories":[1411],"tags":[834,828,836,829,837,827,83,826,824,823,1154,207,814,817,815,816,822,821,832,211,839,1011,27,820,818,819,835,831,830,833,838,60,212,208,825],"class_list":["post-1170960","post","type-post","status-publish","format-standard","has-post-thumbnail","category-cyclisme","tag-attaque","tag-belgique","tag-braquet","tag-bretagne","tag-chute","tag-competition","tag-coupe-de-france","tag-coureur","tag-course-cyclisme","tag-course-cycliste","tag-cycling","tag-cyclisme","tag-direct","tag-direct-velo","tag-directvelo","tag-directvelo-com","tag-epreuve","tag-epreuve-cycliste","tag-federation-francaise-de-cyclisme","tag-ffc","tag-flandres","tag-fr","tag-france","tag-live","tag-live-course","tag-live-epreuve","tag-peloton","tag-radio-peloton","tag-radio-tour","tag-ravitaillement","tag-relance","tag-sports","tag-uci","tag-velo","tag-velos"],"share_on_mastodon":{"url":"https:\/\/pubeurope.com\/@fr\/117224477025233377","error":""},"_links":{"self":[{"href":"https:\/\/www.europesays.com\/fr\/wp-json\/wp\/v2\/posts\/1170960","targetHints":{"allow":["GET"]}}],"collection":[{"href":"https:\/\/www.europesays.com\/fr\/wp-json\/wp\/v2\/posts"}],"about":[{"href":"https:\/\/www.europesays.com\/fr\/wp-json\/wp\/v2\/types\/post"}],"author":[{"embeddable":true,"href":"https:\/\/www.europesays.com\/fr\/wp-json\/wp\/v2\/users\/2"}],"replies":[{"embeddable":true,"href":"https:\/\/www.europesays.com\/fr\/wp-json\/wp\/v2\/comments?post=1170960"}],"version-history":[{"count":0,"href":"https:\/\/www.europesays.com\/fr\/wp-json\/wp\/v2\/posts\/1170960\/revisions"}],"wp:featuredmedia":[{"embeddable":true,"href":"https:\/\/www.europesays.com\/fr\/wp-json\/wp\/v2\/media\/1170961"}],"wp:attachment":[{"href":"https:\/\/www.europesays.com\/fr\/wp-json\/wp\/v2\/media?parent=1170960"}],"wp:term":[{"taxonomy":"category","embeddable":true,"href":"https:\/\/www.europesays.com\/fr\/wp-json\/wp\/v2\/categories?post=1170960"},{"taxonomy":"post_tag","embeddable":true,"href":"https:\/\/www.europesays.com\/fr\/wp-json\/wp\/v2\/tags?post=1170960"}],"curies":[{"name":"wp","href":"https:\/\/api.w.org\/{rel}","templated":true}]}}