{"id":1170980,"date":"2026-09-06T14:16:15","date_gmt":"2026-09-06T14:16:15","guid":{"rendered":"https:\/\/www.europesays.com\/fr\/1170980\/"},"modified":"2026-09-06T14:16:15","modified_gmt":"2026-09-06T14:16:15","slug":"intermarche-et-e-leclerc-testent-le-caddie-connecte","status":"publish","type":"post","link":"https:\/\/www.europesays.com\/fr\/1170980\/","title":{"rendered":"Intermarch\u00e9 et E.Leclerc testent le caddie connect\u00e9"},"content":{"rendered":"<p><a href=\"https:\/\/www.maison-travaux.fr\/actualites\/exasperee-par-les-caddies-abandonnes-cette-ville-inflige-desormais-des-amendes-salees-plus-de-100-e-a-chaque-fois-622998.html\" target=\"_blank\" rel=\"noopener nofollow\">Le traditionnel caddie de<br \/>\nsupermarch\u00e9<\/a> pourrait bient\u00f4t laisser place \u00e0 <strong>une<br \/>\nnouvelle g\u00e9n\u00e9ration de chariots<\/strong>. Comme le rapporte<br \/>\nMarmiton, qui reprend les informations de Pleine<br \/>\nVie, plusieurs enseignes exp\u00e9rimentent d\u00e9j\u00e0 <strong>ces<br \/>\nmod\u00e8les connect\u00e9s<\/strong>, avec l\u2019ambition de transformer<br \/>\nprogressivement <strong>notre fa\u00e7on de faire les courses<\/strong>.<br \/>\nMais jusqu\u2019o\u00f9 ces nouveaux chariots pourront-ils aller, et surtout,<br \/>\nque sauront-ils r\u00e9ellement sur vous ?<\/p>\n<p>Le caddie classique laisse place \u00e0 un chariot nouvelle<br \/>\ng\u00e9n\u00e9ration<\/p>\n<p>Sous ses airs de caddie classique, <a href=\"https:\/\/www.maison-travaux.fr\/actualites\/caddies-supermarche-remplacant-580738.html\" target=\"_blank\" rel=\"noopener nofollow\">ce nouveau mod\u00e8le<\/a> cache<br \/>\n<strong>une bonne dose de technologie<\/strong>. Au niveau de la<br \/>\npoign\u00e9e, le chariot int\u00e8gre notamment <strong>un \u00e9cran<br \/>\ntactile<\/strong>, une scannette et des cam\u00e9ras. Ces \u00e9quipements lui<br \/>\npermettent de d\u00e9tecter et de <strong>reconna\u00eetre les produits<br \/>\nd\u00e9pos\u00e9s<\/strong> dedans et d\u2019ajouter progressivement leur prix au<br \/>\ntotal.<\/p>\n<p>Le montant des courses <strong>s\u2019affiche alors en<br \/>\ndirect<\/strong>, ce qui permet de savoir o\u00f9 l\u2019on en est sans avoir<br \/>\n\u00e0 attendre <a href=\"https:\/\/www.maison-travaux.fr\/sequiper\/conseils-pratiques\/caisse-la-plus-rapide-supermarche-detail-622978.html\" target=\"_blank\" rel=\"noopener nofollow\">le passage en caisse<\/a>. Et ce<br \/>\nn\u2019est pas tout. L\u2019\u00e9cran peut \u00e9galement <strong>afficher des<br \/>\ninformations<\/strong> sur les produits, les promotions en cours ou<br \/>\ncertaines offres propos\u00e9es par l\u2019enseigne. De quoi rendre les<br \/>\ncourses <strong>beaucoup plus pratiques<\/strong> !<\/p>\n<p>Un caddie pens\u00e9 pour vous faire gagner du temps<\/p>\n<p>C\u2019est surtout au moment de passer en caisse que ces nouveaux<br \/>\nchariots pourraient <a href=\"https:\/\/www.maison-travaux.fr\/sequiper\/conseils-pratiques\/caisse-la-plus-rapide-supermarche-detail-622978.html\" target=\"_blank\" rel=\"noopener nofollow\">faire gagner un temps pr\u00e9cieux<\/a>.<br \/>\nPuisque les achats sont <strong>enregistr\u00e9s au fur et \u00e0<br \/>\nmesure<\/strong>, plus besoin de sortir chaque article du panier<br \/>\npour le scanner un \u00e0 un. R\u00e9sultat ? <strong>Moins<br \/>\nd\u2019attente<\/strong> et plus de fluidit\u00e9 !<\/p>\n<p>Ce fonctionnement est d\u00e9j\u00e0 test\u00e9 <strong>chez plusieurs<br \/>\nenseignes<\/strong>. \u00c0 <a href=\"https:\/\/www.maison-travaux.fr\/actualites\/intermarche-affiche-desormais-limpact-carbone-de-vos-produits-ce-que-cela-implique-immediatement-pour-vos-achats-622987.html\" target=\"_blank\" rel=\"noopener nofollow\">Intermarch\u00e9<\/a> Provins, le<br \/>\ndispositif est pr\u00e9sent\u00e9 comme <strong>une premi\u00e8re exp\u00e9rimentation<br \/>\nde grande ampleur<\/strong> en Europe. Dans le sud de la France, un<br \/>\nmagasin E.Leclerc \u00e0 Antibes a de son c\u00f4t\u00e9 <strong>install\u00e9 une<br \/>\nquarantaine de chariots<\/strong> fournis par la start-up fran\u00e7aise<br \/>\nKnap.<\/p>\n<blockquote class=\"instagram-media\" style=\"background: #ffffff;border: 0;margin: 1px;width: 100%;padding: 0;max-width: 500px;\" data-instgrm-permalink=\"https:\/\/www.instagram.com\/reel\/DYd5EjwIFKQ\/?utm_source=ig_web_copy_link&amp;stkn=NTc4MTIwNjQ2YQ==\" data-instgrm-version=\"14\"\/><p>\nUne technologie qui pourrait aussi en<br \/>\nsavoir beaucoup sur vous<\/p>\n<p>Mais derri\u00e8re cette promesse <strong>de courses<br \/>\nsimplifi\u00e9es<\/strong> se cache un autre enjeu : celui <a href=\"https:\/\/www.maison-travaux.fr\/sequiper\/conseils-pratiques\/whatsapp-fonction-donnees-personnelles-danger-desactiver-597858.html\" target=\"_blank\" rel=\"noopener nofollow\">des donn\u00e9es personnelles<\/a>. Ces<br \/>\ntechnologies peuvent en effet permettre aux enseignes<br \/>\nd&rsquo;<strong>obtenir des informations<\/strong> sur la mani\u00e8re dont<br \/>\nvous faites vos courses : vos d\u00e9placements dans les rayons,<br \/>\ncertains arr\u00eats ou encore le temps pass\u00e9 devant diff\u00e9rents<br \/>\nproduits. \u00c0 terme, ces donn\u00e9es pourraient \u00eatre utilis\u00e9es pour<br \/>\n<strong>proposer des offres et des promotions plus<br \/>\ncibl\u00e9es<\/strong>.<\/p>\n<p>Un point qui peut s\u00e9duire certains consommateurs, mais aussi<br \/>\n<strong>en faire h\u00e9siter d\u2019autres<\/strong>. Quelles informations<br \/>\nsont conserv\u00e9es ? Combien de temps ? Et surtout, pourra-t-on<br \/>\ncontinuer \u00e0 choisir un chariot classique si l\u2019on ne souhaite pas<br \/>\nutiliser une version connect\u00e9e ? Pour le moment, ces chariots<br \/>\n<strong>sont encore en phase de test<\/strong> et restent limit\u00e9s \u00e0<br \/>\ncertains magasins. Reste \u00e0 voir quelles autres enseignes d\u00e9cideront<br \/>\nde les adopter.<\/p>\n<p>EN BREF<\/p>\n<ul class=\"bloc_resume_post_list\">\n<li>\ud83d\udecd Intermarch\u00e9 et E.Leclerc testent actuellement des<br \/>\nchariots connect\u00e9s, avec plusieurs fonctionnalit\u00e9s pens\u00e9es pour<br \/>\nfaciliter les courses.<\/li>\n<li>\ud83d\uded2 Ces chariots nouvelles g\u00e9n\u00e9rations pourraient bien<br \/>\nchanger la fa\u00e7on de faire ses courses.<\/li>\n<li>\ud83d\udc49 Les chariots connect\u00e9s offrent plusieurs avantages,<br \/>\nmais soul\u00e8vent aussi des questions autour de la collecte des<br \/>\ndonn\u00e9es personnelles.<\/li>\n<\/ul>\n<p><script async src=\"\/\/www.instagram.com\/embed.js\"><\/script><\/p>\n","protected":false},"excerpt":{"rendered":"Le traditionnel caddie de supermarch\u00e9 pourrait bient\u00f4t laisser place \u00e0 une nouvelle g\u00e9n\u00e9ration de chariots. Comme le rapporte&hellip;\n","protected":false},"author":2,"featured_media":1170981,"comment_status":"","ping_status":"","sticky":false,"template":"","format":"standard","meta":{"footnotes":"","_share_on_mastodon":"0"},"categories":[7],"tags":[121291,18266,23544,12219,1086,1011,27,2529,7755,5912,3583,2001,748,43,40,41,39,3356,42,44,3585,9066,29721,10586,15161,4568],"class_list":["post-1170980","post","type-post","status-publish","format-standard","has-post-thumbnail","category-sciences-et-technologies","tag-caddie","tag-chariot","tag-e","tag-et","tag-etre","tag-fr","tag-france","tag-intermarche","tag-leclerc","tag-par","tag-qui","tag-remplace","tag-sait","tag-science","tag-science-and-technology","tag-sciences","tag-sciences-et-technologies","tag-sur","tag-technologies","tag-technology","tag-tout","tag-un","tag-va","tag-vieux","tag-votre","tag-vous"],"share_on_mastodon":{"url":"https:\/\/pubeurope.com\/@fr\/117224524176344118","error":""},"_links":{"self":[{"href":"https:\/\/www.europesays.com\/fr\/wp-json\/wp\/v2\/posts\/1170980","targetHints":{"allow":["GET"]}}],"collection":[{"href":"https:\/\/www.europesays.com\/fr\/wp-json\/wp\/v2\/posts"}],"about":[{"href":"https:\/\/www.europesays.com\/fr\/wp-json\/wp\/v2\/types\/post"}],"author":[{"embeddable":true,"href":"https:\/\/www.europesays.com\/fr\/wp-json\/wp\/v2\/users\/2"}],"replies":[{"embeddable":true,"href":"https:\/\/www.europesays.com\/fr\/wp-json\/wp\/v2\/comments?post=1170980"}],"version-history":[{"count":0,"href":"https:\/\/www.europesays.com\/fr\/wp-json\/wp\/v2\/posts\/1170980\/revisions"}],"wp:featuredmedia":[{"embeddable":true,"href":"https:\/\/www.europesays.com\/fr\/wp-json\/wp\/v2\/media\/1170981"}],"wp:attachment":[{"href":"https:\/\/www.europesays.com\/fr\/wp-json\/wp\/v2\/media?parent=1170980"}],"wp:term":[{"taxonomy":"category","embeddable":true,"href":"https:\/\/www.europesays.com\/fr\/wp-json\/wp\/v2\/categories?post=1170980"},{"taxonomy":"post_tag","embeddable":true,"href":"https:\/\/www.europesays.com\/fr\/wp-json\/wp\/v2\/tags?post=1170980"}],"curies":[{"name":"wp","href":"https:\/\/api.w.org\/{rel}","templated":true}]}}