{"id":1170988,"date":"2026-09-06T14:20:15","date_gmt":"2026-09-06T14:20:15","guid":{"rendered":"https:\/\/www.europesays.com\/fr\/1170988\/"},"modified":"2026-09-06T14:20:15","modified_gmt":"2026-09-06T14:20:15","slug":"place-au-terrain-la-periode-des-transferts-etant-passee-lom-peut-maintenant-se-concentrer-pleinement-sur-le-jeu","status":"publish","type":"post","link":"https:\/\/www.europesays.com\/fr\/1170988\/","title":{"rendered":"Place au terrain : la p\u00e9riode des transferts \u00e9tant pass\u00e9e, l&rsquo;OM peut maintenant se concentrer pleinement sur le jeu"},"content":{"rendered":"<p>Place au terrain : la p\u00e9riode des transferts \u00e9tant pass\u00e9e, l&rsquo;OM peut maintenant se concentrer pleinement sur le jeu<\/p>\n<p>Le mercato enfin termin\u00e9, le staff de l&rsquo;OM peut souffler et capitaliser sur les \u00e9l\u00e9ments pr\u00e9sents. Ce ne sera pas simple, mais Bruno Genesio s&rsquo;attache \u00e0 faire baisser la pression en cette p\u00e9riode de transition, qui commence par la r\u00e9ception du Paris FC dimanche soir (20 h 45).<\/p>\n","protected":false},"excerpt":{"rendered":"Place au terrain : la p\u00e9riode des transferts \u00e9tant pass\u00e9e, l&rsquo;OM peut maintenant se concentrer pleinement sur le&hellip;\n","protected":false},"author":2,"featured_media":1170989,"comment_status":"","ping_status":"","sticky":false,"template":"","format":"standard","meta":{"footnotes":"","_share_on_mastodon":"0"},"categories":[2],"tags":[11,113753,827,63,1011,27,66,884,120060,94189,12,445,86837,87609,105443],"class_list":["post-1170988","post","type-post","status-publish","format-standard","has-post-thumbnail","category-actualites","tag-actualites","tag-aller-3e-journe","tag-competition","tag-football","tag-fr","tag-france","tag-ligue-1","tag-marseille","tag-marseille-paris-fc","tag-mathieu-gregoire","tag-news","tag-paris-fc","tag-payant","tag-presentation-evenement","tag-saison-2026-2027"],"share_on_mastodon":{"url":"https:\/\/pubeurope.com\/@fr\/117224539984482889","error":""},"_links":{"self":[{"href":"https:\/\/www.europesays.com\/fr\/wp-json\/wp\/v2\/posts\/1170988","targetHints":{"allow":["GET"]}}],"collection":[{"href":"https:\/\/www.europesays.com\/fr\/wp-json\/wp\/v2\/posts"}],"about":[{"href":"https:\/\/www.europesays.com\/fr\/wp-json\/wp\/v2\/types\/post"}],"author":[{"embeddable":true,"href":"https:\/\/www.europesays.com\/fr\/wp-json\/wp\/v2\/users\/2"}],"replies":[{"embeddable":true,"href":"https:\/\/www.europesays.com\/fr\/wp-json\/wp\/v2\/comments?post=1170988"}],"version-history":[{"count":0,"href":"https:\/\/www.europesays.com\/fr\/wp-json\/wp\/v2\/posts\/1170988\/revisions"}],"wp:featuredmedia":[{"embeddable":true,"href":"https:\/\/www.europesays.com\/fr\/wp-json\/wp\/v2\/media\/1170989"}],"wp:attachment":[{"href":"https:\/\/www.europesays.com\/fr\/wp-json\/wp\/v2\/media?parent=1170988"}],"wp:term":[{"taxonomy":"category","embeddable":true,"href":"https:\/\/www.europesays.com\/fr\/wp-json\/wp\/v2\/categories?post=1170988"},{"taxonomy":"post_tag","embeddable":true,"href":"https:\/\/www.europesays.com\/fr\/wp-json\/wp\/v2\/tags?post=1170988"}],"curies":[{"name":"wp","href":"https:\/\/api.w.org\/{rel}","templated":true}]}}