{"id":117100,"date":"2025-05-21T14:49:12","date_gmt":"2025-05-21T14:49:12","guid":{"rendered":"https:\/\/www.europesays.com\/fr\/117100\/"},"modified":"2025-05-21T14:49:12","modified_gmt":"2025-05-21T14:49:12","slug":"dites-moi-ce-que-je-dois-faire","status":"publish","type":"post","link":"https:\/\/www.europesays.com\/fr\/117100\/","title":{"rendered":"\u201cDites moi ce que je dois faire ?\u201d"},"content":{"rendered":"<p><strong>Nabilla est l\u2019une des personnalit\u00e9s fran\u00e7aises<br \/>\nm\u00e9diatiques les plus influentes en France.<\/strong> Pourtant, au<br \/>\nd\u00e9part, ce n\u2019est pas gagn\u00e9. Apr\u00e8s une adolescence erratique, avec<br \/>\nun passage par la case prison, celle-ci se fait conna\u00eetre gr\u00e2ce \u00e0<br \/>\nla t\u00e9l\u00e9-r\u00e9alit\u00e9. <strong>Et plus particuli\u00e8rement l\u2019\u00e9mission phare<br \/>\ndes ann\u00e9es 2010, Les Anges.<\/strong> Depuis, celle-ci est devenue<br \/>\nune <strong>influenceuse<\/strong> de premier plan, ainsi qu\u00a0\u00bbune<br \/>\n<strong>businesswoman<\/strong> avis\u00e9e. 2025, elle d\u00e9boule<br \/>\ntranquillement au <strong>Festival de Cannes<\/strong>. Probl\u00e8me :<br \/>\nil lui arrive une <strong>m\u00e9saventure<\/strong> qui la fait sentir<br \/>\nbien seule. <strong>Heureusement pour elle, ses fans, sur les<br \/>\nr\u00e9seaux sociaux, sont l\u00e0, \u00e0 ses c\u00f4t\u00e9s\u2026<\/strong><\/p>\n<p>Nabilla : son adolescence teint\u00e9e de d\u00e9linquance<\/p>\n<p>Tr\u00e8s jeune, selon ses propres dires, <strong>Nabilla<br \/>\nBenattia<\/strong> fr\u00e9quente les bo\u00eetes et le monde de la nuit.<br \/>\n<strong>Elle gravite du c\u00f4t\u00e9 de Gen\u00e8ve et Lausanne, r\u00eave de<br \/>\nmannequinat et plus largement de c\u00e9l\u00e9brit\u00e9.<\/strong> La jeune femme<br \/>\ndit avoir notamment travaill\u00e9 pour une obscure <strong>agence de<br \/>\nmode<\/strong> sud-cor\u00e9enne avant d\u2019\u00eatre majeure. Des propos qui<br \/>\nsont difficiles \u00e0 v\u00e9rifier aujourd\u2019hui.<\/p>\n<p>Finalement, \u00e0 16 ans, elle tourne dans un clip du chanteur<br \/>\n<strong>Willy Denzey<\/strong>. Cela la conforte dans l\u2019id\u00e9e de<br \/>\npercer au c\u0153ur du strass et des paillettes. Selon<br \/>\n<strong>VSD<\/strong>, Nabilla conna\u00eet <a href=\"https:\/\/vsd.fr\/11934-nabilla-mais-si-elle-a-fait-de-la-prison\/\" target=\"_blank\" rel=\"noopener\">une<br \/>\nadolescence teint\u00e9e de d\u00e9linquance.<\/a> <strong>On parle alors de<br \/>\ncomplicit\u00e9 dans une bande organis\u00e9e d\u2019escrocs et d\u2019une condamnation<br \/>\nd\u2019un mois d\u2019emprisonnement avec sursis.<\/strong><\/p>\n<p>Elle perce dans Les Anges de la t\u00e9l\u00e9r\u00e9alit\u00e9 sur NRJ12<\/p>\n<p>Plus tard, comme d&rsquo;autres jeunes de sa g\u00e9n\u00e9ration, Nabilla fait<br \/>\ncarri\u00e8re en tant que participante de t\u00e9l\u00e9-r\u00e9alit\u00e9. <strong>On la<br \/>\nretrouve dans L\u2019Amour est aveugle sur TF1 mais surtout, peu apr\u00e8s,<br \/>\ndans Les Anges de la t\u00e9l\u00e9r\u00e9alit\u00e9 sur feu NRJ12.<\/strong> L\u00e0, elle<br \/>\ndevient la <strong>v\u00e9ritable star<\/strong> d\u2019un programme avec<br \/>\npourtant une dizaine de candidats aux talents divers et vari\u00e9s.<\/p>\n<p><strong>Nabilla devient, presque malgr\u00e9 elle, mais avec une<br \/>\ngourmandise non dissimul\u00e9e, la mascotte des Anges.<\/strong><br \/>\n<a href=\"https:\/\/www.melty.fr\/people\/nabilla-revele-pourquoi-elle-ne-reviendra-pas-en-france-il-faut-dire-la-verite-2161441.html\" target=\"_blank\" rel=\"noopener\"><br \/>\nSes formes chaloup\u00e9es, ses clashs agressifs<\/a>, ses expressions<br \/>\ncultes (le fameux \u201cNon, mais all\u00f4 quoi ?\u201d), son app\u00e9tence<br \/>\npour la chirurgie esth\u00e9tique\u2026 Une diva dans la villa. <strong>Sans<br \/>\nparler de son histoire d\u2019amour historique avec le beau t\u00e9n\u00e9breux<br \/>\nThomas Vergara.<\/strong><\/p>\n<p>Nabilla en grosse gal\u00e8re cannoise en<br \/>\nmarge du festival<\/p>\n<p>2025, la notori\u00e9t\u00e9 de Nabilla Benattia n\u2019est plus \u00e0 remettre en<br \/>\nquestion. Elle est dans la place. Et, visiblement, au Festival de<br \/>\nCannes. <strong>L\u2019ex-na\u00efade des Anges est notamment attendue pour<br \/>\nle gala de l\u2019AmfAR.<\/strong> Une des plus importantes fondations<br \/>\nam\u00e9ricaines, fond\u00e9e par l\u2019actrice de l\u00e9gende <strong>Liz<br \/>\nTaylor<\/strong>, en 1985, sp\u00e9cialis\u00e9e dans la collecte de fonds<br \/>\npour la recherche contre le <strong>Sida<\/strong>.<\/p>\n<blockquote class=\"tiktok-embed\" cite=\"https:\/\/www.tiktok.com\/@nabilla.v\/video\/7506462238639721750#038;refer=embed&amp;referer_url=www.closermag.fr%2Fpeople%2Fcannes-2025-nabilla-au-plus-mal-elle-vit-la-pire-mesaventure-possible-sur-la-croisette-3547032&amp;referer_video_id=7506462238639721750\" data-video-id=\"7506462238639721750\" style=\"max-width: 605px;min-width: 325px;\"><p>\n<a target=\"_blank\" href=\"https:\/\/www.tiktok.com\/@nabilla.v\/video\/7506462238639721750#038;refer=embed&amp;referer_url=www.closermag.fr%2Fpeople%2Fcannes-2025-nabilla-au-plus-mal-elle-vit-la-pire-mesaventure-possible-sur-la-croisette-3547032&amp;referer_video_id=7506462238639721750\" rel=\"noopener\"><br \/>\n<img decoding=\"async\" src=\"https:\/\/www.tiktok.com\/img\/logo.png\" alt=\"TikTok Logo\"\/><\/a>\n<\/p><\/blockquote>\n<p>Malheureusement pour Nabilla, celle-ci fait face \u00e0 une<br \/>\n<strong>grosse gal\u00e8re<\/strong> en arrivant \u00e0 l\u2019a\u00e9roport de Nice. Il<br \/>\nsemblerait qu\u2019une de ses valises se soit \u00e9gar\u00e9e, voire totalement<br \/>\nperdue en chemin. <strong>Et pas n\u2019importe laquelle, celle avec sa<br \/>\nrobe de soir\u00e9e pour la mont\u00e9e des marches du festival de cin\u00e9ma<br \/>\n!<\/strong>\u00a0La star fait alors une vid\u00e9o sur<br \/>\n<strong>TikTok<\/strong> : \u201cL\u00e0, j\u2019ai trop peur\u2026 J\u2019ai ma robe<br \/>\ndans une valise qu\u2019ils ne trouvent pas. Je suis avec les \u00e9quipes de<br \/>\nL\u2019Or\u00e9al et les \u00e9quipes de l\u2019a\u00e9roport, et, en fait, on ne trouve pas<br \/>\nma valise.\u201d <strong>Nabilla est totalement d\u00e9pit\u00e9e par cette<br \/>\nsituation.<\/strong> Voire carr\u00e9ment stress\u00e9e \u00e0 l\u2019id\u00e9e qu\u2019on ne<br \/>\nretrouve pas ses affaires. Apr\u00e8s avoir demand\u00e9 \u00e0 des employ\u00e9s de<br \/>\nl\u2019a\u00e9roport, elle prend \u00e0 t\u00e9moin ses fans sur le r\u00e9seau :<br \/>\n\u201c<strong>Dites moi ce que je dois faire ?<\/strong> Si je dois<br \/>\nrire, si je dois pleurer ? Je sais pas\u2026\u201d La prochaine fois,<br \/>\npeut-\u00eatre, une robe de secours dans un bagage en cabine, peut-\u00eatre<br \/>\n? C&rsquo;est juste une id\u00e9e.<\/p>\n<p><script async src=\"\/\/www.tiktok.com\/embed.js\"><\/script><\/p>\n","protected":false},"excerpt":{"rendered":"Nabilla est l\u2019une des personnalit\u00e9s fran\u00e7aises m\u00e9diatiques les plus influentes en France. Pourtant, au d\u00e9part, ce n\u2019est pas&hellip;\n","protected":false},"author":2,"featured_media":117101,"comment_status":"","ping_status":"","sticky":false,"template":"","format":"standard","meta":{"footnotes":""},"categories":[1359],"tags":[905,58,59,1011,27,23482,973],"class_list":{"0":"post-117100","1":"post","2":"type-post","3":"status-publish","4":"format-standard","5":"has-post-thumbnail","7":"category-people","8":"tag-a-la-une-melty","9":"tag-divertissement","10":"tag-entertainment","11":"tag-fr","12":"tag-france","13":"tag-nabilla-benattia","14":"tag-people"},"share_on_mastodon":{"url":"https:\/\/pubeurope.com\/@fr\/114546380877266837","error":""},"_links":{"self":[{"href":"https:\/\/www.europesays.com\/fr\/wp-json\/wp\/v2\/posts\/117100","targetHints":{"allow":["GET"]}}],"collection":[{"href":"https:\/\/www.europesays.com\/fr\/wp-json\/wp\/v2\/posts"}],"about":[{"href":"https:\/\/www.europesays.com\/fr\/wp-json\/wp\/v2\/types\/post"}],"author":[{"embeddable":true,"href":"https:\/\/www.europesays.com\/fr\/wp-json\/wp\/v2\/users\/2"}],"replies":[{"embeddable":true,"href":"https:\/\/www.europesays.com\/fr\/wp-json\/wp\/v2\/comments?post=117100"}],"version-history":[{"count":0,"href":"https:\/\/www.europesays.com\/fr\/wp-json\/wp\/v2\/posts\/117100\/revisions"}],"wp:featuredmedia":[{"embeddable":true,"href":"https:\/\/www.europesays.com\/fr\/wp-json\/wp\/v2\/media\/117101"}],"wp:attachment":[{"href":"https:\/\/www.europesays.com\/fr\/wp-json\/wp\/v2\/media?parent=117100"}],"wp:term":[{"taxonomy":"category","embeddable":true,"href":"https:\/\/www.europesays.com\/fr\/wp-json\/wp\/v2\/categories?post=117100"},{"taxonomy":"post_tag","embeddable":true,"href":"https:\/\/www.europesays.com\/fr\/wp-json\/wp\/v2\/tags?post=117100"}],"curies":[{"name":"wp","href":"https:\/\/api.w.org\/{rel}","templated":true}]}}