{"id":1171006,"date":"2026-09-06T14:36:17","date_gmt":"2026-09-06T14:36:17","guid":{"rendered":"https:\/\/www.europesays.com\/fr\/1171006\/"},"modified":"2026-09-06T14:36:17","modified_gmt":"2026-09-06T14:36:17","slug":"zfe-travaux-sur-les-routes-policier-mis-en-examen-que-sest-il-passe-a-rouen-cette-semaine","status":"publish","type":"post","link":"https:\/\/www.europesays.com\/fr\/1171006\/","title":{"rendered":"ZFE, travaux sur les routes, policier mis en examen&#8230; Que s&rsquo;est-il pass\u00e9 \u00e0 Rouen cette semaine\u00a0?"},"content":{"rendered":"<p>                    Par<br \/>\n        <strong><br \/>\n            <a href=\"https:\/\/actu.fr\/auteur\/fmass\" title=\"Consulter tous les articles de Fabien Massin\" rel=\"nofollow noopener\" target=\"_blank\">Fabien Massin<\/a><br \/>\n                    <\/strong><\/p>\n<p>        Publi\u00e9 le<\/p>\n<p>            6 sept. 2026 \u00e0 16h16        <\/p>\n<p>La rentr\u00e9e, pour beaucoup, \u00e7a y\u2019est c\u2019est fait, et avec elle, les vacances semblent d\u00e9j\u00e0 loin\u2026 <strong>Rentr\u00e9e politique, travaux sur les routes, bus Crit\u2019Air 4 en circulation\u2026<\/strong> Retrouvez le r\u00e9cap\u2019 de l\u2019actu \u00e0 <a href=\"https:\/\/actu.fr\/normandie\/rouen_76540\" rel=\"nofollow noopener\" target=\"_blank\">Rouen (Seine-Maritime)<\/a> au cours de la premi\u00e8re semaine de septembre 2026.\u00a0<\/p>\n<p>Les infos de la semaine \u00e0 Rouen\u00a0<\/p>\n<p class=\"expresso-item wall-content\"><a title=\"Lire l&#039;article\" href=\"https:\/\/actu.fr\/normandie\/rouen_76540\/un-policier-rouennais-mis-en-examen-pour-viol-d-un-ado-et-detention-d-images-pedopornographiques_64724697.html\" rel=\"nofollow noopener\" target=\"_blank\"><strong>Un policier rouennais mis en examen pour viol d\u2019un ado et d\u00e9tention d\u2019images p\u00e9dopornographiques<\/strong><\/a><br \/>Un policier de 21 ans, affect\u00e9 \u00e0 Rouen, a \u00e9t\u00e9 mis en examen et plac\u00e9 en d\u00e9tention provisoire pour le viol d\u2019un adolescent d\u2019Amiens et d\u2019autres faits p\u00e9docriminels.<\/p>\n<p class=\"expresso-item wall-content\"><a title=\"Lire l&#039;article\" href=\"https:\/\/actu.fr\/normandie\/rouen_76540\/la-rentree-de-lfi-a-rouen-priorite-au-logement-fortes-tensions-et-presidentielle_64709297.html\" rel=\"nofollow noopener\" target=\"_blank\"><strong>La rentr\u00e9e de LFI \u00e0 Rouen : priorit\u00e9 au logement, \u00ab\u00a0fortes tensions \u00bb et pr\u00e9sidentielle<\/strong><\/a><br \/>Rentr\u00e9e politique : \u00e0 Rouen, Maxime Da Silva (LFI) pr\u00e9sente les priorit\u00e9s 2026-2027 de son groupe, ses premiers chantiers et \u00e9voque les tensions avec la majorit\u00e9 municipale.<\/p>\n<p class=\"expresso-item wall-content\"><a title=\"Lire l&#039;article\" href=\"https:\/\/actu.fr\/normandie\/rouen_76540\/present-a-l-armada-2023-cet-impressionnant-navire-militaire-revient-bientot-a-rouen_64702364.html\" rel=\"nofollow noopener\" target=\"_blank\"><strong>Pr\u00e9sent \u00e0 l\u2019Armada 2023, cet impressionnant navire militaire revient bient\u00f4t \u00e0 Rouen<\/strong><\/a><br \/>La fr\u00e9gate multi-missions (Fremm) La Normandie, d\u00e9j\u00e0 pr\u00e9sente en 2023 lors de l\u2019Armada, fera escale \u00e0 Rouen \u00e0 la rentr\u00e9e de septembre. Des visites seront possibles pour le public.<\/p>\n<p class=\"expresso-item wall-content\"><a title=\"Lire l&#039;article\" href=\"https:\/\/actu.fr\/normandie\/rouen_76540\/cette-librairie-ouverte-depuis-plus-de-40-ans-a-rouen-s-accroche-grace-au-soutien-de-ses-clients-ca-va-repartir_64712224.html\" rel=\"nofollow noopener\" target=\"_blank\"><strong>Cette librairie ouverte depuis plus de 40 ans \u00e0 Rouen s\u2019accroche gr\u00e2ce au soutien de ses clients : \u00ab \u00c7a va repartir ! \u00bb<\/strong><\/a><br \/>Pour \u00e9viter la fermeture de cette librairie install\u00e9e depuis plus de 40 ans \u00e0 Rouen, ses clients ont mont\u00e9 une association et pr\u00e9voient l\u2019organisation de nombreux \u00e9v\u00e9nements.<\/p>\n<p class=\"expresso-item wall-content\"><a title=\"Lire l&#039;article\" href=\"https:\/\/actu.fr\/normandie\/rouen_76540\/zfe-a-rouen-ces-bus-crit-air-4-ne-devraient-plus-rouler-depuis-le-1er-septembre-et-pourtant_64745460.html\" rel=\"nofollow noopener\" target=\"_blank\"><strong>ZFE \u00e0 Rouen : ces bus Crit\u2019air 4 ne devraient plus rouler depuis le 1er septembre, et pourtant\u2026<\/strong><\/a><br \/>B\u00e9n\u00e9ficiant d\u2019une d\u00e9rogation jusqu\u2019au 31 ao\u00fbt 2026, des bus Crit\u2019air 4 ne devraient plus circuler dans la ZFE de Rouen. Pourtant, ils sont encore sur les routes. Pourquoi ?<\/p>\n<p>Bon \u00e0 savoir \u00e0 Rouen\u00a0<\/p>\n<p class=\"expresso-item wall-content\"><a title=\"Lire l&#039;article\" href=\"https:\/\/actu.fr\/normandie\/rouen_76540\/circuler-a-rouen-voici-les-endroits-a-eviter-en-cette-rentree-pour-esquiver-les-bouchons_64713959.html\" rel=\"nofollow noopener\" target=\"_blank\"><strong>Circuler \u00e0 Rouen : voici les endroits \u00e0 \u00e9viter en cette rentr\u00e9e pour esquiver les bouchons<\/strong><\/a><br \/>La rentr\u00e9e de septembre 2026 est arriv\u00e9e, sur les routes de l\u2019agglo de Rouen (Seine-Maritime), des travaux sont toujours en cours. Voici o\u00f9.<\/p>\n<p class=\"expresso-item wall-content\"><a title=\"Lire l&#039;article\" href=\"https:\/\/actu.fr\/normandie\/rouen_76540\/quels-quartiers-de-rouen-ne-sont-pas-eclaires-la-nuit-la-carte-qu-il-faut-si-vous-emmenagez-ou-sortez-en-ville_64726655.html\" rel=\"nofollow noopener\" target=\"_blank\"><strong>Quels quartiers de Rouen ne sont pas \u00e9clair\u00e9s la nuit ? La carte qu\u2019il faut si vous emm\u00e9nagez ou sortez en ville<\/strong><\/a><br \/>Bon \u00e0 savoir si vous emm\u00e9nagez \u00e0 Rouen en cette rentr\u00e9e 2026 : tous les quartiers de la ville ne sont pas \u00e9clair\u00e9s la nuit. Voici la carte pour vous y retrouver.<\/p>\n<p class=\"expresso-item wall-content\"><a title=\"Lire l&#039;article\" href=\"https:\/\/actu.fr\/normandie\/rouen_76540\/seine-marathon-76-20-000-participants-attendus-pour-la-huitieme-edition_64704472.html\" rel=\"nofollow noopener\" target=\"_blank\"><strong>20 000 coureurs attendus : d\u00e9couvrez toutes les infos sur le Seine Marathon 76 \u00e9dition 2026<\/strong><\/a><br \/>La huiti\u00e8me \u00e9dition du Seine-Marathon 76 aura lieu le samedi\u00a026 et le dimanche 27\u00a0septembre prochains, avec quelques nouveaut\u00e9s au programme.<\/p>\n<p class=\"expresso-item wall-content\"><a title=\"Lire l&#039;article\" href=\"https:\/\/actu.fr\/normandie\/rouen_76540\/bon-plan-tous-les-bijoux-sont-a-10-euros-dans-cette-nouvelle-boutique-a-rouen_64738122.html\" rel=\"nofollow noopener\" target=\"_blank\"><strong>Bon plan : tous les bijoux sont \u00e0 10 euros dans cette nouvelle boutique \u00e0 Rouen<\/strong><\/a><br \/>La boutique La Brad\u2019\u00e0 Bijoux ouvre rue de la Champmesl\u00e9 \u00e0 Rouen (Seine-Maritime) samedi 5 septembre 2026. On y trouvera des bagues, colliers, bracelets, etc. \u00e0 10 euros.<\/p>\n<p class=\"expresso-item wall-content\"><a title=\"Lire l&#039;article\" href=\"https:\/\/actu.fr\/normandie\/rouen_76540\/a-rouen-la-seine-est-elle-vraiment-baignable-et-les-rouennais-sont-ils-prets_64709248.html\" rel=\"nofollow noopener\" target=\"_blank\"><strong>\u00c0 Rouen, la Seine est-elle vraiment baignable\u2026 et les Rouennais sont-ils pr\u00eats ?<\/strong><\/a><br \/>En cette ann\u00e9e 2026 o\u00f9 les canicules s\u2019encha\u00eenent, le sujet de la baignade dans la Seine revient au premier plan \u00e0 Rouen et ailleurs. Est-elle envisageable ? El\u00e9ments de r\u00e9ponse.<\/p>\n<p>Suivez l\u2019actualit\u00e9 de Rouen sur notre <a href=\"https:\/\/www.whatsapp.com\/channel\/0029VaKfnf99hXF2ddApFB1D\" rel=\"nofollow noopener\" target=\"_blank\">cha\u00eene WhatsApp<\/a> et sur notre <a href=\"https:\/\/www.tiktok.com\/@76actu.fr?lang=fr\" rel=\"nofollow noopener\" target=\"_blank\">compte TikTok<\/a><\/p>\n<p class=\" wall-content\">Personnalisez votre actualit\u00e9 en ajoutant vos villes et m\u00e9dias en favori avec <a href=\"https:\/\/moncompte.actu.fr\" title=\"D\u00e9couvez Mon Actu\" rel=\"nofollow noopener\" data-trk=\"{&quot;cta&quot;:{&quot;action&quot;:&quot;https:\\\/\\\/moncompte.actu.fr&quot;,&quot;category&quot;:&quot;mon compte&quot;,&quot;from&quot;:&quot;article footer&quot;,&quot;name&quot;:&quot;Mon actu&quot;,&quot;type&quot;:&quot;cta&quot;}}\" target=\"_blank\">Mon Actu<\/a>.<\/p>\n<p>                    <script async src=\"\/\/www.tiktok.com\/embed.js\"><\/script><\/p>\n","protected":false},"excerpt":{"rendered":"Par Fabien Massin Publi\u00e9 le 6 sept. 2026 \u00e0 16h16 La rentr\u00e9e, pour beaucoup, \u00e7a y\u2019est c\u2019est fait,&hellip;\n","protected":false},"author":2,"featured_media":1171007,"comment_status":"","ping_status":"","sticky":false,"template":"","format":"standard","meta":{"footnotes":"","_share_on_mastodon":"0"},"categories":[9587],"tags":[1111,11,1777,674,1011,27,12,5161,1072,25,9590,104,2086,2433],"class_list":["post-1171006","post","type-post","status-publish","format-standard","has-post-thumbnail","category-rouen","tag-actu","tag-actualites","tag-eu","tag-europe","tag-fr","tag-france","tag-news","tag-normandie","tag-police","tag-republique-francaise","tag-rouen","tag-societe","tag-travaux","tag-zone-a-faibles-emissions-zfe"],"share_on_mastodon":{"url":"https:\/\/pubeurope.com\/@fr\/117224602692884222","error":""},"_links":{"self":[{"href":"https:\/\/www.europesays.com\/fr\/wp-json\/wp\/v2\/posts\/1171006","targetHints":{"allow":["GET"]}}],"collection":[{"href":"https:\/\/www.europesays.com\/fr\/wp-json\/wp\/v2\/posts"}],"about":[{"href":"https:\/\/www.europesays.com\/fr\/wp-json\/wp\/v2\/types\/post"}],"author":[{"embeddable":true,"href":"https:\/\/www.europesays.com\/fr\/wp-json\/wp\/v2\/users\/2"}],"replies":[{"embeddable":true,"href":"https:\/\/www.europesays.com\/fr\/wp-json\/wp\/v2\/comments?post=1171006"}],"version-history":[{"count":0,"href":"https:\/\/www.europesays.com\/fr\/wp-json\/wp\/v2\/posts\/1171006\/revisions"}],"wp:featuredmedia":[{"embeddable":true,"href":"https:\/\/www.europesays.com\/fr\/wp-json\/wp\/v2\/media\/1171007"}],"wp:attachment":[{"href":"https:\/\/www.europesays.com\/fr\/wp-json\/wp\/v2\/media?parent=1171006"}],"wp:term":[{"taxonomy":"category","embeddable":true,"href":"https:\/\/www.europesays.com\/fr\/wp-json\/wp\/v2\/categories?post=1171006"},{"taxonomy":"post_tag","embeddable":true,"href":"https:\/\/www.europesays.com\/fr\/wp-json\/wp\/v2\/tags?post=1171006"}],"curies":[{"name":"wp","href":"https:\/\/api.w.org\/{rel}","templated":true}]}}