{"id":1171037,"date":"2026-09-06T15:11:20","date_gmt":"2026-09-06T15:11:20","guid":{"rendered":"https:\/\/www.europesays.com\/fr\/1171037\/"},"modified":"2026-09-06T15:11:20","modified_gmt":"2026-09-06T15:11:20","slug":"rhone-cest-une-cocotte-minute-trois-departs-de-feu-au-cra-de-lyon-un-policier-hospitalise","status":"publish","type":"post","link":"https:\/\/www.europesays.com\/fr\/1171037\/","title":{"rendered":"Rh\u00f4ne. \u00ab\u00a0C\u2019est une cocotte-minute\u00a0\u00bb\u00a0: trois d\u00e9parts de feu au CRA de Lyon, un policier hospitalis\u00e9"},"content":{"rendered":"<p>En une seule journ\u00e9e, Le Centre de r\u00e9tention administratif (CRA) 2, situ\u00e9 \u00e0 proximit\u00e9 de l\u2019a\u00e9roport de Saint-Exup\u00e9ry, dans la commune de Colombier-Saugnieu, a connu pas moins de trois d\u00e9parts de feu volontaires ce samedi 5\u00a0septembre.<\/p>\n<p>Selon nos informations, les hostilit\u00e9s auraient d\u00e9but\u00e9 au r\u00e9fectoire, lorsqu\u2019un \u00ab\u00a0retenu\u00a0\u00bb (l\u2018on ne parle pas de \u00ab\u00a0d\u00e9tenu\u00a0\u00bb, les CRA ne relevant pas du milieu p\u00e9nitentiaire) aurait jet\u00e9 son plateau de repas au sol, bient\u00f4t imit\u00e9 par d\u2019autres. \u00ab\u00a0Une situation qui se reproduit tr\u00e8s souvent\u00a0\u00bb, d\u00e9plore le syndicat de police Alliance, interrog\u00e9 par Le Progr\u00e8s. L\u2019homme est isol\u00e9 du reste du groupe, mais, malgr\u00e9 cette mesure, le climat g\u00e9n\u00e9ral reste tendu.<\/p>\n<p>Tant et si bien que vers 18\u00a0h, l\u2019alarme du bloc retentit. \u00ab\u00a0Une ou plusieurs personnes ont mis le feu \u00e0 l\u2019un des lits\u00a0\u00bb, poursuit le syndicat. Difficult\u00e9 suppl\u00e9mentaire\u00a0: les cam\u00e9ras de s\u00e9curit\u00e9 ont \u00e9t\u00e9 volontairement masqu\u00e9es. Les agents de s\u00e9curit\u00e9 incendie se voient rapidement \u00e9paul\u00e9s de sapeurs-pompiers venus de l\u2019a\u00e9roport, mais aussi des communes de Meyzieu et Saint-Priest. Plusieurs v\u00e9hicules sont d\u00e9ploy\u00e9s, dont une \u00ab\u00a0grande \u00e9chelle\u00a0\u00bb. Le d\u00e9part de feu aurait provoqu\u00e9 une fum\u00e9e noire et toxique. Un policier et un agent de s\u00e9curit\u00e9, incommod\u00e9s, sont transport\u00e9s \u00e0 l\u2019h\u00f4pital. Les retenus sont plac\u00e9s dans la cour ext\u00e9rieure le temps de l\u2019op\u00e9ration.<\/p>\n<p>  \u00ab\u00a0\u00c0 tout moment \u00e7a peut exploser\u00a0\u00bb<\/p>\n<p>Bis repetita aux alentours de 20\u00a0h\u00a030\u00a0: un matelas situ\u00e9 dans une autre chambre est volontairement enflamm\u00e9. Les agents de s\u00e9curit\u00e9 et pompiers sont de nouveau mobilis\u00e9s, ainsi que des effectifs de la Compagnie d\u00e9partementale d\u2019intervention (CDI) venus appuyer ceux de la police des fronti\u00e8res. Encore une fois, le feu est rapidement ma\u00eetris\u00e9. Une derni\u00e8re tentative a lieu vers 22\u00a0h\u00a020, avec l\u2019incendie d\u2019une poubelle, avant que le calme ne revienne.<\/p>\n<p>Alliance d\u00e9nonce une situation \u00ab\u00a0quasi insurrectionnelle\u00a0\u00bb dont l\u2019origine aurait de multiples facteurs, notamment un manque de moyens humains et des centres o\u00f9 l\u2019on trouve de plus en plus de profils \u00ab\u00a0d\u00e9favorablement connus des services de police\u00a0\u00bb. \u00ab\u00a0C\u2019est <a href=\"https:\/\/www.leprogres.fr\/societe\/2023\/03\/06\/qui-sont-les-etrangers-enfermes-que-deviennent-ils-les-statistiques-du-centre-de-retention-lyonnais\" target=\"_blank\" rel=\"nofollow noopener\">une cocotte-minute<\/a>, \u00e0 tout moment \u00e7a peut exploser.\u00a0\u00bb Le syndicat r\u00e9clame \u00ab\u00a0plus de moyens, plus de protection, plus de fermet\u00e9\u00a0\u00bb et appelle ses adh\u00e9rents \u00e0 une manifestation nationale le 15\u00a0septembre prochain, notamment pour r\u00e9clamer une revalorisation de la prime de risque des policiers, qui n\u2019a pas \u00e9t\u00e9 augment\u00e9e depuis 2019.<\/p>\n","protected":false},"excerpt":{"rendered":"En une seule journ\u00e9e, Le Centre de r\u00e9tention administratif (CRA) 2, situ\u00e9 \u00e0 proximit\u00e9 de l\u2019a\u00e9roport de Saint-Exup\u00e9ry,&hellip;\n","protected":false},"author":2,"featured_media":1171038,"comment_status":"","ping_status":"","sticky":false,"template":"","format":"standard","meta":{"footnotes":"","_share_on_mastodon":"0"},"categories":[1889],"tags":[1111,11,2430,23533,271,272,3152,1777,674,274,107,1011,27,1310,2428,12,25,2429,23534],"class_list":["post-1171037","post","type-post","status-publish","format-standard","has-post-thumbnail","category-lyon","tag-actu","tag-actualites","tag-auvergne-rhone-alpes","tag-colombier-saugnieu","tag-crime","tag-delit-et-contravention","tag-edition-est-lyonnais","tag-eu","tag-europe","tag-faits-divers-justice","tag-fil-info","tag-fr","tag-france","tag-incendie","tag-lyon","tag-news","tag-republique-francaise","tag-rhone","tag-saint-laurent-de-mure-bassin"],"share_on_mastodon":{"url":"https:\/\/pubeurope.com\/@fr\/117224740489715970","error":""},"_links":{"self":[{"href":"https:\/\/www.europesays.com\/fr\/wp-json\/wp\/v2\/posts\/1171037","targetHints":{"allow":["GET"]}}],"collection":[{"href":"https:\/\/www.europesays.com\/fr\/wp-json\/wp\/v2\/posts"}],"about":[{"href":"https:\/\/www.europesays.com\/fr\/wp-json\/wp\/v2\/types\/post"}],"author":[{"embeddable":true,"href":"https:\/\/www.europesays.com\/fr\/wp-json\/wp\/v2\/users\/2"}],"replies":[{"embeddable":true,"href":"https:\/\/www.europesays.com\/fr\/wp-json\/wp\/v2\/comments?post=1171037"}],"version-history":[{"count":0,"href":"https:\/\/www.europesays.com\/fr\/wp-json\/wp\/v2\/posts\/1171037\/revisions"}],"wp:featuredmedia":[{"embeddable":true,"href":"https:\/\/www.europesays.com\/fr\/wp-json\/wp\/v2\/media\/1171038"}],"wp:attachment":[{"href":"https:\/\/www.europesays.com\/fr\/wp-json\/wp\/v2\/media?parent=1171037"}],"wp:term":[{"taxonomy":"category","embeddable":true,"href":"https:\/\/www.europesays.com\/fr\/wp-json\/wp\/v2\/categories?post=1171037"},{"taxonomy":"post_tag","embeddable":true,"href":"https:\/\/www.europesays.com\/fr\/wp-json\/wp\/v2\/tags?post=1171037"}],"curies":[{"name":"wp","href":"https:\/\/api.w.org\/{rel}","templated":true}]}}