{"id":1171049,"date":"2026-09-06T15:18:19","date_gmt":"2026-09-06T15:18:19","guid":{"rendered":"https:\/\/www.europesays.com\/fr\/1171049\/"},"modified":"2026-09-06T15:18:19","modified_gmt":"2026-09-06T15:18:19","slug":"drone-a-leipzig-lavrov-accuse-lallemagne-de-provoquer-la-guerre","status":"publish","type":"post","link":"https:\/\/www.europesays.com\/fr\/1171049\/","title":{"rendered":"Drone \u00e0 Leipzig : Lavrov accuse l&rsquo;Allemagne de provoquer la guerre"},"content":{"rendered":"<p>  <img decoding=\"async\" class=\"r-img lazyloaded\" src=\"https:\/\/www.europesays.com\/fr\/wp-content\/uploads\/2026\/09\/dalessandra.jpg\" alt=\"Thomas D'Alessandro\"\/><\/p>\n<p>par <a href=\"https:\/\/www.rtl.be\/373137\/dpi-authors\/thomas-dalessandro\" rel=\"nofollow noopener\" target=\"_blank\">Thomas D&rsquo;Alessandro<\/a><\/p>\n<p>\tPubli\u00e9 le 06 septembre \u00e0 16h36<\/p>\n<p>  <a href=\"https:\/\/www.google.com\/preferences\/source?q=rtl%20info\" class=\"r-link--google-favorites\" role=\"button\">Ajoutez-nous \u00e0 vos favoris Google<\/a><br \/>\n\tLe chef de la diplomatie russe, Sergue\u00ef Lavrov, a accus\u00e9 Berlin de provoquer une escalade apr\u00e8s la d\u00e9couverte d\u2019un drone explosif \u00e0 l\u2019a\u00e9roport de Leipzig, \u00e9voquant \u00ab\u00a0le d\u00e9but d\u2019une vraie guerre\u00a0\u00bb sur la t\u00e9l\u00e9vision russe.<\/p>\n<p>&#13;<br \/>\n&#13;<\/p>\n<p>Le ministre russe des Affaires \u00e9trang\u00e8res Sergue\u00ef Lavrov a affirm\u00e9 dimanche \u00e0 la t\u00e9l\u00e9vision russe que les accusations allemandes contre Moscou autour du drone retrouv\u00e9 pr\u00e8s de l\u2019a\u00e9roport de Leipzig sont \u00ab\u00a0le d\u00e9but d\u2019une vraie guerre\u00a0\u00bb.<\/p>\n<p>\u00ab\u00a0L\u2019a\u00e9roport de Leipzig (\u2026) ils ont trouv\u00e9 un drone l\u00e0-bas. Ils ont dit que c\u2019\u00e9tait un drone russe. Personne ne l\u2019a confirm\u00e9. \u00c0 proprement parler, c\u2019est le d\u00e9but d\u2019une vraie guerre\u00a0\u00bb, a-t-il d\u00e9clar\u00e9 sur une cha\u00eene de t\u00e9l\u00e9vision de l\u2019\u00c9tat. Le ministre a affirm\u00e9 que les sanctions allemandes, telles que la fermeture du consulat russe \u00e0 Bonn ou de l\u2019institution culturelle, la \u00ab\u00a0Maison de la Russie\u00a0\u00bb, \u00e0 Berlin, lui rappelaient le d\u00e9but de la Seconde guerre mondiale. Sergue\u00ef Lavrov, dans le s\u00e9rail politique russe depuis plusieurs d\u00e9cennies, est connu pour ses propos virulents, notamment autour de l\u2019invasion russe en Ukraine.<\/p>\n<p>&#13;<br \/>\n&#13;<\/p>\n<p>&#13;<br \/>\n&#13;<\/p>\n<p>Un drone explosif avait \u00e9t\u00e9 d\u00e9couvert d\u00e9but ao\u00fbt \u00e0 l\u2019a\u00e9roport de Leipzig, une plateforme militaire capitale pour l\u2019arm\u00e9e allemande et pour l\u2019Otan. Il avait \u00e9t\u00e9 retrouv\u00e9 dans la zone s\u00e9curis\u00e9e des op\u00e9rations de fret, \u00e0 proximit\u00e9 de plusieurs avions-cargos ukrainiens, et un deuxi\u00e8me engin aurait heurt\u00e9 un avion-cargo de DHL quelques minutes plus tard, sans provoquer d\u2019explosion.<\/p>\n<p>Apr\u00e8s plusieurs semaines d\u2019enqu\u00eate, le gouvernement allemand a d\u00e9nonc\u00e9 une op\u00e9ration des services de renseignement russes. La police criminelle allemande a pour sa part identifi\u00e9 l\u2019ADN de deux hommes au passeport russe comme principaux suspects de cette tentative d\u2019attentat.<\/p>\n<p>&#13;<br \/>\n&#13;<\/p>\n<p>&#13;<br \/>\n&#13;<\/p>\n<p><a class=\"r-btn r-btn--tag\" href=\"https:\/\/www.rtl.be\/333508\/locations\/russie\" title=\"Russie\" rel=\"nofollow noopener\" target=\"_blank\">Russie<\/a><br \/>\n<a class=\"r-btn r-btn--tag\" href=\"https:\/\/www.rtl.be\/333713\/locations\/allemagne\" title=\"Allemagne\" rel=\"nofollow noopener\" target=\"_blank\">Allemagne<\/a><br \/>\n<a class=\"r-btn r-btn--tag\" href=\"https:\/\/www.rtl.be\/333750\/locations\/berlin\" title=\"Berlin\" rel=\"nofollow noopener\" target=\"_blank\">Berlin<\/a><\/p>\n","protected":false},"excerpt":{"rendered":"par Thomas D&rsquo;Alessandro Publi\u00e9 le 06 septembre \u00e0 16h36 Ajoutez-nous \u00e0 vos favoris Google Le chef de la&hellip;\n","protected":false},"author":2,"featured_media":1171050,"comment_status":"","ping_status":"","sticky":false,"template":"","format":"standard","meta":{"footnotes":"","_share_on_mastodon":"0"},"categories":[1591],"tags":[121314,11,121318,120374,121313,1887,121315,12,136,121317,1885,1886,132,121316,1135,220],"class_list":["post-1171049","post","type-post","status-publish","format-standard","has-post-thumbnail","category-russie","tag-accusations-allemandes-russie","tag-actualites","tag-adn-passeport-russe","tag-aeroport-de-leipzig","tag-drone-explosif-leipzig","tag-federation-de-russie","tag-guerre-russie-allemagne","tag-news","tag-otan","tag-renseignement-russe","tag-russia","tag-russian-federation","tag-russie","tag-sanctions-allemandes","tag-serguei-lavrov","tag-ukraine"],"share_on_mastodon":{"url":"https:\/\/pubeurope.com\/@fr\/117224769648653855","error":""},"_links":{"self":[{"href":"https:\/\/www.europesays.com\/fr\/wp-json\/wp\/v2\/posts\/1171049","targetHints":{"allow":["GET"]}}],"collection":[{"href":"https:\/\/www.europesays.com\/fr\/wp-json\/wp\/v2\/posts"}],"about":[{"href":"https:\/\/www.europesays.com\/fr\/wp-json\/wp\/v2\/types\/post"}],"author":[{"embeddable":true,"href":"https:\/\/www.europesays.com\/fr\/wp-json\/wp\/v2\/users\/2"}],"replies":[{"embeddable":true,"href":"https:\/\/www.europesays.com\/fr\/wp-json\/wp\/v2\/comments?post=1171049"}],"version-history":[{"count":0,"href":"https:\/\/www.europesays.com\/fr\/wp-json\/wp\/v2\/posts\/1171049\/revisions"}],"wp:featuredmedia":[{"embeddable":true,"href":"https:\/\/www.europesays.com\/fr\/wp-json\/wp\/v2\/media\/1171050"}],"wp:attachment":[{"href":"https:\/\/www.europesays.com\/fr\/wp-json\/wp\/v2\/media?parent=1171049"}],"wp:term":[{"taxonomy":"category","embeddable":true,"href":"https:\/\/www.europesays.com\/fr\/wp-json\/wp\/v2\/categories?post=1171049"},{"taxonomy":"post_tag","embeddable":true,"href":"https:\/\/www.europesays.com\/fr\/wp-json\/wp\/v2\/tags?post=1171049"}],"curies":[{"name":"wp","href":"https:\/\/api.w.org\/{rel}","templated":true}]}}