{"id":117106,"date":"2025-05-21T14:52:09","date_gmt":"2025-05-21T14:52:09","guid":{"rendered":"https:\/\/www.europesays.com\/fr\/117106\/"},"modified":"2025-05-21T14:52:09","modified_gmt":"2025-05-21T14:52:09","slug":"clemence-prete-a-avoir-un-enfant-avec-malik-marie-tapernoux-la-met-en-garde","status":"publish","type":"post","link":"https:\/\/www.europesays.com\/fr\/117106\/","title":{"rendered":"Cl\u00e9mence pr\u00eate \u00e0 avoir un enfant avec Malik, Marie Tapernoux la met en garde"},"content":{"rendered":"<p>Si Cl\u00e9mence a essuy\u00e9 un \u00ab\u00a0non\u00a0\u00bb l\u2019ann\u00e9e derni\u00e8re dans Mari\u00e9s au<br \/>\npremier regard, force est de constater que la jeune femme a bien<br \/>\nfait de retenter sa chance en saison 9. Et pour cause, Marie<br \/>\nTapernoux et Estelle Dossin, les deux expertes du programme, lui<br \/>\nont trouv\u00e9 une compatibilit\u00e9 en la personne de Malik. Apr\u00e8s un long<br \/>\nmoment de stress, et malgr\u00e9 la surprise du candidat en voyant<br \/>\nd\u00e9barquer Cl\u00e9mence, ces derniers se sont dit \u00ab\u00a0oui\u00a0\u00bb \u00e0 Gibraltar.<br \/>\nEntre eux, le courant est tout de suite pass\u00e9 et l\u2019aventure ne<br \/>\npouvait pas mieux se d\u00e9rouler.<\/p>\n<p>Cl\u00e9mence et Malik vivent un r\u00eave \u00e9veill\u00e9 dans Mari\u00e9s au premier<br \/>\nregard<\/p>\n<p>Si plusieurs histoires sont prometteuses, \u00e0 l\u00a0\u00bbinstar de <a href=\"https:\/\/www.melty.fr\/tele\/maries-au-premier-regard-2025-mallaury-surprise-en-decouvrant-le-sexe-de-sa-moitie-les-expertes-ont-fait-ce-choix-la-2236148.html\" target=\"_blank\" rel=\"noopener\"><br \/>\nMallaury qui a \u00e9t\u00e9 surprise en d\u00e9couvrant le sexe de sa moiti\u00e9<\/a>,<br \/>\ncelle de Cl\u00e9mence et Malik est certainement l\u2019une des plus<br \/>\ntouchantes. Tr\u00e8s vite, ces derniers ont <strong>nou\u00e9 un v\u00e9ritable<br \/>\nlien<\/strong> et se sont montr\u00e9s <strong>complices<\/strong>.<br \/>\nL\u2019attirance, elle, \u00e9tait \u00e9galement palpable d\u00e8s les premiers<br \/>\ninstants.<\/p>\n<p>\u00ab\u00a0J\u2019ai h\u00e2te de lui montrer qu\u2019elle me pla\u00eet\u00a0\u00bb, avait<br \/>\nnotamment confi\u00e9 l\u2019\u00e9lectricien avant de d\u00e9voiler au sujet de leur<br \/>\nnuit de noces : <strong>\u00ab\u00a0Cette premi\u00e8re nuit s\u2019est tr\u00e8s bien<br \/>\npass\u00e9e<\/strong>. M\u00eame si c\u2019\u00e9tait tr\u00e8s court. On a pu \u00e9changer un<br \/>\npetit peu, mais la fatigue a pris le dessus\u00a0\u00bb. <a href=\"https:\/\/www.melty.fr\/tele\/maries-au-premier-regard-2025-clemence-sans-detour-sur-laspect-charnel-avec-malik-cest-parfait-2232015.html\" target=\"_blank\" rel=\"noopener\"><br \/>\nM\u00eame son de cloche du c\u00f4t\u00e9 de Cl\u00e9mence<\/a> qui semble vivre<br \/>\n<strong>un r\u00eave \u00e9veill\u00e9<\/strong> :<br \/>\n<strong>\u00ab\u00a0<\/strong><strong>Qu\u2019est-ce que c\u2019est<br \/>\nagr\u00e9able<\/strong>, moi je suis sur mon petit nuage l\u00e0. Je me laisse<br \/>\ncompl\u00e8tement porter. J\u2019ai pos\u00e9 le cerveau. Je laisse un peu les<br \/>\nchoses se faire naturellement, et \u00e7a fait tellement de bien,<br \/>\n<strong>c\u2019est top en fait, c\u2019est parfait\u00a0\u00bb<\/strong>.<\/p>\n<p>Cl\u00e9mence \u00e9voque son envie de maternit\u00e9<\/p>\n<p><strong>Attention spoiler !<\/strong> Alors qu\u2019ils se sont faits<br \/>\ndiscrets ces derniers temps dans Mari\u00e9s au premier regard, Cl\u00e9mence<br \/>\net Malik vont faire leur retour dans l\u2019\u00e9pisode diffus\u00e9 le 26 mai<br \/>\nprochain sur M6. Les deux amoureux vont enfin <strong>partir en<br \/>\nlune de miel<\/strong> et apprendre \u00e0 se conna\u00eetre davantage.<br \/>\nHeureuse avec son nouveau mari, <strong>une question taraude<br \/>\ntoutefois l\u2019esprit de la candidate<\/strong>.<\/p>\n<p>D\u00e9sireuse de devenir maman, <strong>Cl\u00e9mence esp\u00e8re ainsi que<br \/>\nMalik sera ouvert \u00e0 cette id\u00e9e de paternit\u00e9<\/strong>. Une crainte<br \/>\nqu\u2019elle doit en r\u00e9alit\u00e9 \u00e0 son \u00e2ge. \u00ab\u00a0Quand on a quarante ans,<br \/>\nc\u2019est vrai qu\u2019on r\u00e9fl\u00e9chit un peu plus \u00e0 la projection, plus<br \/>\nrapidement. <strong>Si je veux un enfant, je ne vais pas pouvoir<br \/>\nattendre dix ans<\/strong>. C\u2019est important de savoir si, en effet,<br \/>\nc\u2019est compatible avec une projection ensemble. <strong>J\u2019esp\u00e8re que<br \/>\nMalik voudra en avoir un autre\u00a0\u00bb<\/strong> confie la femme<br \/>\nd\u2019affaires.<\/p>\n<p>Ce pr\u00e9cieux conseil donn\u00e9 par Marie<br \/>\nTapernoux<\/p>\n<p><strong>Malik parviendra-t-il \u00e0 se projeter avec sa nouvelle<br \/>\n\u00e9pouse ?<\/strong> Il faudra faire preuve d\u2019un peu de patience avant<br \/>\nde le d\u00e9couvrir. En attendant, Marie Tapernoux a analys\u00e9 en d\u00e9tail<br \/>\nce questionnement de la candidate. <strong>\u00ab\u00a0Cette question que<br \/>\nCl\u00e9mence se pose est parfaitement l\u00e9gitime<\/strong>, et elle en a<br \/>\nconscience. Entre eux, actuellement, tout est parfait, et<br \/>\n<strong>elle a peur qu\u2019en abordant le sujet \u00e7a vienne perturber<br \/>\nleur bonheur<\/strong>. Cl\u00e9mence a besoin d\u2019\u00eatre rassur\u00e9e sur ce<br \/>\npoint et de savoir si elle peut compl\u00e8tement se projeter avec<br \/>\nlui\u00a0\u00bb, estime l\u2019experte.<\/p>\n<p>De m\u00eame, la jeune femme \u00ab\u00a0est en train de tomber amoureuse,<br \/>\nelle est plein r\u00eave, et aborder ce sujet des enfants peut<br \/>\nbrutalement ramener \u00e0 la r\u00e9alit\u00e9. Dans ce genre de situation<br \/>\n<strong>il faut attendre le bon moment<\/strong>, quand l\u2019endroit et<br \/>\nl\u2019atmosph\u00e8re s\u2019y pr\u00eatent\u00a0\u00bb. Marie Tapernoux met finalement en<br \/>\ngarde Cl\u00e9mence qui doit selon elle <strong>\u00ab\u00a0choisir le bon<br \/>\ntiming\u00a0\u00bb pour aborder ce sujet important avec<br \/>\nMalik<\/strong>.<\/p>\n","protected":false},"excerpt":{"rendered":"Si Cl\u00e9mence a essuy\u00e9 un \u00ab\u00a0non\u00a0\u00bb l\u2019ann\u00e9e derni\u00e8re dans Mari\u00e9s au premier regard, force est de constater que&hellip;\n","protected":false},"author":2,"featured_media":117107,"comment_status":"","ping_status":"","sticky":false,"template":"","format":"standard","meta":{"footnotes":""},"categories":[1356],"tags":[905,58,59,1011,27,4057,252,1364],"class_list":{"0":"post-117106","1":"post","2":"type-post","3":"status-publish","4":"format-standard","5":"has-post-thumbnail","7":"category-television","8":"tag-a-la-une-melty","9":"tag-divertissement","10":"tag-entertainment","11":"tag-fr","12":"tag-france","13":"tag-maries-au-premier-regard-2025","14":"tag-television","15":"tag-tv"},"share_on_mastodon":{"url":"https:\/\/pubeurope.com\/@fr\/114546392861116974","error":""},"_links":{"self":[{"href":"https:\/\/www.europesays.com\/fr\/wp-json\/wp\/v2\/posts\/117106","targetHints":{"allow":["GET"]}}],"collection":[{"href":"https:\/\/www.europesays.com\/fr\/wp-json\/wp\/v2\/posts"}],"about":[{"href":"https:\/\/www.europesays.com\/fr\/wp-json\/wp\/v2\/types\/post"}],"author":[{"embeddable":true,"href":"https:\/\/www.europesays.com\/fr\/wp-json\/wp\/v2\/users\/2"}],"replies":[{"embeddable":true,"href":"https:\/\/www.europesays.com\/fr\/wp-json\/wp\/v2\/comments?post=117106"}],"version-history":[{"count":0,"href":"https:\/\/www.europesays.com\/fr\/wp-json\/wp\/v2\/posts\/117106\/revisions"}],"wp:featuredmedia":[{"embeddable":true,"href":"https:\/\/www.europesays.com\/fr\/wp-json\/wp\/v2\/media\/117107"}],"wp:attachment":[{"href":"https:\/\/www.europesays.com\/fr\/wp-json\/wp\/v2\/media?parent=117106"}],"wp:term":[{"taxonomy":"category","embeddable":true,"href":"https:\/\/www.europesays.com\/fr\/wp-json\/wp\/v2\/categories?post=117106"},{"taxonomy":"post_tag","embeddable":true,"href":"https:\/\/www.europesays.com\/fr\/wp-json\/wp\/v2\/tags?post=117106"}],"curies":[{"name":"wp","href":"https:\/\/api.w.org\/{rel}","templated":true}]}}