{"id":1171075,"date":"2026-09-06T15:38:21","date_gmt":"2026-09-06T15:38:21","guid":{"rendered":"https:\/\/www.europesays.com\/fr\/1171075\/"},"modified":"2026-09-06T15:38:21","modified_gmt":"2026-09-06T15:38:21","slug":"classic-jean-patrick-dubuisson-u19-jules-martin-1er-actualite","status":"publish","type":"post","link":"https:\/\/www.europesays.com\/fr\/1171075\/","title":{"rendered":"Classic Jean-Patrick Dubuisson U19 : Jules Martin 1er &#8211; Actualit\u00e9"},"content":{"rendered":"<p>                                                                    <img decoding=\"async\" src=\"https:\/\/www.europesays.com\/fr\/wp-content\/uploads\/2026\/09\/6a9d801dd24e7.jpg\" height=\"auto\" loading=\"lazy\"\/><br \/>\n                                                                    Cr\u00e9dit photo Philippe Pradier \/ DirectVelo<\/p>\n<p class=\"images-caption\">Cr\u00e9dit photo Philippe Pradier \/ DirectVelo<\/p>\n<p class=\"metadata\">\n            Par<br \/>\n        <strong class=\"text-black\">PHILIPPE PRADIER<\/strong><br \/>\n                    <br \/>Le<br \/>\n    6 septembre 2026, 17:00<\/p>\n<p>Jules Martin (VC Villefranche Beaujolais) a remport\u00e9, ce dimanche, la Classic Jean-Patrick Dubuisson U19 (F\u00e9d\u00e9rale Juniors), disput\u00e9e \u00e0 Saint-Victor (Allier) sur une distance de 110 kilom\u00e8tres. Il a devanc\u00e9 Jules Lefebvre Fournier (VC Roubaix-Lille M\u00e9tropole) et Julien Faugeron (EC Saint-Etienne Loire).<\/p>\n<p>Jules Martin succ\u00e8de \u00e0 Alex Doltaire au palmar\u00e8s de l&rsquo;\u00e9preuve U19.<\/p>\n<p><strong>Classement :<\/strong><br \/>1 MARTIN Jules V.C. VILLEFRANCHE BEAUJOLAIS 02:44:50<br \/>2 LEFEBVRE FOURNIER Jules VC ROUBAIX LILLE METROPOLE m.t.<br \/>3 FAUGERON Julien E.C. ST ETIENNE &#8211; LOIRE m.t.<br \/>4 CALLAMAND Augustin VELO CLUB COURNON D&rsquo;AUVERGNE m.t.<br \/>5 ROMIEU Emile BOURG EN BRESSE AIN CYCLISME m.t.<br \/>6 ROLLAND C\u00e9lian BOURG EN BRESSE AIN CYCLISME m.t.<br \/>7 DEGEORGES Joseph CHARVIEU CHAVAGNEUX I.C. 00:00:26<br \/>8 GONZALEZ Thimot\u00e9 BOURG EN BRESSE AIN CYCLISME m.t.<br \/>9 DURAND Louis REGION SUD CYCLING ACADEMY 00:00:29<br \/>10 POUGET Milo ORLEANS LOIRET CYCLISME 00:02:22<br \/>11 THOUREAU Lucas TEAM U LH 00:02:43<br \/>12 TARDIEU Cl\u00e9ment MS MANDELIEU 00:02:50<br \/>13 FOURNERET Th\u00e9odore VELO CLUB COURNON D&rsquo;AUVERGNE m.t.<br \/>14 ROUX Axel VELO CLUB COURNON D&rsquo;AUVERGNE 00:03:05<br \/>15 SANLAVILLE Tristan COURS LA VILLE CYCLISME 00:03:20<br \/>16 PERE Tom TEAM U LH 00:03:35<br \/>17 DESTOUCHES Tom C&rsquo;CHARTRES CYCLISME 00:04:08<br \/>18 MENGLIER Elyas VELO CLUB COURNON D&rsquo;AUVERGNE 00:04:24<br \/>19 DESBOUIS FRANCESCHI Louis TEAM U LH 00:04:34<br \/>20 REBOUL Timoth\u00e9e S\u00c9LECTION AUVERGNE RH\u00d4NE ALPES U17 00:04:35<br \/>21 SEIXAS Nino V.C. VILLEFRANCHE BEAUJOLAIS 00:04:36<br \/>22 JEANDET ROMAN Rapha\u00ebl S\u00c9LECTION AUVERGNE RH\u00d4NE ALPES U17 00:04:44<br \/>23 BRITO FERNANDES Mat\u00e9o TEAM CYCLISTE LINAS MONTLHERY 00:04:45<br \/>24 CRESTIAN Enzo INTEGRALE BICYCLE CLUB ISLE JOURDAIN 00:06:10<br \/>25 GUITARD Gabriel VC LA POMME MARSEILLE 00:06:35<br \/>26 DECHAVANNE Lilian TEAM 74 &#8211; HAUTE SAVOIE 00:08:49<br \/>27 PERROT Math\u00e9o E.C. ST ETIENNE &#8211; LOIRE 00:08:50<br \/>28 ANDRE CADOR Tim CC ETUPES LE DOUBS PAYS DE MONTBELIARD 00:12:25<br \/>29 LAVARTE Th\u00e9o TEAM CYCLISTE LINAS MONTLHERY 00:12:32<br \/>30 GARCIA DIAZ Yeiner Yeinden TEAM INCA 00:12:39<br \/>31 RICHAUD Romain S\u00c9LECTION AUVERGNE RH\u00d4NE ALPES U17 m.t.<br \/>32 CLARET Antonin HEXAGONE &#8211; CORBAS LYON METROPOLE 00:12:49<br \/>33 MARTY Charles STADE TOULOUSAIN CYCLISME 00:15:24<br \/>34 BARRIER PAIVA Tiago TEAM U LH 00:15:42<br \/>35 NDRIAMANAMPY Juliano TEAM INCA m.t.<br \/>36 FIASSON Lucas E.C. ST ETIENNE &#8211; LOIRE 00:16:08<br \/>37 LYONNET Marius V.C. RHODANIEN m.t.<br \/>38 MERCIER Mah\u00e9 E.C. ST ETIENNE &#8211; LOIRE m.t.<\/p>\n<p>Plus d&rsquo;informations \u00e0 venir.<\/p>\n<p>            En savoir plus : coureurs et \u00e9quipes associ\u00e9s<\/p>\n<p>                Coureurs<\/p>\n<p>                    <img decoding=\"async\" src=\"https:\/\/www.europesays.com\/fr\/wp-content\/uploads\/2025\/04\/default.png\" height=\"auto\" loading=\"lazy\"\/><\/p>\n<p>                            Portrait de Jules MARTIN<\/p>\n<p>                \u00c9quipes<\/p>\n","protected":false},"excerpt":{"rendered":"Cr\u00e9dit photo Philippe Pradier \/ DirectVelo Cr\u00e9dit photo Philippe Pradier \/ DirectVelo Par PHILIPPE PRADIER Le 6 septembre&hellip;\n","protected":false},"author":2,"featured_media":1171076,"comment_status":"","ping_status":"","sticky":false,"template":"","format":"standard","meta":{"footnotes":"","_share_on_mastodon":"0"},"categories":[1411],"tags":[834,828,836,829,837,827,83,826,824,823,1154,207,814,817,815,816,822,821,832,211,839,1011,27,820,818,819,835,831,830,833,838,60,212,208,825],"class_list":["post-1171075","post","type-post","status-publish","format-standard","has-post-thumbnail","category-cyclisme","tag-attaque","tag-belgique","tag-braquet","tag-bretagne","tag-chute","tag-competition","tag-coupe-de-france","tag-coureur","tag-course-cyclisme","tag-course-cycliste","tag-cycling","tag-cyclisme","tag-direct","tag-direct-velo","tag-directvelo","tag-directvelo-com","tag-epreuve","tag-epreuve-cycliste","tag-federation-francaise-de-cyclisme","tag-ffc","tag-flandres","tag-fr","tag-france","tag-live","tag-live-course","tag-live-epreuve","tag-peloton","tag-radio-peloton","tag-radio-tour","tag-ravitaillement","tag-relance","tag-sports","tag-uci","tag-velo","tag-velos"],"share_on_mastodon":{"url":"https:\/\/pubeurope.com\/@fr\/117224849633101810","error":""},"_links":{"self":[{"href":"https:\/\/www.europesays.com\/fr\/wp-json\/wp\/v2\/posts\/1171075","targetHints":{"allow":["GET"]}}],"collection":[{"href":"https:\/\/www.europesays.com\/fr\/wp-json\/wp\/v2\/posts"}],"about":[{"href":"https:\/\/www.europesays.com\/fr\/wp-json\/wp\/v2\/types\/post"}],"author":[{"embeddable":true,"href":"https:\/\/www.europesays.com\/fr\/wp-json\/wp\/v2\/users\/2"}],"replies":[{"embeddable":true,"href":"https:\/\/www.europesays.com\/fr\/wp-json\/wp\/v2\/comments?post=1171075"}],"version-history":[{"count":0,"href":"https:\/\/www.europesays.com\/fr\/wp-json\/wp\/v2\/posts\/1171075\/revisions"}],"wp:featuredmedia":[{"embeddable":true,"href":"https:\/\/www.europesays.com\/fr\/wp-json\/wp\/v2\/media\/1171076"}],"wp:attachment":[{"href":"https:\/\/www.europesays.com\/fr\/wp-json\/wp\/v2\/media?parent=1171075"}],"wp:term":[{"taxonomy":"category","embeddable":true,"href":"https:\/\/www.europesays.com\/fr\/wp-json\/wp\/v2\/categories?post=1171075"},{"taxonomy":"post_tag","embeddable":true,"href":"https:\/\/www.europesays.com\/fr\/wp-json\/wp\/v2\/tags?post=1171075"}],"curies":[{"name":"wp","href":"https:\/\/api.w.org\/{rel}","templated":true}]}}