{"id":1171118,"date":"2026-09-06T16:07:16","date_gmt":"2026-09-06T16:07:16","guid":{"rendered":"https:\/\/www.europesays.com\/fr\/1171118\/"},"modified":"2026-09-06T16:07:16","modified_gmt":"2026-09-06T16:07:16","slug":"a-rouen-il-fait-de-la-poterie-sa-philosophie-de-vie-apres-un-parcours-accidente","status":"publish","type":"post","link":"https:\/\/www.europesays.com\/fr\/1171118\/","title":{"rendered":"\u00c0 Rouen, il fait de la poterie sa philosophie de vie apr\u00e8s un parcours accident\u00e9"},"content":{"rendered":"<p>                    Par<br \/>\n        <strong><br \/>\n            <a href=\"https:\/\/actu.fr\/auteur\/thierrychion\" title=\"Consulter tous les articles de Thierry Chion\" rel=\"nofollow noopener\" target=\"_blank\">Thierry Chion<\/a><br \/>\n                    <\/strong><\/p>\n<p>        Publi\u00e9 le<\/p>\n<p>            6 sept. 2026 \u00e0 17h28        <\/p>\n<p>Benjamin Riado aime son m\u00e9tier de <strong>c\u00e9ramiste\u2009<\/strong>; il partage cette passion lors d\u2019ateliers qu\u2019il anime tout au long de la semaine dans son atelier-boutique, \u00e0 <a href=\"https:\/\/actu.fr\/normandie\/rouen_76540\" rel=\"nofollow noopener\" target=\"_blank\">Rouen (Seine-Maritime)<\/a>.<br \/>Pour Benjamin, ce m\u00e9tier est l\u2019aboutissement d\u2019un chemin personnel qu\u2019il a trac\u00e9 depuis son plus jeune \u00e2ge. \u00ab\u2009Mon parcours, ce fut <strong>une qu\u00eate int\u00e9rieure<\/strong>. J\u2019ai toujours \u00e9t\u00e9 int\u00e9ress\u00e9 par l\u2019art, notamment par le dessin que je pratiquais de fa\u00e7on compulsive. Jeune, j\u2019\u00e9tais un gamin renferm\u00e9 qui passait son temps dans sa chambre \u00e0 dessiner\u2009\u00bb, rappelle-t-il.<\/p>\n<p>Subjugu\u00e9 par la philosophie de l\u2019art<\/p>\n<p class=\" wall-content\">Issu du milieu ouvrier bordelais, Benjamin explique que sa m\u00e8re ne voyait pas d\u2019un bon \u0153il son envie de devenir artiste. \u00ab\u2009Elle m\u2019encourageait \u00e0 m\u2019orienter vers un boulot plus stable. J\u2019ai donc pass\u00e9 un bac L, option arts plastiques. J\u2019\u00e9tais plut\u00f4t bon en langues, en philo et en fran\u00e7ais, mais absolument pas en maths.\u2009\u00bb<\/p>\n<p class=\" wall-content\">Son bac en poche, Benjamin d\u00e9cide d\u2019int\u00e9grer une \u00e9cole d\u2019illustration \u00e0 Lyon pour s\u2019orienter vers l\u2019illustration ou la bande dessin\u00e9e. \u00ab\u2009Ils m\u2019ont trouv\u00e9 <strong>trop jeune<\/strong> et m\u2019ont orient\u00e9 vers un DEUG. J\u2019ai ob\u00e9i et je me suis inscrit en fac d\u2019arts plastiques.\u2009\u00bb<\/p>\n<p class=\" wall-content\">R\u00e9v\u00e9lation\u2009: <strong>\u00ab\u2009J\u2019ai \u00e9t\u00e9 subjugu\u00e9 par la philosophie de l\u2019art\u2009\u00bb.<\/strong><\/p>\n<p class=\" wall-content\">Sa voie est toute trouv\u00e9e\u2009; il poursuit ses \u00e9tudes jusqu\u2019\u00e0 d\u00e9crocher un doctorat sur \u00ab\u2009l\u2019art am\u00e9ricain des ann\u00e9es 1960\u2009: la sculpture dans le d\u00e9sert, le land art\u2009\u00bb. Ce sujet, riche et ouvert, a ensuite \u00e9t\u00e9 publi\u00e9 aux Presses universitaires de Vincennes. \u00ab\u2009C\u2019\u00e9taient des ann\u00e9es de th\u00e8se merveilleuses.\u2009\u00bb<\/p>\n<p>De l\u2019enseignement \u00e0 l\u2019atelier de poterie<\/p>\n<p class=\" wall-content\">Un Capes de philosophie en poche, Benjamin tente ensuite l\u2019agr\u00e9gation de philosophie, concours qu\u2019il ne d\u00e9croche pas. Il obtient toutefois l\u2019agr\u00e9gation d\u2019arts plastiques et devient enseignant en coll\u00e8ge. \u00ab\u2009Avec de jeunes ados, ce ne fut pas facile tous les jours. J\u2019ai fait trois ans dans le 5e arrondissement, un an dans le 14e, o\u00f9 cela s\u2019est bien d\u00e9roul\u00e9. Mais il y a eu des affectations plus difficiles qui m\u2019ont compl\u00e8tement d\u00e9courag\u00e9.\u2009\u00bb<\/p>\n<p class=\" wall-content\">Remarquant qu\u2019il n\u2019\u00e9tait pas au sommet de sa forme, une coll\u00e8gue de Benjamin Riado lui propose de participer \u00e0 un atelier de poterie. <strong>\u00ab\u2009Cela va te d\u00e9tendre\u2009\u00bb<\/strong>, lui assure-t-elle. \u00ab\u2009J\u2019ai donc pris un cours \u00e0 Bagnolet, puis un cours par semaine, avant de passer \u00e0 deux par semaine.\u2009\u00bb<\/p>\n<p class=\" wall-content\">Arr\u00eat\u00e9 pour cause de d\u00e9pression, il raconte\u2009: \u00ab\u2009J\u2019ai \u00e9t\u00e9 trait\u00e9 par un psychiatre sp\u00e9cialiste de la souffrance au travail, qui m\u2019a fait comprendre que je ne reviendrais pas au travail\u2009\u00bb.<\/p>\n<p class=\" wall-content\">Comme la poterie prenait de plus en plus de place dans sa vie, Benjamin Riado d\u00e9cide d\u2019autofinancer une formation de 500\u00a0heures au P\u00f4le c\u00e9ramique de Normandie. \u00ab\u2009Il n\u2019y avait aucune place disponible \u00e0 Paris, c\u2019est une amie qui m\u2019a donn\u00e9 les contacts\u2009; j\u2019ai pris un meubl\u00e9 dans la r\u00e9gion et j\u2019ai suivi cette formation.\u2009\u00bb<\/p>\n<p class=\" wall-content\">Les cours \u00e9taient complets\u2009: huit heures par jour de tournage, pr\u00e9sentation des diff\u00e9rentes terres et de leurs sp\u00e9cificit\u00e9s\u2026 Cette formation s\u2019adressait aux tourneurs sur c\u00e9ramique.<\/p>\n<p class=\" wall-content\">\u00ab\u2009Je devais ensuite faire un stage en Cornouailles, <strong>chez une star de la c\u00e9ramique<\/strong>\u2009: Michel Fran\u00e7ois. Mais il ne pouvait ni m\u2019h\u00e9berger, ni me payer.\u2009\u00bb<\/p>\n<p>L\u2019alignement des plan\u00e8tes<\/p>\n<p class=\" wall-content\">C\u2019est \u00e0 ce moment qu\u2019une aubaine se pr\u00e9sente. \u00ab\u2009Un potier de la Galerie des Arts du Feu envisageait de quitter sa r\u00e9sidence avant la fin de son terme. Je saisis cette opportunit\u00e9\u2009: j\u2019accepte de reprendre son local, ce qui me donnait le droit d\u2019exposer mes r\u00e9alisations dans la galerie, mais aussi de donner des cours, ce qui compensait le loyer que j\u2019avais \u00e0 payer. Dans la foul\u00e9e, j\u2019ach\u00e8te un petit appartement \u00e0 Rouen. Nous \u00e9tions en 2023.\u2009\u00bb<\/p>\n<p class=\" wall-content\">Apr\u00e8s deux ans dans la Galerie des Arts du Feu, Benjamin Riado doit trouver un autre site pour exercer ses talents. Il pr\u00e9voit de s\u2019installer avec une amie qui, finalement, laisse le projet filer en cours de route. \u00ab\u2009J\u2019ai donc cherch\u00e9 un local pour m\u2019installer.\u2009\u00bb Il trouve un lieu sur Leboncoin.<\/p>\n<p class=\" wall-content\">\u00ab\u2009Une coll\u00e8gue qui partait aux \u00c9tats-Unis vendait son atelier\u2009; j\u2019en ai profit\u00e9 pour m\u2019\u00e9quiper compl\u00e8tement \u00e0 prix d\u2019occasion. Il y avait \u00e0 ce moment un alignement des \u00e9toiles qui me disait que c\u2019\u00e9tait le moment de faire quelque chose.\u2009\u00bb<\/p>\n<p class=\" wall-content\">Avec une aide de la Chambre des m\u00e9tiers et de l\u2019artisanat et un emprunt bancaire, Benjamin Riado s\u2019installe rue Alsace-Lorraine il y a environ un an.<\/p>\n<p>Client\u00e8le sympathique<\/p>\n<p class=\" wall-content\">\u00ab\u2009La premi\u00e8re ann\u00e9e s\u2019est bien pass\u00e9e. Je n\u2019ai pas fait beaucoup de publicit\u00e9\u2009; les \u00e9l\u00e8ves que je re\u00e7ois viennent principalement du quartier. Ils viennent d\u2019eux-m\u00eames. Je me suis constitu\u00e9 ma petite client\u00e8le.\u2009\u00bb Il n\u2019a pas non plus organis\u00e9 d\u2019inauguration. \u00ab\u2009Je me suis finalement donn\u00e9 un coup de pied pour pouvoir organiser un premier anniversaire inaugural \u00e0 la mi-septembre.\u2009\u00bb<\/p>\n<p class=\" wall-content\">Benjamin Riado propose donc des<strong> cours de poterie cinq fois par semaine.<\/strong> \u00ab\u2009Viennent des jeunes curieux de d\u00e9couvrir le travail de la terre, des jeunes retrait\u00e9s, mais ce sont toujours des gens sympathiques.\u2009\u00bb<\/p>\n<p class=\" wall-content\">Outre l\u2019exposition de ses cr\u00e9ations dans son atelier-boutique et \u00e0 la Galerie des Arts du Feu, l\u2019artisan c\u00e9ramiste a plusieurs projets. \u00ab\u2009J\u2019ai le loisir de faire des pi\u00e8ces plus artistiques. J\u2019ai pris quelques cours de sculpture, ce qui me permet d\u2019en faire un peu. Parmi mes projets, il y a celui de fabriquer des sculptures sur le th\u00e8me du miroir, en travaillant l\u2019all\u00e9gorie de la V\u00e9rit\u00e9\u2009: cette femme qui sort d\u2019un puits avec un miroir qui refl\u00e8te la v\u00e9rit\u00e9.\u2009\u00bb<\/p>\n<p><strong>Pratique :\u00a0<\/strong><br \/>\nL\u2019atelier-boutique se trouve au 19 de la rue Alsace-Lorraine, \u00e0 Rouen.<br \/>\nContacts\u2009: benjamin-riado.fr ou <a href=\"https:\/\/www.instagram.com\/atelier_benjaminriado\/\" rel=\"nofollow noopener\" target=\"_blank\">atelierbenjaminriado<\/a> (Instagram)Suivez l\u2019actualit\u00e9 de Rouen <a href=\"https:\/\/www.whatsapp.com\/channel\/0029VaKfnf99hXF2ddApFB1D\" rel=\"nofollow noopener\" target=\"_blank\">sur notre cha\u00eene WhatsApp<\/a> et <a href=\"https:\/\/www.tiktok.com\/@76actu.fr?lang=fr\" rel=\"nofollow noopener\" target=\"_blank\">sur notre compte TikTok<\/a><\/p>\n<p class=\" wall-content\">Personnalisez votre actualit\u00e9 en ajoutant vos villes et m\u00e9dias en favori avec <a href=\"https:\/\/moncompte.actu.fr\" title=\"D\u00e9couvez Mon Actu\" rel=\"nofollow noopener\" data-trk=\"{&quot;cta&quot;:{&quot;action&quot;:&quot;https:\\\/\\\/moncompte.actu.fr&quot;,&quot;category&quot;:&quot;mon compte&quot;,&quot;from&quot;:&quot;article footer&quot;,&quot;name&quot;:&quot;Mon actu&quot;,&quot;type&quot;:&quot;cta&quot;}}\" target=\"_blank\">Mon Actu<\/a>.<\/p>\n<p>                    <script async src=\"\/\/www.instagram.com\/embed.js\"><\/script><script async src=\"\/\/www.tiktok.com\/embed.js\"><\/script><\/p>\n","protected":false},"excerpt":{"rendered":"Par Thierry Chion Publi\u00e9 le 6 sept. 2026 \u00e0 17h28 Benjamin Riado aime son m\u00e9tier de c\u00e9ramiste\u2009; il&hellip;\n","protected":false},"author":2,"featured_media":1171119,"comment_status":"","ping_status":"","sticky":false,"template":"","format":"standard","meta":{"footnotes":"","_share_on_mastodon":"0"},"categories":[9587],"tags":[1111,11,1477,1777,674,1011,27,1652,12,5161,9026,25,9590],"class_list":["post-1171118","post","type-post","status-publish","format-standard","has-post-thumbnail","category-rouen","tag-actu","tag-actualites","tag-artisanat","tag-eu","tag-europe","tag-fr","tag-france","tag-loisirs-culture","tag-news","tag-normandie","tag-portrait","tag-republique-francaise","tag-rouen"],"share_on_mastodon":{"url":"https:\/\/pubeurope.com\/@fr\/117224960707784766","error":""},"_links":{"self":[{"href":"https:\/\/www.europesays.com\/fr\/wp-json\/wp\/v2\/posts\/1171118","targetHints":{"allow":["GET"]}}],"collection":[{"href":"https:\/\/www.europesays.com\/fr\/wp-json\/wp\/v2\/posts"}],"about":[{"href":"https:\/\/www.europesays.com\/fr\/wp-json\/wp\/v2\/types\/post"}],"author":[{"embeddable":true,"href":"https:\/\/www.europesays.com\/fr\/wp-json\/wp\/v2\/users\/2"}],"replies":[{"embeddable":true,"href":"https:\/\/www.europesays.com\/fr\/wp-json\/wp\/v2\/comments?post=1171118"}],"version-history":[{"count":0,"href":"https:\/\/www.europesays.com\/fr\/wp-json\/wp\/v2\/posts\/1171118\/revisions"}],"wp:featuredmedia":[{"embeddable":true,"href":"https:\/\/www.europesays.com\/fr\/wp-json\/wp\/v2\/media\/1171119"}],"wp:attachment":[{"href":"https:\/\/www.europesays.com\/fr\/wp-json\/wp\/v2\/media?parent=1171118"}],"wp:term":[{"taxonomy":"category","embeddable":true,"href":"https:\/\/www.europesays.com\/fr\/wp-json\/wp\/v2\/categories?post=1171118"},{"taxonomy":"post_tag","embeddable":true,"href":"https:\/\/www.europesays.com\/fr\/wp-json\/wp\/v2\/tags?post=1171118"}],"curies":[{"name":"wp","href":"https:\/\/api.w.org\/{rel}","templated":true}]}}