{"id":1171120,"date":"2026-09-06T16:08:16","date_gmt":"2026-09-06T16:08:16","guid":{"rendered":"https:\/\/www.europesays.com\/fr\/1171120\/"},"modified":"2026-09-06T16:08:16","modified_gmt":"2026-09-06T16:08:16","slug":"place-du-commerce-a-rouen-deux-boutiques-de-pret-a-porter-et-un-atelier-de-restauration-de-meubles-viennent-douvrir","status":"publish","type":"post","link":"https:\/\/www.europesays.com\/fr\/1171120\/","title":{"rendered":"Place du commerce \u00e0 Rouen. Deux boutiques de pr\u00eat-\u00e0-porter et un atelier de restauration de meubles viennent d&rsquo;ouvrir"},"content":{"rendered":"<p melodystyle=\"texte\">Quels sont les nouveaux commerces \u00e0 d\u00e9couvrir \u00e0 <a href=\"https:\/\/www.tendanceouest.com\/tag\/Rouen\/\" target=\"_blank\" rel=\"nofollow noopener\">Rouen<\/a>\u00a0? Deux enseignes de pr\u00eat-\u00e0-porter et un \u00e9tablissement d\u00e9di\u00e9 \u00e0 la restauration de meubles et d&rsquo;objets d&rsquo;art viennent d&rsquo;ouvrir.<\/p>\n<ul>&#13;<\/p>\n<li melodystyle=\"texte\"><b>Retrouvez toutes les places du commerce\u00a0<a href=\"https:\/\/www.tendanceouest.com\/tag\/place-du-commerce\/\" target=\"_blank\" rel=\"nofollow noopener\">ici<\/a><\/b><\/li>\n<p>&#13;\n<\/ul>\n<p>Des v\u00eatements et des meubles restaur\u00e9s<\/p>\n<p melodystyle=\"texte\">La Pico Lina, enseigne de pr\u00eat-\u00e0-porter pour hommes, femmes et enfants, a ouvert r\u00e9cemment au 7 rue Beauvoisine \u00e0 Rouen. Des accessoires, de la maroquinerie et des bijoux sont aussi en vente du mardi au vendredi de 10h \u00e0 18h et le samedi, de 10h \u00e0 19h. Au 72 rue Beauvoisine, c&rsquo;est un atelier de restauration de meubles qui s&rsquo;est install\u00e9. Son nom\u00a0: l&rsquo;Atelier Louise Roger. Des meubles anciens et des objets d&rsquo;art sont r\u00e9nov\u00e9s sur place. Le lieu est ouvert du lundi au vendredi mais uniquement sur rendez-vous au 06\u00a043\u00a089\u00a042\u00a049. Au 34-36 rue Saint-Gervais, la boutique Nycila a \u00e9galement ouvert ses portes. Sur place, les collections de v\u00eatements changent souvent. Vous y retrouverez aussi des collections \u00e9ph\u00e9m\u00e8res. Les horaires de la boutique ne sont pas fixes. Jusqu&rsquo;au 26\u00a0septembre, elle ouvre d\u00e8s 14h. Rendez-vous sur le compte Instagram <a href=\"https:\/\/www.instagram.com\/nycilapopup\/\" target=\"_self\" rel=\"nofollow noopener\">Nycilapopup<\/a> pour plus d&rsquo;informations.<\/p>\n<p> \t\t\t\t\t\t<script async src=\"\/\/www.instagram.com\/embed.js\"><\/script><\/p>\n","protected":false},"excerpt":{"rendered":"Quels sont les nouveaux commerces \u00e0 d\u00e9couvrir \u00e0 Rouen\u00a0? Deux enseignes de pr\u00eat-\u00e0-porter et un \u00e9tablissement d\u00e9di\u00e9 \u00e0&hellip;\n","protected":false},"author":2,"featured_media":1171121,"comment_status":"","ping_status":"","sticky":false,"template":"","format":"standard","meta":{"footnotes":"","_share_on_mastodon":"0"},"categories":[9587],"tags":[1111,11,1777,674,1011,27,12,5161,25,9590],"class_list":["post-1171120","post","type-post","status-publish","format-standard","has-post-thumbnail","category-rouen","tag-actu","tag-actualites","tag-eu","tag-europe","tag-fr","tag-france","tag-news","tag-normandie","tag-republique-francaise","tag-rouen"],"share_on_mastodon":{"url":"https:\/\/pubeurope.com\/@fr\/117224964527714184","error":""},"_links":{"self":[{"href":"https:\/\/www.europesays.com\/fr\/wp-json\/wp\/v2\/posts\/1171120","targetHints":{"allow":["GET"]}}],"collection":[{"href":"https:\/\/www.europesays.com\/fr\/wp-json\/wp\/v2\/posts"}],"about":[{"href":"https:\/\/www.europesays.com\/fr\/wp-json\/wp\/v2\/types\/post"}],"author":[{"embeddable":true,"href":"https:\/\/www.europesays.com\/fr\/wp-json\/wp\/v2\/users\/2"}],"replies":[{"embeddable":true,"href":"https:\/\/www.europesays.com\/fr\/wp-json\/wp\/v2\/comments?post=1171120"}],"version-history":[{"count":0,"href":"https:\/\/www.europesays.com\/fr\/wp-json\/wp\/v2\/posts\/1171120\/revisions"}],"wp:featuredmedia":[{"embeddable":true,"href":"https:\/\/www.europesays.com\/fr\/wp-json\/wp\/v2\/media\/1171121"}],"wp:attachment":[{"href":"https:\/\/www.europesays.com\/fr\/wp-json\/wp\/v2\/media?parent=1171120"}],"wp:term":[{"taxonomy":"category","embeddable":true,"href":"https:\/\/www.europesays.com\/fr\/wp-json\/wp\/v2\/categories?post=1171120"},{"taxonomy":"post_tag","embeddable":true,"href":"https:\/\/www.europesays.com\/fr\/wp-json\/wp\/v2\/tags?post=1171120"}],"curies":[{"name":"wp","href":"https:\/\/api.w.org\/{rel}","templated":true}]}}