{"id":117114,"date":"2025-05-21T14:57:09","date_gmt":"2025-05-21T14:57:09","guid":{"rendered":"https:\/\/www.europesays.com\/fr\/117114\/"},"modified":"2025-05-21T14:57:09","modified_gmt":"2025-05-21T14:57:09","slug":"nais-choquee-par-les-propos-de-maxime-dans-koh-lanta","status":"publish","type":"post","link":"https:\/\/www.europesays.com\/fr\/117114\/","title":{"rendered":"Na\u00efs choqu\u00e9e par les propos de Maxime dans \u00abKoh-Lanta\u00bb"},"content":{"rendered":"<p>Invit\u00e9e de l\u2019\u00e9mission \u00abLes secrets de Koh-Lanta\u00bb diffus\u00e9e mardi soir sur TF1, la Marseillaise de 25 ans a d\u00e9couvert le commentaire prononc\u00e9 en apart\u00e9 par le Vosgien au moment de voter contre elle.<\/p>\n<p class=\"fig-paragraph\">Le conseil du 32e jour de\u00a0<a href=\"https:\/\/tvmag.lefigaro.fr\/programme-tv\/programme\/koh-lanta-f1362157986\" target=\"_blank\" rel=\"noopener\" data-gtm-custom-categorie=\"navigation\" data-gtm-custom-action=\"crossclick\" data-gtm-custom-label=\"Contextuel\" data-gtm-event=\"customEventSPE\"><strong>\u00ab Koh-Lanta, la revanche des 4 terres\u00a0\u00bb<\/strong><\/a> \u00a0a \u00e9t\u00e9 fatal \u00e0 Pierre-Marie et \u00e0 Na\u00efs l\u2019automne dernier aux Philippines. En bin\u00f4me, les deux anciens membres de l\u2019\u00e9quipe du Sud ont \u00e9t\u00e9 la cible des votes de l\u2019alliance Est\/Ouest compos\u00e9e de No\u00e9mie, Ga\u00eblle, J\u00e9r\u00f4me des Landes, Ma\u00ebl, C\u00e9line et <strong>Maxime<\/strong>. Le choix de ce dernier a n\u00e9anmoins surpris dans la mesure o\u00f9 il avait rejoint l\u2019alliance Nord\/Sud quelques jours plus t\u00f4t\u00a0<a href=\"http:\/\/tvmag.lefigaro.fr\/programme-tv\/tele-realite\/je-me-deteste-d-avoir-fait-ca-louise-raconte-son-sacrifice-lors-des-ambassadeurs-de-koh-lanta-20250415\" target=\"_blank\" data-fig-type=\"Article\" rel=\"noopener\" data-gtm-custom-categorie=\"navigation\" data-gtm-custom-action=\"crossclick\" data-gtm-custom-label=\"Contextuel\" data-gtm-event=\"customEventSPE\" data-fig-domain=\"TVMAG\">pour contribuer \u00e0 l\u2019\u00e9limination de Louise<\/a>.<\/p>\n<p class=\"fig-paragraph\">\u00c0 mi-aventure, le Vosgien de 33 ans avait \u00e9t\u00e9 sacrifi\u00e9 par les quatre ambassadeurs (Louise, Pierre-Marie, Fr\u00e9d\u00e9ric et Ma\u00ebl) avant d\u2019\u00eatre rep\u00each\u00e9 trois jours plus tard\u00a0<a href=\"http:\/\/tvmag.lefigaro.fr\/programme-tv\/tele-realite\/une-douleur-fulgurante-frederic-de-koh-lanta-rapatrie-en-urgence-en-france-apres-sa-blessure-20250430\" target=\"_blank\" data-fig-type=\"Article\" rel=\"noopener\" data-gtm-custom-categorie=\"navigation\" data-gtm-custom-action=\"crossclick\" data-gtm-custom-label=\"Contextuel\" data-gtm-event=\"customEventSPE\" data-fig-domain=\"TVMAG\">gr\u00e2ce \u00e0 l\u2019abandon m\u00e9dical de Fr\u00e9d\u00e9ric<\/a>. \u00ab Je suis revenu avec la volont\u00e9 d\u2019agir diff\u00e9remment et d\u2019\u00eatre un peu plus incisif dans mes choix\u00a0\u00bb, nous a confi\u00e9\u00a0<a href=\"http:\/\/tvmag.lefigaro.fr\/programme-tv\/tele-realite\/quand-tu-commences-un-monde-dans-minecraft-furieux-un-candidat-de-koh-lanta-fracasse-un-arbre-a-mains-nues-20250416\" target=\"_blank\" data-fig-type=\"Article\" rel=\"noopener\" data-gtm-custom-categorie=\"navigation\" data-gtm-custom-action=\"crossclick\" data-gtm-custom-label=\"Contextuel\" data-gtm-event=\"customEventSPE\" data-fig-domain=\"TVMAG\">Maxime qui a apais\u00e9 sa col\u00e8re<\/a>\u00a0en se faisant justice en \u00e9liminant Louise puis Pierre-Marie, ses deux anciens alli\u00e9s.<\/p>\n<p class=\"fig-body-link\">\n            \u00c0 lire aussi<br \/>\n        <a class=\"fig-body-link__link\" href=\"http:\/\/tvmag.lefigaro.fr\/programme-tv\/tele-realite\/koh-lanta-decouvrez-votre-casting-ideal-pour-une-prochaine-edition-all-stars-20250520\" target=\"_blank\" data-fig-type=\"Article\" rel=\"noopener\" data-gtm-custom-categorie=\"navigation\" data-gtm-custom-action=\"crossclick\" data-gtm-custom-label=\"Contextuel\" data-gtm-event=\"customEventSPE\" data-fig-domain=\"TVMAG\">\u00abKoh-Lanta\u00bb\u00a0: d\u00e9couvrez votre casting id\u00e9al pour une prochaine \u00e9dition all stars<br \/>\n    <\/a>\n<\/p>\n<blockquote class=\"fig-quote&#10;    \">\n<p class=\"fig-quote__text\">\u00ab Je suis choqu\u00e9e\u00a0\u00bb<\/p>\n<p>            Na\u00efs, candidate de \u00ab Koh-Lanta, la revanche des 4 terres\u00a0\u00bb\n    <\/p><\/blockquote>\n<p class=\"fig-paragraph\">Pour faire tomber Pierre-Marie, tous les votes se sont focalis\u00e9s sur son bin\u00f4me,\u00a0<a href=\"http:\/\/tvmag.lefigaro.fr\/programme-tv\/tele-realite\/j-etais-comme-une-cocotte-minute-sur-le-point-d-exploser-nais-raconte-son-exasperation-dans-koh-lanta-20250311\" target=\"_blank\" data-fig-type=\"Article\" rel=\"noopener\" data-gtm-custom-categorie=\"navigation\" data-gtm-custom-action=\"crossclick\" data-gtm-custom-label=\"Contextuel\" data-gtm-event=\"customEventSPE\" data-fig-domain=\"TVMAG\"><strong>Na\u00efs<\/strong><\/a>, l\u2019un entra\u00eenant l\u2019autre dans sa chute. Huit mois apr\u00e8s le tournage, la Marseillaise a d\u00e9couvert sur le plateau des <strong>\u00ab Secrets de Koh-Lanta\u00a0\u00bb<\/strong> les propos tenus en apart\u00e9 par No\u00e9mie, Ga\u00eblle, J\u00e9r\u00f4me des Landes, Ma\u00ebl, C\u00e9line et Maxime lorsqu\u2019ils ont inscrit son pr\u00e9nom sur un bulletin de vote. Des justifications mod\u00e9r\u00e9es, ou presque.<\/p>\n<p class=\"fig-paragraph\">\u00ab Un peu trop amorphe sur le camp et, du coup, je te propose de retourner dans ta cit\u00e9 phoc\u00e9enne, a l\u00e2ch\u00e9 ce dernier. Par contre, pour Pierre-Marie, c\u2019est le retour du b\u00e2ton de ma derni\u00e8re revanche lors des ambassadeurs.\u00a0\u00bb M\u00e9dus\u00e9e, Na\u00efs s\u2019est dite choqu\u00e9e\u00a0<a href=\"http:\/\/tvmag.lefigaro.fr\/programme-tv\/tele-realite\/pierre-marie-a-raison-j-ai-menti-du-debut-a-la-fin-maxime-raconte-son-cruel-coup-de-bluff-dans-koh-lanta-20250520\" target=\"_blank\" data-fig-type=\"Article\" rel=\"noopener\" data-gtm-custom-categorie=\"navigation\" data-gtm-custom-action=\"crossclick\" data-gtm-custom-label=\"Contextuel\" data-gtm-event=\"customEventSPE\" data-fig-domain=\"TVMAG\">des propos tenus par Maxime<\/a>. \u00ab J\u2019aurais tellement pr\u00e9f\u00e9r\u00e9 qu\u2019il me le dise en face. Je ne m\u2019attendais pas \u00e0 \u00e7a\u00a0\u00bb, a r\u00e9agi la Marseillaise.<\/p>\n<p>On refait l\u2019aventure dans \u00ab Les Secrets de Koh-Lanta\u00a0\u00bb avec Denis Brogniart<\/p>\n<p class=\"fig-paragraph\">Comme\u00a0<a href=\"http:\/\/tvmag.lefigaro.fr\/programme-tv\/actu-tele\/il-cello-vainqueur-de-the-voice-nous-allons-accompagner-florent-pagny-sur-sa-tournee-en-2026-20250504\" target=\"_blank\" data-fig-type=\"Article\" rel=\"noopener\" data-gtm-custom-categorie=\"navigation\" data-gtm-custom-action=\"crossclick\" data-gtm-custom-label=\"Contextuel\" data-gtm-event=\"customEventSPE\" data-fig-domain=\"TVMAG\">\u00ab The Voice\u00a0\u00bb<\/a>,\u00a0<a href=\"http:\/\/tvmag.lefigaro.fr\/programme-tv\/actu-tele\/vous-allez-vraiment-etre-surpris-une-nouvelle-celebrite-fait-son-entree-dans-mask-singer-20250517\" target=\"_blank\" data-fig-type=\"Article\" rel=\"noopener\" data-gtm-custom-categorie=\"navigation\" data-gtm-custom-action=\"crossclick\" data-gtm-custom-label=\"Contextuel\" data-gtm-event=\"customEventSPE\" data-fig-domain=\"TVMAG\">\u00ab Mask Singer\u00a0\u00bb<\/a>\u00a0ou encore\u00a0<a href=\"http:\/\/tvmag.lefigaro.fr\/programme-tv\/actu-tele\/lenie-grace-a-danse-avec-les-stars-je-sais-ou-j-ai-envie-d-aller-artistiquement-20250426\" target=\"_blank\" data-fig-type=\"Article\" rel=\"noopener\" data-gtm-custom-categorie=\"navigation\" data-gtm-custom-action=\"crossclick\" data-gtm-custom-label=\"Contextuel\" data-gtm-event=\"customEventSPE\" data-fig-domain=\"TVMAG\">\u00ab Danse avec les stars\u00a0\u00bb<\/a>, \u00ab Koh-Lanta\u00a0\u00bb s\u2019est renforc\u00e9e de sa propre \u00e9mission de seconde partie de soir\u00e9e en compl\u00e9ment de l\u2019\u00e9pisode in\u00e9dit. Depuis le 22 avril dernier, les t\u00e9l\u00e9spectateurs retrouvent Denis Brogniart en plateau chaque mardi soir pendant une cinquantaine de minutes. \u00ab Notre volont\u00e9 est de mettre en valeur les aventuriers ainsi que le travail titanesque r\u00e9alis\u00e9 par les \u00e9quipes d\u2019ALP et de TF1\u00a0\u00bb, explique Julien Magne. Pour le directeur g\u00e9n\u00e9ral d\u2019Adventure Line Productions, il s\u2019agit de d\u00e9voiler les coulisses de \u00ab Koh-Lanta\u00a0\u00bb sans trop en montrer pour pr\u00e9server \u00ab la magie de cette aventure\u00a0\u00bb.<\/p>\n<p class=\"fig-paragraph\">\u00ab Nous voulions trouver le bon ton et le bon \u00e9quilibre en \u00e9tant dans la continuit\u00e9 du prime diffus\u00e9 tout en exploitant le patrimoine de \u201cKoh-Lanta\u201d au travers des archives\u00a0\u00bb, d\u00e9taille R\u00e9mi Faure, directeur des programmes de flux du groupe TF1 en soulignant vouloir \u00ab \u00e9viter de rejouer le prime en rentrant dans des analyses trop techniques\u00a0\u00bb.\u00a0<a href=\"http:\/\/tvmag.lefigaro.fr\/programme-tv\/tele-realite\/origines-secrets-de-fabrication-collection-de-denis-brogniart-la-belle-histoire-du-totem-de-koh-lanta-20250304\" target=\"_blank\" data-fig-type=\"Article\" rel=\"noopener\" data-gtm-custom-categorie=\"navigation\" data-gtm-custom-action=\"crossclick\" data-gtm-custom-label=\"Contextuel\" data-gtm-event=\"customEventSPE\" data-fig-domain=\"TVMAG\"><strong>Denis Brogniart<\/strong><\/a> \u00a0, accompagn\u00e9 de Cindy Poumeyrol et Ugo Latriche, accueille des candidats de la saison en cours ainsi que des personnalit\u00e9s passionn\u00e9es par l\u2019\u00e9mission.<\/p>\n<p class=\"fig-paragraph\">\u00ab Quand on voit le nombre de d\u00e9bats et de lives qui se d\u00e9roulent sur les r\u00e9seaux sociaux et quand on voit un magazine comme So Foot qui rencontre un joli succ\u00e8s avec ses articles humoristiques sur les notes des candidats de\u00a0<a href=\"http:\/\/tvmag.lefigaro.fr\/programme-tv\/tele-realite\/ages-de-20-a-63-ans-decouvrez-les-24-candidats-de-koh-lanta-la-revanche-des-4-terres-20250204\" target=\"_blank\" data-fig-type=\"Article\" rel=\"noopener\" data-gtm-custom-categorie=\"navigation\" data-gtm-custom-action=\"crossclick\" data-gtm-custom-label=\"Contextuel\" data-gtm-event=\"customEventSPE\" data-fig-domain=\"TVMAG\">\u201cKoh-Lanta\u201d<\/a> , nous nous sommes dit que nous avions la mati\u00e8re pour nous aussi faire quelque chose\u00a0\u00bb, explique Denis Brogniart au sujet de cette nouvelle \u00e9mission ludique, instructive et tr\u00e8s dr\u00f4le.<\/p>\n<p>\u00a0\u00bb<br \/>\n        data-script=\u00a0\u00bbhttps:\/\/static.lefigaro.fr\/widget-video\/short-ttl\/video\/index.js\u00a0\u00bb<br \/>\n    &gt;<\/p>\n","protected":false},"excerpt":{"rendered":"Invit\u00e9e de l\u2019\u00e9mission \u00abLes secrets de Koh-Lanta\u00bb diffus\u00e9e mardi soir sur TF1, la Marseillaise de 25 ans a&hellip;\n","protected":false},"author":2,"featured_media":117115,"comment_status":"","ping_status":"","sticky":false,"template":"","format":"standard","meta":{"footnotes":""},"categories":[8],"tags":[685,687,689,681,58,683,59,1011,27,680,688,684,686,682],"class_list":{"0":"post-117114","1":"post","2":"type-post","3":"status-publish","4":"format-standard","5":"has-post-thumbnail","7":"category-divertissement","8":"tag-actu-tele-realite","9":"tag-actu-telerealite","10":"tag-candidat-tele-realite","11":"tag-denis-brogniart","12":"tag-divertissement","13":"tag-emission-tele-realite","14":"tag-entertainment","15":"tag-fr","16":"tag-france","17":"tag-koh-lanta","18":"tag-news-tele-realite","19":"tag-programme-tele-realite","20":"tag-scoop-telerealite","21":"tag-tele-realite"},"share_on_mastodon":{"url":"https:\/\/pubeurope.com\/@fr\/114546412370572890","error":""},"_links":{"self":[{"href":"https:\/\/www.europesays.com\/fr\/wp-json\/wp\/v2\/posts\/117114","targetHints":{"allow":["GET"]}}],"collection":[{"href":"https:\/\/www.europesays.com\/fr\/wp-json\/wp\/v2\/posts"}],"about":[{"href":"https:\/\/www.europesays.com\/fr\/wp-json\/wp\/v2\/types\/post"}],"author":[{"embeddable":true,"href":"https:\/\/www.europesays.com\/fr\/wp-json\/wp\/v2\/users\/2"}],"replies":[{"embeddable":true,"href":"https:\/\/www.europesays.com\/fr\/wp-json\/wp\/v2\/comments?post=117114"}],"version-history":[{"count":0,"href":"https:\/\/www.europesays.com\/fr\/wp-json\/wp\/v2\/posts\/117114\/revisions"}],"wp:featuredmedia":[{"embeddable":true,"href":"https:\/\/www.europesays.com\/fr\/wp-json\/wp\/v2\/media\/117115"}],"wp:attachment":[{"href":"https:\/\/www.europesays.com\/fr\/wp-json\/wp\/v2\/media?parent=117114"}],"wp:term":[{"taxonomy":"category","embeddable":true,"href":"https:\/\/www.europesays.com\/fr\/wp-json\/wp\/v2\/categories?post=117114"},{"taxonomy":"post_tag","embeddable":true,"href":"https:\/\/www.europesays.com\/fr\/wp-json\/wp\/v2\/tags?post=117114"}],"curies":[{"name":"wp","href":"https:\/\/api.w.org\/{rel}","templated":true}]}}