{"id":117120,"date":"2025-05-21T15:00:13","date_gmt":"2025-05-21T15:00:13","guid":{"rendered":"https:\/\/www.europesays.com\/fr\/117120\/"},"modified":"2025-05-21T15:00:13","modified_gmt":"2025-05-21T15:00:13","slug":"bouclier-antimissiles-americain-la-russie-na-rien-a-redire-au-projet-de-dome-dor-de-donald-trump-mais-demande-la-reprise-des-contacts-entre-moscou-et-washington-21-05-2025-a-1503","status":"publish","type":"post","link":"https:\/\/www.europesays.com\/fr\/117120\/","title":{"rendered":"Bouclier antimissiles am\u00e9ricain : la Russie n&rsquo;a rien \u00e0 redire au projet de \u00ab\u00a0D\u00f4me d&rsquo;or\u00a0\u00bb de Donald Trump, mais demande la reprise des contacts entre Moscou et Washington &#8211; 21\/05\/2025 \u00e0 15:03"},"content":{"rendered":"<p> Le dialogue doit reprendre entre la Russie et les \u00c9tats-Unis \u00ab\u00a0dans l&rsquo;int\u00e9r\u00eat de nos deux pays et dans l&rsquo;int\u00e9r\u00eat de la s\u00e9curit\u00e9 mondiale\u00a0\u00bb, selon le Kremlin.<\/p>\n<p>        <img fetchpriority=\"high\" decoding=\"async\" src=\"https:\/\/www.europesays.com\/fr\/wp-content\/uploads\/2025\/05\/408c45233216b1dbf44ff930743a4312-760x487.jpg\" alt=\"( AFP \/ JIM WATSON )\" loading=\"eager\" width=\"760\" height=\"487\" style=\"max-width: 100%!important; height: auto;\"\/><\/p>\n<p class=\"c-image-news__legend\">( AFP \/ JIM WATSON )<\/p>\n<p>\n La construction d&rsquo;<br \/>\n <a href=\"https:\/\/www.boursorama.com\/actualite-economique\/actualites\/trump-annonce-la-construction-d-un-bouclier-antimissiles-dome-d-or-pour-les-etats-unis-cf71db3034e55c519259f3d63b0185bb\" rel=\"nofollow noopener\" target=\"_blank\"><br \/>\n  un bouclier antimissile prot\u00e9geant les \u00c9tats-Unis<br \/>\n <\/a><br \/>\n rel\u00e8ve de la \u00ab\u00a0souverainet\u00e9\u00a0\u00bb am\u00e9ricaine, a estim\u00e9 mercredi 21 mai la Russie, qui a toutefois demand\u00e9 la reprise des contacts entre Moscou et Washington, notamment sur ce sujet.\n<\/p>\n<p>\n \u00ab\u00a0C&rsquo;est une question qui rel\u00e8ve de la souverainet\u00e9 des \u00c9tats-Unis.<br \/>\n <strong><br \/>\n  Si les \u00c9tats-Unis estiment qu&rsquo;il existe une menace balistique, alors bien s\u00fbr, ils d\u00e9velopperont un syst\u00e8me de d\u00e9fense antimissile<br \/>\n <\/strong><br \/>\n \u00ab\u00a0, a d\u00e9clar\u00e9 aux journalistes le porte-parole de la pr\u00e9sidence russe, Dmitri Peskov. Il a toutefois estim\u00e9 que \u00ab\u00a0dans un avenir proche, le cours des \u00e9v\u00e9nements n\u00e9cessitera<br \/>\n <strong><br \/>\n  la reprise des contacts en vue du r\u00e9tablissement de la stabilit\u00e9 strat\u00e9gique\u00a0\u00bb<br \/>\n <\/strong><br \/>\n entre Washington et Moscou.\n<\/p>\n<p>\n Ces contacts sur la parit\u00e9 strat\u00e9gique entre les deux plus grandes puissances nucl\u00e9aires au monde \u00ab\u00a0doivent \u00eatre recr\u00e9\u00e9s dans l&rsquo;int\u00e9r\u00eat de nos deux pays et dans l&rsquo;int\u00e9r\u00eat de la s\u00e9curit\u00e9 mondiale\u00a0\u00bb, a ajout\u00e9 Dmitri Peskov lors de son briefing quotidien.\n<\/p>\n<p> Adoucissement inattendu de la position russe<\/p>\n<p>\n Ces d\u00e9clarations repr\u00e9sentent<br \/>\n <strong><br \/>\n  un adoucissement inattendu de la position russe<br \/>\n <\/strong><br \/>\n , Moscou ayant par le pass\u00e9 critiqu\u00e9 plus durement le projet de \u00ab\u00a0D\u00f4me d&rsquo;or\u00a0\u00bb de Donald Trump.\n<\/p>\n<p>\n D\u00e9but mai, Moscou avait jug\u00e9, de concert avec P\u00e9kin, que ce bouclier antimissile \u00e9tait \u00ab\u00a0profond\u00e9ment d\u00e9stabilisant\u00a0\u00bb car il envisage \u00ab\u00a0un renforcement des arsenaux pour mener des op\u00e9rations militaires dans l&rsquo;espace\u00a0\u00bb et fait de l&rsquo;espace \u00ab\u00a0une ar\u00e8ne de confrontation arm\u00e9e\u00a0\u00bb.\n<\/p>\n<p>\n Fin janvier, la Russie avait compar\u00e9 ce plan de bouclier antimissile au projet de<br \/>\n <strong><br \/>\n  \u00ab\u00a0guerre des \u00e9toiles\u00a0\u00bb soutenu par Ronald Reagan durant la Guerre froide<br \/>\n <\/strong><br \/>\n , qui pr\u00e9voyait une interception de missiles depuis l&rsquo;orbite terrestre, mais qui n&rsquo;avait jamais \u00e9t\u00e9 mis en \u0153uvre.\n<\/p>\n<p>\n Donald Trump a annonc\u00e9 mercredi ce projet baptis\u00e9 \u00ab\u00a0D\u00f4me d&rsquo;or\u00a0\u00bb qui doit permettre \u00ab\u00a0d&rsquo;intercepter des missiles m\u00eame s&rsquo;ils sont lanc\u00e9s de l&rsquo;autre c\u00f4t\u00e9 de la Terre et m\u00eame s&rsquo;ils sont lanc\u00e9s depuis l&rsquo;espace\u00a0\u00bb.<br \/>\n <strong><br \/>\n  Le syst\u00e8me sera op\u00e9rationnel d&rsquo;ici la fin de son mandat<br \/>\n <\/strong><br \/>\n , a-t-il pr\u00e9cis\u00e9, et co\u00fbtera au total \u00ab\u00a0environ 175 milliards de dollars une fois termin\u00e9\u00a0\u00bb.\n<\/p>\n<p>\n La Chine a d\u00e9nonc\u00e9 un projet \u00ab\u00a0marqu\u00e9 par une forte dimension offensive\u00a0\u00bb et qui \u00ab\u00a0risque d&rsquo;acc\u00e9l\u00e9rer la militarisation de l&rsquo;espace ainsi que d&rsquo;alimenter la course aux armements\u00a0\u00bb.\n<\/p>\n<p>\n <strong><br \/>\n  \u00ab\u00a0Cela porte atteinte \u00e0 l&rsquo;\u00e9quilibre strat\u00e9gique et \u00e0 la stabilit\u00e9 mondiale\u00a0\u00bb<br \/>\n <\/strong><br \/>\n , a indiqu\u00e9 lors d&rsquo;un point presse r\u00e9gulier Mao Ning, une porte-parole du minist\u00e8re chinois des Affaires \u00e9trang\u00e8res. \u00ab\u00a0La Chine exprime de s\u00e9rieuses inqui\u00e9tudes \u00e0 ce sujet. Nous exhortons les \u00c9tats-Unis \u00e0 abandonner au plus vite le d\u00e9veloppement et le d\u00e9ploiement d&rsquo;un syst\u00e8me mondial de d\u00e9fense antimissile\u00a0\u00bb, a-t-elle soulign\u00e9.<\/p>\n","protected":false},"excerpt":{"rendered":"Le dialogue doit reprendre entre la Russie et les \u00c9tats-Unis \u00ab\u00a0dans l&rsquo;int\u00e9r\u00eat de nos deux pays et dans&hellip;\n","protected":false},"author":2,"featured_media":117121,"comment_status":"","ping_status":"","sticky":false,"template":"","format":"standard","meta":{"footnotes":""},"categories":[5],"tags":[400,11,398,408,405,1011,27,403,14,402,399,404,12,401,406,407,28],"class_list":{"0":"post-117120","1":"post","2":"type-post","3":"status-publish","4":"format-standard","5":"has-post-thumbnail","7":"category-international","8":"tag-action-cac-40","9":"tag-actualites","10":"tag-bourse-de-paris","11":"tag-boursorama","12":"tag-cotations","13":"tag-fr","14":"tag-france","15":"tag-indices-devises","16":"tag-international","17":"tag-investir","18":"tag-investissement","19":"tag-marche-boursier","20":"tag-news","21":"tag-sicav","22":"tag-trackers","23":"tag-warrants","24":"tag-world"},"share_on_mastodon":{"url":"https:\/\/pubeurope.com\/@fr\/114546424114373636","error":""},"_links":{"self":[{"href":"https:\/\/www.europesays.com\/fr\/wp-json\/wp\/v2\/posts\/117120","targetHints":{"allow":["GET"]}}],"collection":[{"href":"https:\/\/www.europesays.com\/fr\/wp-json\/wp\/v2\/posts"}],"about":[{"href":"https:\/\/www.europesays.com\/fr\/wp-json\/wp\/v2\/types\/post"}],"author":[{"embeddable":true,"href":"https:\/\/www.europesays.com\/fr\/wp-json\/wp\/v2\/users\/2"}],"replies":[{"embeddable":true,"href":"https:\/\/www.europesays.com\/fr\/wp-json\/wp\/v2\/comments?post=117120"}],"version-history":[{"count":0,"href":"https:\/\/www.europesays.com\/fr\/wp-json\/wp\/v2\/posts\/117120\/revisions"}],"wp:featuredmedia":[{"embeddable":true,"href":"https:\/\/www.europesays.com\/fr\/wp-json\/wp\/v2\/media\/117121"}],"wp:attachment":[{"href":"https:\/\/www.europesays.com\/fr\/wp-json\/wp\/v2\/media?parent=117120"}],"wp:term":[{"taxonomy":"category","embeddable":true,"href":"https:\/\/www.europesays.com\/fr\/wp-json\/wp\/v2\/categories?post=117120"},{"taxonomy":"post_tag","embeddable":true,"href":"https:\/\/www.europesays.com\/fr\/wp-json\/wp\/v2\/tags?post=117120"}],"curies":[{"name":"wp","href":"https:\/\/api.w.org\/{rel}","templated":true}]}}