{"id":1171203,"date":"2026-09-06T17:00:13","date_gmt":"2026-09-06T17:00:13","guid":{"rendered":"https:\/\/www.europesays.com\/fr\/1171203\/"},"modified":"2026-09-06T17:00:13","modified_gmt":"2026-09-06T17:00:13","slug":"a-seulement-7-ans-la-benjamine-de-the-voice-kids-fait-fondre-les-coachs-avec-la-reprise-dun-celebre-titre-de-disney-video","status":"publish","type":"post","link":"https:\/\/www.europesays.com\/fr\/1171203\/","title":{"rendered":"\u00c0 seulement 7 ans, la benjamine de \u00ab\u00a0The Voice Kids\u00a0\u00bb fait fondre les coachs avec la reprise d&rsquo;un c\u00e9l\u00e8bre titre de Disney (Vid\u00e9o)"},"content":{"rendered":"<p class=\"ap-StoryElement ap-StoryElement--mb ap-StoryText\">La troisi\u00e8me soir\u00e9e des auditions \u00e0 l&rsquo;aveugle de<a href=\"https:\/\/www.dhnet.be\/medias\/television\/2026\/08\/22\/cest-la-saison-la-plus-folle-the-voice-kids-revient-sur-tf1-avec-plusieurs-nouveautes-V4IL24FDKVA7ZCVTGR7CACXSS4\/\" target=\"_self\" rel=\"nofollow noopener\"> The Voice Kids <\/a>a une nouvelle fois r\u00e9serv\u00e9 son lot de surprises aux t\u00e9l\u00e9spectateurs de TF1 ce samedi soir. Les coachs \u00e9taient remont\u00e9s \u00e0 bloc et les jeunes talents, eux aussi, n&rsquo;ont pas fini de les surprendre. Parmi eux, Sophie qui, du haut de ses 7 ans, a litt\u00e9ralement fait fondre le plateau.<\/p>\n<p class=\"ap-StoryElement ap-StoryElement--mb ap-StoryText\">Serre-t\u00eate dans les cheveux et v\u00eatue d&rsquo;une robe de princesse, la benjamine de cette \u00e9dition, a choisi un titre bien connu des enfants\u2026 et des parents : \u00ab\u00a0Je voudrais un bonhomme de neige\u00a0\u00bb, extrait de la bande originale de La Reine des neiges de Disney. Une prestation qui n&rsquo;a pas laiss\u00e9 les quatre coachs indiff\u00e9rents d&rsquo;autant plus qu&rsquo;elle \u00e9tait accompagn\u00e9e d&rsquo;une petite prestation th\u00e9\u00e2trale. Un \u00e0 un, leurs fauteuils se sont retourn\u00e9s, sous les yeux \u00e9bahis de la jeune chanteuse.<\/p>\n","protected":false},"excerpt":{"rendered":"La troisi\u00e8me soir\u00e9e des auditions \u00e0 l&rsquo;aveugle de The Voice Kids a une nouvelle fois r\u00e9serv\u00e9 son lot&hellip;\n","protected":false},"author":2,"featured_media":1171204,"comment_status":"","ping_status":"","sticky":false,"template":"","format":"standard","meta":{"footnotes":"","_share_on_mastodon":"0"},"categories":[1356],"tags":[58,59,1011,27,873,252,199,10828,1364],"class_list":["post-1171203","post","type-post","status-publish","format-standard","has-post-thumbnail","category-television","tag-divertissement","tag-entertainment","tag-fr","tag-france","tag-musique","tag-television","tag-tf1","tag-the-voice-kids","tag-tv"],"share_on_mastodon":{"url":"https:\/\/pubeurope.com\/@fr\/117225169102983319","error":""},"_links":{"self":[{"href":"https:\/\/www.europesays.com\/fr\/wp-json\/wp\/v2\/posts\/1171203","targetHints":{"allow":["GET"]}}],"collection":[{"href":"https:\/\/www.europesays.com\/fr\/wp-json\/wp\/v2\/posts"}],"about":[{"href":"https:\/\/www.europesays.com\/fr\/wp-json\/wp\/v2\/types\/post"}],"author":[{"embeddable":true,"href":"https:\/\/www.europesays.com\/fr\/wp-json\/wp\/v2\/users\/2"}],"replies":[{"embeddable":true,"href":"https:\/\/www.europesays.com\/fr\/wp-json\/wp\/v2\/comments?post=1171203"}],"version-history":[{"count":0,"href":"https:\/\/www.europesays.com\/fr\/wp-json\/wp\/v2\/posts\/1171203\/revisions"}],"wp:featuredmedia":[{"embeddable":true,"href":"https:\/\/www.europesays.com\/fr\/wp-json\/wp\/v2\/media\/1171204"}],"wp:attachment":[{"href":"https:\/\/www.europesays.com\/fr\/wp-json\/wp\/v2\/media?parent=1171203"}],"wp:term":[{"taxonomy":"category","embeddable":true,"href":"https:\/\/www.europesays.com\/fr\/wp-json\/wp\/v2\/categories?post=1171203"},{"taxonomy":"post_tag","embeddable":true,"href":"https:\/\/www.europesays.com\/fr\/wp-json\/wp\/v2\/tags?post=1171203"}],"curies":[{"name":"wp","href":"https:\/\/api.w.org\/{rel}","templated":true}]}}