{"id":117122,"date":"2025-05-21T15:01:08","date_gmt":"2025-05-21T15:01:08","guid":{"rendered":"https:\/\/www.europesays.com\/fr\/117122\/"},"modified":"2025-05-21T15:01:08","modified_gmt":"2025-05-21T15:01:08","slug":"macron-demande-des-mesures-au-gouvernement-dici-debut-juin-face-a-la-gravite-des-faits","status":"publish","type":"post","link":"https:\/\/www.europesays.com\/fr\/117122\/","title":{"rendered":"Macron demande des mesures au gouvernement d\u2019ici d\u00e9but juin face \u00e0 la \u00abgravit\u00e9 des faits\u00bb"},"content":{"rendered":"<p>            <a href=\"https:\/\/www.lefigaro.fr\/international\/antisemitisme-islamisme-une-note-gouvernementale-denonce-les-subventions-de-l-ue-a-des-entites-hostiles-aux-valeurs-europeennes-20250519\" class=\"fig-ranking-profile-link\" aria-label=\"Antis\u00e9mitisme, islamisme\u00a0: la France d\u00e9nonce les subventions de l\u2019UE \u00e0 des entit\u00e9s \u00abhostiles\u00bb aux \u00abvaleurs europ\u00e9ennes\u00bb (article Premium)\" title=\"Antis\u00e9mitisme, islamisme\u00a0: la France d\u00e9nonce les subventions de l\u2019UE \u00e0 des entit\u00e9s \u00abhostiles\u00bb aux \u00abvaleurs europ\u00e9ennes\u00bb (article Premium)\" data-fig-domain=\"LEFIGARO\" target=\"_blank\" rel=\"noopener\"><\/p>\n<p>        Antis\u00e9mitisme, islamisme\u00a0: la France d\u00e9nonce les subventions de l\u2019UE \u00e0 des entit\u00e9s \u00abhostiles\u00bb aux \u00abvaleurs europ\u00e9ennes\u00bb<\/p>\n<p>                                                                        <\/a><\/p>\n<p>        <img   class=\"fig-img fig-ranking-profile-media-small-picture__photo\" alt=\"Antis\u00e9mitisme, islamisme\u00a0: la France d\u00e9nonce les subventions de l\u2019UE \u00e0 des entit\u00e9s \u00abhostiles\u00bb aux \u00abvaleurs europ\u00e9ennes\u00bb\" height=\"2000\" width=\"3000\"\/><\/p>\n<p class=\"fig-ranking-profile-standfirst\">\n    <strong>EXCLUSIF <\/strong>&#8211; Apr\u00e8s les r\u00e9v\u00e9lations du Figaro sur l\u2019existence de dizaines de millions d\u2019euros de subventions attribu\u00e9es \u00e0 des organismes proches de l\u2019islam radical, le ministre d\u00e9l\u00e9gu\u00e9 charg\u00e9 de l\u2019Europe Benjamin Haddad tape du poing sur la table, et appelle \u00e0 renforcer la lutte contre les discours de haine.\n<\/p>\n<p>            <a href=\"https:\/\/www.lefigaro.fr\/politique\/bruno-retailleau-largement-elu-president-des-republicains-l-homme-de-beauvau-nouvel-espoir-de-la-droite-20250518\" class=\"fig-ranking-profile-link\" data-fig-domain=\"LEFIGARO\" target=\"_blank\" rel=\"noopener\"><\/p>\n<p>        Bruno Retailleau largement \u00e9lu pr\u00e9sident des R\u00e9publicains\u00a0: l\u2019homme de Beauvau, nouvel espoir de la droite<\/p>\n<p>                                                                        <\/a><\/p>\n<p>        <img   class=\"fig-img fig-ranking-profile-media-small-picture__photo\" alt=\"Bruno Retailleau largement \u00e9lu pr\u00e9sident des R\u00e9publicains\u00a0: l\u2019homme de Beauvau, nouvel espoir de la droite\" height=\"2001\" width=\"3000\"\/><\/p>\n<p class=\"fig-ranking-profile-standfirst\">\n    <strong>R\u00c9CIT &#8211; <\/strong>Arriv\u00e9 en t\u00eate dimanche, le ministre de l\u2019Int\u00e9rieur a d\u00e9croch\u00e9 la pr\u00e9sidence du parti avec 74,3% des voix face \u00e0 Laurent Wauquiez.\n<\/p>\n<p>            <a href=\"https:\/\/www.lefigaro.fr\/politique\/presidence-lr-bruno-retailleau-l-a-emporte-dans-9-departements-sur-10-20250519\" class=\"fig-ranking-profile-link\" aria-label=\"Pr\u00e9sidence LR\u00a0: Bruno Retailleau l\u2019a emport\u00e9 dans 9\u00a0d\u00e9partements sur\u00a010 (article Premium)\" title=\"Pr\u00e9sidence LR\u00a0: Bruno Retailleau l\u2019a emport\u00e9 dans 9\u00a0d\u00e9partements sur\u00a010 (article Premium)\" data-fig-domain=\"LEFIGARO\" target=\"_blank\" rel=\"noopener\"><\/p>\n<p>        Pr\u00e9sidence LR\u00a0: Bruno Retailleau l\u2019a emport\u00e9 dans 9\u00a0d\u00e9partements sur\u00a010<\/p>\n<p>                                                                        <\/a><\/p>\n<p>        <img   class=\"fig-img fig-ranking-profile-media-small-picture__photo\" alt=\"Pr\u00e9sidence LR\u00a0: Bruno Retailleau l\u2019a emport\u00e9 dans 9\u00a0d\u00e9partements sur\u00a010\" height=\"2001\" width=\"3000\"\/><\/p>\n<p class=\"fig-ranking-profile-standfirst\">\n    <strong>EXCLUSIF &#8211;<\/strong> Le ministre de l\u2019Int\u00e9rieur, nouveau pr\u00e9sident des R\u00e9publicains, a d\u00e9pass\u00e9 les 80\u00a0% des voix en \u00cele-de-France, tandis que son adversaire, Laurent Wauquiez, a \u00e9t\u00e9 devanc\u00e9 jusque dans le Rh\u00f4ne, principal d\u00e9partement de sa r\u00e9gion Auvergne-Rh\u00f4ne-Alpes.<\/p>\n","protected":false},"excerpt":{"rendered":"Antis\u00e9mitisme, islamisme\u00a0: la France d\u00e9nonce les subventions de l\u2019UE \u00e0 des entit\u00e9s \u00abhostiles\u00bb aux \u00abvaleurs europ\u00e9ennes\u00bb EXCLUSIF &#8211;&hellip;\n","protected":false},"author":2,"featured_media":117123,"comment_status":"","ping_status":"","sticky":false,"template":"","format":"standard","meta":{"footnotes":""},"categories":[4],"tags":[11,426,427,422,423,1073,1011,27,418,424,425,420,421,12,419,316,429,25,428],"class_list":{"0":"post-117122","1":"post","2":"type-post","3":"status-publish","4":"format-standard","5":"has-post-thumbnail","7":"category-france","8":"tag-actualites","9":"tag-candidat","10":"tag-candidats","11":"tag-depute","12":"tag-deputes","13":"tag-emmanuel-macron","14":"tag-fr","15":"tag-france","16":"tag-gouvernement","17":"tag-institution","18":"tag-institutions","19":"tag-loi","20":"tag-lois","21":"tag-news","22":"tag-opposition","23":"tag-politique","24":"tag-ps","25":"tag-republique-francaise","26":"tag-ump"},"share_on_mastodon":{"url":"https:\/\/pubeurope.com\/@fr\/114546428069499912","error":""},"_links":{"self":[{"href":"https:\/\/www.europesays.com\/fr\/wp-json\/wp\/v2\/posts\/117122","targetHints":{"allow":["GET"]}}],"collection":[{"href":"https:\/\/www.europesays.com\/fr\/wp-json\/wp\/v2\/posts"}],"about":[{"href":"https:\/\/www.europesays.com\/fr\/wp-json\/wp\/v2\/types\/post"}],"author":[{"embeddable":true,"href":"https:\/\/www.europesays.com\/fr\/wp-json\/wp\/v2\/users\/2"}],"replies":[{"embeddable":true,"href":"https:\/\/www.europesays.com\/fr\/wp-json\/wp\/v2\/comments?post=117122"}],"version-history":[{"count":0,"href":"https:\/\/www.europesays.com\/fr\/wp-json\/wp\/v2\/posts\/117122\/revisions"}],"wp:featuredmedia":[{"embeddable":true,"href":"https:\/\/www.europesays.com\/fr\/wp-json\/wp\/v2\/media\/117123"}],"wp:attachment":[{"href":"https:\/\/www.europesays.com\/fr\/wp-json\/wp\/v2\/media?parent=117122"}],"wp:term":[{"taxonomy":"category","embeddable":true,"href":"https:\/\/www.europesays.com\/fr\/wp-json\/wp\/v2\/categories?post=117122"},{"taxonomy":"post_tag","embeddable":true,"href":"https:\/\/www.europesays.com\/fr\/wp-json\/wp\/v2\/tags?post=117122"}],"curies":[{"name":"wp","href":"https:\/\/api.w.org\/{rel}","templated":true}]}}