{"id":117126,"date":"2025-05-21T15:03:25","date_gmt":"2025-05-21T15:03:25","guid":{"rendered":"https:\/\/www.europesays.com\/fr\/117126\/"},"modified":"2025-05-21T15:03:25","modified_gmt":"2025-05-21T15:03:25","slug":"la-ricamarie-il-passe-a-la-caisse-avec-8-pots-de-nutella-caches-sous-son-blouson","status":"publish","type":"post","link":"https:\/\/www.europesays.com\/fr\/117126\/","title":{"rendered":"La Ricamarie. Il passe \u00e0 la caisse avec 8 pots de Nutella cach\u00e9s sous son blouson"},"content":{"rendered":"<p>Si les agents de s\u00e9curit\u00e9 des supermarch\u00e9s ont l\u2019habitude d\u2019ouvrir l\u2019\u0153il et d\u2019\u00eatre suspicieux quant au vol \u00e0 l\u2019\u00e9talage, ils continuent d\u2019\u00eatre surpris par l\u2019audace de certains.<\/p>\n<p>Ce lundi 19\u00a0mai, l\u2019heure de fermeture approche \u00e0 l\u2019hypermarch\u00e9 Carrefour de La Ricamarie. Il est 19\u00a0h\u00a045 lorsque les agents font appel \u00e0 la Police nationale pour venir interpeller l\u2019auteur d\u2019un vol.<\/p>\n<p>Ce dernier, esp\u00e9rant passer \u00e0 la caisse sans encombre, avait cach\u00e9 de la marchandise sur lui. Ce n\u2019est pas moins de huit pots de Nutella &#8211; les gros mod\u00e8les de 1\u00a0kg\u00a0!- qu\u2019il avait dissimul\u00e9s sous son blouson, accroch\u00e9s autour de sa taille au moyen d\u2019une ceinture\u2026<\/p>\n<p>  L\u2019homme a \u00e9t\u00e9 remis en libert\u00e9<\/p>\n<p>Un stratag\u00e8me qui n\u2019est pas pass\u00e9 inaper\u00e7u\u2026 Conduit au commissariat de l\u2019Ondaine, cet habitant de Saint-Etienne, \u00e2g\u00e9 de 45 ans, a \u00e9t\u00e9 entendu par les policiers et a reconnu les faits.<\/p>\n<p>Le parquet de Saint-Etienne a d\u00e9cid\u00e9 de ne pas engager de poursuite, donc l\u2019homme a \u00e9t\u00e9 remis en libert\u00e9 \u00e0 la condition, bien s\u00fbr, de rendre les pots de Nutella.<\/p>\n<p>Le montant du pr\u00e9judice \u00e9tait de l\u2019ordre d\u2019une cinquantaine d\u2019euros.<\/p>\n","protected":false},"excerpt":{"rendered":"Si les agents de s\u00e9curit\u00e9 des supermarch\u00e9s ont l\u2019habitude d\u2019ouvrir l\u2019\u0153il et d\u2019\u00eatre suspicieux quant au vol \u00e0&hellip;\n","protected":false},"author":2,"featured_media":117127,"comment_status":"","ping_status":"","sticky":false,"template":"","format":"standard","meta":{"footnotes":""},"categories":[9653],"tags":[1111,11,2430,271,272,7539,1777,674,274,1011,27,11324,11325,3367,12,25,4001],"class_list":{"0":"post-117126","1":"post","2":"type-post","3":"status-publish","4":"format-standard","5":"has-post-thumbnail","7":"category-saint-etienne","8":"tag-actu","9":"tag-actualites","10":"tag-auvergne-rhone-alpes","11":"tag-crime","12":"tag-delit-et-contravention","13":"tag-edition-loire-sud","14":"tag-eu","15":"tag-europe","16":"tag-faits-divers-justice","17":"tag-fr","18":"tag-france","19":"tag-la-ricamarie","20":"tag-la-ricamarie-ville","21":"tag-loire","22":"tag-news","23":"tag-republique-francaise","24":"tag-saint-etienne"},"share_on_mastodon":{"url":"https:\/\/pubeurope.com\/@fr\/114546435937364134","error":""},"_links":{"self":[{"href":"https:\/\/www.europesays.com\/fr\/wp-json\/wp\/v2\/posts\/117126","targetHints":{"allow":["GET"]}}],"collection":[{"href":"https:\/\/www.europesays.com\/fr\/wp-json\/wp\/v2\/posts"}],"about":[{"href":"https:\/\/www.europesays.com\/fr\/wp-json\/wp\/v2\/types\/post"}],"author":[{"embeddable":true,"href":"https:\/\/www.europesays.com\/fr\/wp-json\/wp\/v2\/users\/2"}],"replies":[{"embeddable":true,"href":"https:\/\/www.europesays.com\/fr\/wp-json\/wp\/v2\/comments?post=117126"}],"version-history":[{"count":0,"href":"https:\/\/www.europesays.com\/fr\/wp-json\/wp\/v2\/posts\/117126\/revisions"}],"wp:featuredmedia":[{"embeddable":true,"href":"https:\/\/www.europesays.com\/fr\/wp-json\/wp\/v2\/media\/117127"}],"wp:attachment":[{"href":"https:\/\/www.europesays.com\/fr\/wp-json\/wp\/v2\/media?parent=117126"}],"wp:term":[{"taxonomy":"category","embeddable":true,"href":"https:\/\/www.europesays.com\/fr\/wp-json\/wp\/v2\/categories?post=117126"},{"taxonomy":"post_tag","embeddable":true,"href":"https:\/\/www.europesays.com\/fr\/wp-json\/wp\/v2\/tags?post=117126"}],"curies":[{"name":"wp","href":"https:\/\/api.w.org\/{rel}","templated":true}]}}