{"id":1171260,"date":"2026-09-06T17:35:28","date_gmt":"2026-09-06T17:35:28","guid":{"rendered":"https:\/\/www.europesays.com\/fr\/1171260\/"},"modified":"2026-09-06T17:35:28","modified_gmt":"2026-09-06T17:35:28","slug":"une-randonnee-le-long-du-cens-sur-les-chemins-de-letoile-verte","status":"publish","type":"post","link":"https:\/\/www.europesays.com\/fr\/1171260\/","title":{"rendered":"Une randonn\u00e9e le long du Cens, sur les chemins de l\u2019\u00c9toile-verte"},"content":{"rendered":"<p>En partenariat avec Loire-Atlantique d\u00e9veloppement.<\/p>\n<p>Depuis 2025, Nantes m\u00e9tropole a engag\u00e9 le projet \u00c9toile-Verte, qui vise \u00e0 faire d\u00e9couvrir les p\u00e9pites naturelles et patrimoniales le long des grands cours d\u2019eau du territoire, gr\u00e2ce \u00e0 la randonn\u00e9e.<\/p>\n<p>Au d\u00e9part de la confluence de l\u2019Erdre et du Cens, \u00e0 Nantes, suivez le balisage bleu et blanc pour vous \u00e9chapper de la ville par la vall\u00e9e du Cens, qui se r\u00e9v\u00e8le comme un vallon secret, \u00e0 explorer.<\/p>\n<p>Dans la premi\u00e8re partie du parcours, le Cens des ch\u00e2teaux se d\u00e9voile. Du ch\u00e2teau de la Gaudini\u00e8re au parc de la Gobini\u00e8re, les propri\u00e9t\u00e9s seigneuriales fleurissent autour d\u2019une v\u00e9g\u00e9tation domestiqu\u00e9e par l\u2019homme, fruit de tocades d\u2019amateurs botanistes, de collectionneurs d\u2019exotisme et d\u2019esth\u00e8tes du v\u00e9g\u00e9tal. Puis, progressivement, un retour en pleine nature s\u2019offre au marcheur.<\/p>\n<p>Une biodiversit\u00e9 remarquable<\/p>\n<p>Sur une seconde partie du parcours, d\u2019Orvault \u00e0 Sautron, la ville dispara\u00eet pour laisser place \u00e0 un parcours au c\u0153ur des coteaux bois\u00e9s et des bocages\u00a0: on retrouve ici un petit air de moyenne montagne\u00a0! Le bois de l\u2019Avenir sugg\u00e8re d\u2019aiguiser notre attention aux petits d\u00e9tails cach\u00e9s dans la v\u00e9g\u00e9tation, tandis que l\u2019arpentage d\u2019un chemin creux et la fra\u00eecheur des boisements invitent au calme.<\/p>\n<p>On y d\u00e9couvre le r\u00f4le crucial des haies qui bordent les parcelles bocag\u00e8res, haies qui, derri\u00e8re leur aspect modeste, assurent la sauvegarde de tout un \u00e9cosyst\u00e8me.<\/p>\n<p>Pour les amateurs de patrimoine, c\u2019est ensuite une promenade bucolique qui s\u2019offre au marcheur, franchissant le plateau bocager jusqu\u2019\u00e0 une halte surprenante \u00e0 la chapelle de Bongarant, patrimoine sautronnais inscrit \u00e0 l\u2019inventaire des Monuments historiques, qui m\u00e9rite pleinement le d\u00e9tour.<\/p>\n<p>La biodiversit\u00e9 de la branche du Cens est remarquable, abritant une faune et une flore actives et color\u00e9es. L\u00e0, une dorine \u00e0 feuille oppos\u00e9e qui \u00e9claire de ses fleurs jaunes discr\u00e8tes le sous-bois. Ici, une lathr\u00e9e clandestine en fleur, violette, qui parasite les grands arbres.<\/p>\n<p>Une libellule bleu \u00e9lectrique passe. Elle chasse \u00e0 grande vitesse au-dessus d\u2019une jeune truite fario, elle-m\u00eame chass\u00e9e par une loutre d\u2019Europe. Du coin de l\u2019\u0153il, on peut apercevoir la fuite d\u2019un l\u00e9zard vert \u00e0 deux raies, d\u00e9rang\u00e9 par le mart\u00e8lement d\u2019un pic mar sur un vieil arbre. Mais pour entendre et prot\u00e9ger tous ces bruits du monde, il vous faudra \u00eatre discret, respectueux et attentif\u00a0!<\/p>\n<p>La branche du Cens propose un parcours complet de 33\u00a0km aller-retour, s\u00e9quenc\u00e9 en cinq parcours de 5 \u00e0 16\u00a0km entre Nantes, Sautron et Orvault. Les itin\u00e9raires sont accessibles \u00e0 pied et certains \u00e0 v\u00e9lo.<\/p>\n<p>\u00c0 voir, \u00e0 faire<\/p>\n<p>L\u2019escalier monumental de la Barberie, le parc de la Gaudini\u00e8re, le parc de la Gobini\u00e8re, le bois de l\u2019Avenir, la fontaine de la Hubonni\u00e8re, l\u2019\u00e9tang de la Bretonni\u00e8re, la chapelle de Bongarant. Plus d\u2019information sur la carte interactive des balades de l\u2019\u00c9toile-Verte\u00a0: metropole.nantes.fr\/que-faire-nantes\/les-balades-de-l-etoile-verte-six-vallees-decouvrir-autour-de-nantes.<\/p>\n<p>Informations pratiques<\/p>\n<p>Distance\u00a0: 33\u00a0km aller-retour.<\/p>\n<p>Dur\u00e9e\u00a0: 8\u00a0h.<\/p>\n<p>Accessibilit\u00e9\u00a0: randonneurs r\u00e9guliers.<\/p>\n<p>Lieu de d\u00e9part\u00a0: Petit-Port, \u00e0 Nantes.<\/p>\n<p>\u00a0<\/p>\n","protected":false},"excerpt":{"rendered":"En partenariat avec Loire-Atlantique d\u00e9veloppement. Depuis 2025, Nantes m\u00e9tropole a engag\u00e9 le projet \u00c9toile-Verte, qui vise \u00e0 faire&hellip;\n","protected":false},"author":2,"featured_media":1171261,"comment_status":"","ping_status":"","sticky":false,"template":"","format":"standard","meta":{"footnotes":"","_share_on_mastodon":"0"},"categories":[2818],"tags":[1111,11,25232,31698,121339,1777,674,1011,27,10496,766,12,2636,7553,25],"class_list":["post-1171260","post","type-post","status-publish","format-standard","has-post-thumbnail","category-nantes","tag-actu","tag-actualites","tag-cens","tag-chemins","tag-etoile-verte","tag-eu","tag-europe","tag-fr","tag-france","tag-long","tag-nantes","tag-news","tag-pays-de-la-loire","tag-randonnee","tag-republique-francaise"],"share_on_mastodon":{"url":"https:\/\/pubeurope.com\/@fr\/117225306594240416","error":""},"_links":{"self":[{"href":"https:\/\/www.europesays.com\/fr\/wp-json\/wp\/v2\/posts\/1171260","targetHints":{"allow":["GET"]}}],"collection":[{"href":"https:\/\/www.europesays.com\/fr\/wp-json\/wp\/v2\/posts"}],"about":[{"href":"https:\/\/www.europesays.com\/fr\/wp-json\/wp\/v2\/types\/post"}],"author":[{"embeddable":true,"href":"https:\/\/www.europesays.com\/fr\/wp-json\/wp\/v2\/users\/2"}],"replies":[{"embeddable":true,"href":"https:\/\/www.europesays.com\/fr\/wp-json\/wp\/v2\/comments?post=1171260"}],"version-history":[{"count":0,"href":"https:\/\/www.europesays.com\/fr\/wp-json\/wp\/v2\/posts\/1171260\/revisions"}],"wp:featuredmedia":[{"embeddable":true,"href":"https:\/\/www.europesays.com\/fr\/wp-json\/wp\/v2\/media\/1171261"}],"wp:attachment":[{"href":"https:\/\/www.europesays.com\/fr\/wp-json\/wp\/v2\/media?parent=1171260"}],"wp:term":[{"taxonomy":"category","embeddable":true,"href":"https:\/\/www.europesays.com\/fr\/wp-json\/wp\/v2\/categories?post=1171260"},{"taxonomy":"post_tag","embeddable":true,"href":"https:\/\/www.europesays.com\/fr\/wp-json\/wp\/v2\/tags?post=1171260"}],"curies":[{"name":"wp","href":"https:\/\/api.w.org\/{rel}","templated":true}]}}