{"id":1171272,"date":"2026-09-06T17:43:38","date_gmt":"2026-09-06T17:43:38","guid":{"rendered":"https:\/\/www.europesays.com\/fr\/1171272\/"},"modified":"2026-09-06T17:43:38","modified_gmt":"2026-09-06T17:43:38","slug":"une-septuagenaire-retrouvee-morte-ligotee-chez-elle-pres-de-lille-4","status":"publish","type":"post","link":"https:\/\/www.europesays.com\/fr\/1171272\/","title":{"rendered":"Une septuag\u00e9naire retrouv\u00e9e morte ligot\u00e9e chez elle pr\u00e8s de Lille"},"content":{"rendered":"<p>Une septuag\u00e9naire a \u00e9t\u00e9 retrouv\u00e9e morte jeudi 3\u00a0septembre 2026 chez elle \u00e0 Roncq, dans la m\u00e9tropole lilloise, a indiqu\u00e9 ce vendredi le parquet de Lille \u00e0 Ouest-France, confirmant des informations de l\u2019Agence France-Presse\u00a0(AFP).<\/p>\n<p>D\u2019apr\u00e8s une source polici\u00e8re cit\u00e9e par l\u2019AFP, la femme, n\u00e9e en 1953, a \u00e9t\u00e9 retrouv\u00e9e ligot\u00e9e pr\u00e8s de deux petits coffres-forts vides.<\/p>\n<p>Un \u00ab\u00a0acte criminel\u00a0\u00bb, selon les premiers \u00e9l\u00e9ments de l\u2019enqu\u00eate<\/p>\n<p><strong>\u00ab\u00a0Les premi\u00e8res constatations r\u00e9alis\u00e9es sur place tendent \u00e0 \u00e9tablir qu\u2019il s\u2019agit d\u2019un acte criminel, ce que devront confirmer les investigations techniques et les examens m\u00e9dico-l\u00e9gaux qui auront lieu dans le courant de la semaine prochaine et seront \u00e0 m\u00eame de confirmer l\u2019intervention d\u2019un tiers\u00a0\u00bb<\/strong>, pr\u00e9cise le parquet de Lille.<\/p>\n<p>Une enqu\u00eate pour \u00ab\u00a0homicide volontaire\u00a0\u00bb a \u00e9t\u00e9 ouverte et confi\u00e9e \u00e0 la brigade criminelle de la police judiciaire de Lille.<\/p>\n<p>\u00a0<\/p>\n","protected":false},"excerpt":{"rendered":"Une septuag\u00e9naire a \u00e9t\u00e9 retrouv\u00e9e morte jeudi 3\u00a0septembre 2026 chez elle \u00e0 Roncq, dans la m\u00e9tropole lilloise, a&hellip;\n","protected":false},"author":2,"featured_media":1167777,"comment_status":"","ping_status":"","sticky":false,"template":"","format":"standard","meta":{"footnotes":"","_share_on_mastodon":"0"},"categories":[2815],"tags":[1111,11,1777,674,1011,27,811,36929,1307,14836,12,3762,25,14835,37561],"class_list":["post-1171272","post","type-post","status-publish","format-standard","has-post-thumbnail","category-lille","tag-actu","tag-actualites","tag-eu","tag-europe","tag-fr","tag-france","tag-hauts-de-france","tag-ligotee","tag-lille","tag-morte","tag-news","tag-pres","tag-republique-francaise","tag-retrouvee","tag-septuagenaire"],"share_on_mastodon":{"url":"https:\/\/pubeurope.com\/@fr\/117225337950464170","error":""},"_links":{"self":[{"href":"https:\/\/www.europesays.com\/fr\/wp-json\/wp\/v2\/posts\/1171272","targetHints":{"allow":["GET"]}}],"collection":[{"href":"https:\/\/www.europesays.com\/fr\/wp-json\/wp\/v2\/posts"}],"about":[{"href":"https:\/\/www.europesays.com\/fr\/wp-json\/wp\/v2\/types\/post"}],"author":[{"embeddable":true,"href":"https:\/\/www.europesays.com\/fr\/wp-json\/wp\/v2\/users\/2"}],"replies":[{"embeddable":true,"href":"https:\/\/www.europesays.com\/fr\/wp-json\/wp\/v2\/comments?post=1171272"}],"version-history":[{"count":0,"href":"https:\/\/www.europesays.com\/fr\/wp-json\/wp\/v2\/posts\/1171272\/revisions"}],"wp:featuredmedia":[{"embeddable":true,"href":"https:\/\/www.europesays.com\/fr\/wp-json\/wp\/v2\/media\/1167777"}],"wp:attachment":[{"href":"https:\/\/www.europesays.com\/fr\/wp-json\/wp\/v2\/media?parent=1171272"}],"wp:term":[{"taxonomy":"category","embeddable":true,"href":"https:\/\/www.europesays.com\/fr\/wp-json\/wp\/v2\/categories?post=1171272"},{"taxonomy":"post_tag","embeddable":true,"href":"https:\/\/www.europesays.com\/fr\/wp-json\/wp\/v2\/tags?post=1171272"}],"curies":[{"name":"wp","href":"https:\/\/api.w.org\/{rel}","templated":true}]}}