{"id":1171281,"date":"2026-09-06T17:51:19","date_gmt":"2026-09-06T17:51:19","guid":{"rendered":"https:\/\/www.europesays.com\/fr\/1171281\/"},"modified":"2026-09-06T17:51:19","modified_gmt":"2026-09-06T17:51:19","slug":"rer-metro-transilien-perturbations-a-paris-et-en-ile-de-france","status":"publish","type":"post","link":"https:\/\/www.europesays.com\/fr\/1171281\/","title":{"rendered":"RER, m\u00e9tro, Transilien\u00a0: perturbations \u00e0 Paris et en \u00cele-de-France"},"content":{"rendered":"<p><img loading=\"lazy\" decoding=\"async\" alt=\"Du lundi 7 au dimanche 13 septembre, plusieurs lignes de m\u00e9tro, RER et Transilien seront perturb\u00e9es par des travaux en \u00cele-de-France et \u00e0 Paris. - \u00a9 DR\" data-zoom-src=\"https:\/\/www.europesays.com\/fr\/wp-content\/uploads\/2026\/09\/initial-metro-ligne-6-paris.jpg\" data-zoomable=\"\" height=\"702\" src=\"https:\/\/www.europesays.com\/fr\/wp-content\/uploads\/2026\/09\/initial-metro-ligne-6-paris.jpg\" width=\"1248\"\/>  <\/p>\n<p class=\"article-desc\">Du lundi 7 au dimanche 13 septembre, plusieurs lignes de m\u00e9tro, RER et Transilien seront perturb\u00e9es par des travaux en \u00cele-de-France et \u00e0 Paris. &#8211; \u00a9 DR <\/p>\n<p>La rentr\u00e9e ne marque pas la fin des travaux dans les transports franciliens. Apr\u00e8s un \u00e9t\u00e9 marqu\u00e9 par de nombreux chantiers, plusieurs interruptions sont encore pr\u00e9vues cette semaine, du lundi 7 au dimanche 13 septembre 2026, sur les<a href=\"https:\/\/mesinfos.fr\/tag\/ratp\" rel=\"noopener nofollow\" target=\"_blank\"> r\u00e9seaux RATP <\/a>et <a href=\"https:\/\/mesinfos.fr\/tag\/sncf-reseau\" rel=\"noopener nofollow\" target=\"_blank\">SNCF<\/a>. <\/p>\n<p> M\u00e9tro\u00a0 <\/p>\n<ul>\n<li aria-level=\"1\"><strong>Ligne 8<\/strong> : jusqu\u2019au 22 avril 2027 inclus, l\u2019arr\u00eat n\u2019est pas desservi \u00e0 R\u00e9publique en raison de travaux de r\u00e9novation <\/li>\n<li aria-level=\"1\"><strong>Ligne 13<\/strong> : le 13 septembre jusqu\u2019\u00e0 12 heures, le trafic sera interrompu sur toute la ligne en raison de travaux de modernisation.<\/li>\n<\/ul>\n<p> RER\u00a0 <\/p>\n<ul>\n<li><strong>RER B<\/strong> : du 7 septembre au 9 septembre inclus, du lundi au mercredi d\u00e8s 22h45, le trafic sera interrompu entre Ch\u00e2telet\u2006\u2013\u2006Les Halles et Mitry\u2006\u2013\u2006Claye \u2022 A\u00e9roport Charles de Gaulle 2\u2006\u2013\u2006TGV, en raison de travaux.\n<ul>\n<li aria-level=\"1\">Du 11 septembre au 13 septembre inclus, du vendredi au dimanche d\u00e8s 22h45, le trafic sera interrompu entre Denfert-Rochereau et Mitry\u2006\u2013\u2006Claye \u2022 A\u00e9roport Charles de Gaulle 2\u2006\u2013\u2006TGV en raison de travaux. Du 12 septembre au 13 septembre inclus, le trafic sera interrompu entre Gare du Nord et Denfert-Rochereau en raison de travaux de modernisation.\u00a0<strong>RER C<\/strong> : jusqu\u2019au 18 septembre inclus, du lundi au vendredi d\u00e8s 23 heures, le trafic est interrompu entre Pont de Rungis A\u00e9roport d\u2019Orly et Choisy-le-Roi en raison de travaux. M\u00eame chose d\u00e8s 22 heures entre Massy\u2006\u2013\u2006Palaiseau et Choisy-le-Roi en raison de travaux.\n<ul>\n<li aria-level=\"1\">Jusqu\u2019au 2 octobre inclus, du lundi au vendredi d\u00e8s 21h30, le trafic est interrompu entre Pontoise et Avenue Henri Martin en raison de travaux. <\/li>\n<li aria-level=\"1\">Du 7 septembre au 10 septembre inclus, du lundi au jeudi d\u00e8s 23 heures, le trafic sera interrompu entre Gare d\u2019Austerlitz et Dourdan la For\u00eat en raison de travaux. <\/li>\n<li aria-level=\"1\">Du 7 septembre au 18 sept. inclus (sauf vendredi 11 sept.), en semaine d\u00e8s 23 heures, le trafic sera interrompu entre Gare d\u2019Austerlitz et Juvisy en raison de travaux.\u00a0<\/li>\n<\/ul>\n<\/li>\n<\/ul>\n<\/li>\n<li aria-level=\"1\"><strong>RER D :<\/strong> jusqu\u2019au 18 septembre inclus, du lundi au vendredi d\u00e8s 23h50, le trafic est interrompu entre Juvisy et Corbeil-Essonnes via Ris-Orangis en raison de travaux.\n<ul>\n<li aria-level=\"1\">Jusqu\u2019au 25 septembre inclus, du lundi au vendredi d\u00e8s 23h35, le trafic est interrompu entre Creil et Gare du Nord en raison de travaux. <\/li>\n<li aria-level=\"1\">Jusqu\u2019au 18 septembre inclus, du lundi au vendredi d\u00e8s 23h15, le trafic est interrompu entre Gare du Nord et Gare de Lyon en raison de travaux. <\/li>\n<li aria-level=\"1\">Du 12 septembre au 13 septembre inclus, le trafic sera interrompu entre Gare du Nord et Gare de Lyon en raison de travaux.\u00a0<\/li>\n<\/ul>\n<\/li>\n<li aria-level=\"1\"><strong>RER E<\/strong> : le 13 septembre \u00e0 partir de 21 heures, le trafic sera interrompu entre Nanterre-La-Folie et Chelles \u2013 Gournay en raison de travaux.\n<ul>\n<li aria-level=\"1\">Le 13 septembre \u00e0 partir de 22 heures, le trafic sera interrompu entre Nanterre-La-Folie et Tournan en raison de travaux.\u00a0 <\/li>\n<\/ul>\n<\/li>\n<\/ul>\n<p> Transilien\u00a0 <\/p>\n<ul>\n<li aria-level=\"1\"><strong>Ligne H<\/strong> : jusqu\u2019au 18 septembre inclus, du lundi au vendredi d\u00e8s 23h35, le trafic est interrompu entre Ermont \u2013 Eaubonne et Pontoise, en raison de travaux.\n<ul>\n<li aria-level=\"1\">Jusqu\u2019au 9 octobre inclus, du lundi au vendredi d\u00e8s 21 heures, le trafic est interrompu entre Sarcelles \u2013 Saint-Brice et Luzarches \u2022 Persan \u2013 Beaumont en raison de travaux.\u00a0 <\/li>\n<\/ul>\n<\/li>\n<li aria-level=\"1\"><strong>Ligne J<\/strong> : du 7 septembre au 11 septembre inclus, du lundi au vendredi d\u00e8s 20 heures, le trafic sera interrompu entre Gare Saint-Lazare et Mantes-la-Jolie \u2022 Conflans-Sainte-Honorine en raison de travaux.\n<ul>\n<li aria-level=\"1\">Du 7 septembre au 11 septembre inclus, d\u00e8s 22 heures, le trafic sera interrompu entre Conflans-Sainte-Honorine et Argenteuil en raison de travaux. <\/li>\n<li aria-level=\"1\">Le 13 septembre \u00e0 partir de 22h05, le trafic sera interrompu entre Conflans-Sainte-Honorine et Pontoise en raison de travaux.\u00a0<\/li>\n<\/ul>\n<\/li>\n<li aria-level=\"1\"><strong>Ligne K<\/strong> : du 12 septembre au 13 septembre inclus, le trafic sera interrompu entre Gare du Nord et Aulnay-sous-Bois, en raison de travaux. <\/li>\n<li aria-level=\"1\"><strong>Ligne L<\/strong> : jusqu\u2019au 11 septembre inclus, du lundi au vendredi de 22h45 \u00e0 3 heures, le trafic est interrompu entre B\u00e9con les Bruy\u00e8res et Maisons-Laffitte en raison de travaux.\n<ul>\n<li aria-level=\"1\">Du 7 septembre au 12 septembre inclus, du lundi au vendredi de 21h40 \u00e0 22h50, le trafic sera interrompu entre Saint-Cloud et Versailles Rive Droite , et entre Saint-Nom-la-Bret\u00e8che \u2013 For\u00eat de Marly et Saint-Cloud en raison de travaux. <\/li>\n<\/ul>\n<\/li>\n<li aria-level=\"1\"><strong>Ligne N<\/strong> : jusqu\u2019au 25 septembre inclus, du lundi au vendredi d\u00e8s 22h41, le trafic est interrompu entre Gare Montparnasse et Plaisir \u2013 Grignon en raison de travaux.\n<ul>\n<li aria-level=\"1\">Jusqu\u2019au 30 septembre inclus, du lundi au mercredi d\u00e8s 21h55, le trafic est interrompu de Dreux vers Gare Montparnasse en raison de travaux. <\/li>\n<li aria-level=\"1\">Du 7 septembre au 18 septembre inclus, du lundi au jeudi d\u00e8s 23h07, le trafic sera interrompu entre Gare Montparnasse et Dreux en raison de travaux. <\/li>\n<li aria-level=\"1\">Du 7 septembre au 30 septembre inclus, du lundi au vendredi d\u00e8s 23h40, le trafic sera interrompu de Gare Montparnasse vers Versailles Chantiers en raison de travaux. <\/li>\n<li aria-level=\"1\">Du 12 septembre au 19 septembre inclus, le samedi d\u00e8s 23h57, le trafic sera interrompu de Plaisir \u2013 Grignon vers Gare Montparnasse en raison de travaux. <\/li>\n<li aria-level=\"1\">Du 12 septembre au 19 septembre inclus, le samedi d\u00e8s 00h31, le trafic sera interrompu de Gare Montparnasse vers Versailles Chantiers en raison de travaux. <\/li>\n<li aria-level=\"1\">Du 12 septembre au 19 septembre inclus, le samedi de 0h37 \u00e0 2h59, le trafic sera interrompu entre Gare Montparnasse et Rambouillet vers Rambouillet et Gare Montparnasse en raison de travaux.<\/li>\n<\/ul>\n<\/li>\n<li aria-level=\"1\"><strong>Ligne P<\/strong> : jusqu\u2019au 18 septembre inclus, du lundi au vendredi d\u00e8s 21h50, le trafic est interrompu entre Gare de l\u2019Est et Meaux en raison de travaux.\n<ul>\n<li aria-level=\"1\">Jusqu\u2019au 16 octobre inclus, du lundi au vendredi d\u00e8s 21h30, le trafic est interrompu entre Gare de l\u2019Est et Ch\u00e2teau-Thierry en raison de travaux. <\/li>\n<li aria-level=\"1\">Du 7 septembre au 11 septembre inclus, du lundi au vendredi de 10h20 \u00e0 15h30, le trafic sera interrompu entre Gare de l\u2019Est et Coulommiers en raison de travaux. <\/li>\n<li aria-level=\"1\">Du 7 septembre au 11 d\u00e9cembre inclus, du lundi au vendredi de 21h30 \u00e0 2 heures, le trafic sera interrompu entre Gare de l\u2019Est et Provins en raison de travaux. <\/li>\n<li aria-level=\"1\">Le 12 septembre \u00e0 partir de 22 heures, le trafic sera interrompu entre Gare de l\u2019Est et Coulommiers en raison de travaux. <\/li>\n<li aria-level=\"1\">Le 13 septembre \u00e0 partir de 21 heures, le trafic sera interrompu entre Gare de l\u2019Est et Meaux en raison de travaux. <\/li>\n<li aria-level=\"1\">Le 13 septembre \u00e0 partir de 21h30, le trafic sera interrompu entre Gare de l\u2019Est et Ch\u00e2teau-Thierry en raison de travaux.<\/li>\n<\/ul>\n<\/li>\n<li aria-level=\"1\"><strong>Ligne R<\/strong> : jusqu\u2019au 13 septembre inclus, le week-end, le trafic est interrompu entre Melun et Montargis en raison de travaux. Jusqu\u2019au 18 septembre inclus, du lundi au vendredi d\u00e8s 22 heures, le trafic est interrompu entre Melun et Montargis en raison de travaux.\n<ul>\n<li aria-level=\"1\">Du 12 septembre au 13 septembre inclus, le trafic sera interrompu entre Melun et Montereau via Moret \u2013 Veneux-les-Sablons en raison de travaux. <\/li>\n<\/ul>\n<\/li>\n<li aria-level=\"1\"><strong>Ligne U<\/strong> : du 7 septembre au 11 septembre inclus, du lundi au vendredi d\u00e8s 21 heures, le trafic sera interrompu entre La D\u00e9fense et La Verri\u00e8re en raison de travaux.\u00a0<\/li>\n<\/ul>\n<p> Tramway <\/p>\n<ul>\n<li aria-level=\"1\"><strong>T4<\/strong> : jusqu\u2019au 21 octobre inclus, le mardi d\u00e8s 21h15, le trafic est interrompu sur toute la ligne en raison de travaux. <\/li>\n<li aria-level=\"1\"><strong>T13<\/strong> : du 7 septembre au 25 septembre inclus, du lundi au vendredi d\u00e8s 22 heures, le trafic sera interrompu sur toute la ligne en raison de travaux.\u00a0 <\/li>\n<li aria-level=\"1\"><strong>T14<\/strong> : du 7 septembre au 11 septembre inclus, du lundi au vendredi d\u00e8s 21h45, le trafic sera interrompu sur toute la ligne en raison de travaux. Le 8 septembre de 11 heures \u00e0 12 heures, le trafic sera interrompu sur toute la ligne en raison de travaux.<\/li>\n<\/ul>\n","protected":false},"excerpt":{"rendered":"Du lundi 7 au dimanche 13 septembre, plusieurs lignes de m\u00e9tro, RER et Transilien seront perturb\u00e9es par des&hellip;\n","protected":false},"author":2,"featured_media":1171282,"comment_status":"","ping_status":"","sticky":false,"template":"","format":"standard","meta":{"footnotes":"","_share_on_mastodon":"0"},"categories":[1592],"tags":[1111,11,1777,674,1011,27,662,12,626,625,25,2215,2216],"class_list":["post-1171281","post","type-post","status-publish","format-standard","has-post-thumbnail","category-ile-de-france","tag-actu","tag-actualites","tag-eu","tag-europe","tag-fr","tag-france","tag-ile-de-france","tag-news","tag-paris","tag-ratp","tag-republique-francaise","tag-sncf","tag-transports-en-commun"],"share_on_mastodon":{"url":"https:\/\/pubeurope.com\/@fr\/117225370914957666","error":""},"_links":{"self":[{"href":"https:\/\/www.europesays.com\/fr\/wp-json\/wp\/v2\/posts\/1171281","targetHints":{"allow":["GET"]}}],"collection":[{"href":"https:\/\/www.europesays.com\/fr\/wp-json\/wp\/v2\/posts"}],"about":[{"href":"https:\/\/www.europesays.com\/fr\/wp-json\/wp\/v2\/types\/post"}],"author":[{"embeddable":true,"href":"https:\/\/www.europesays.com\/fr\/wp-json\/wp\/v2\/users\/2"}],"replies":[{"embeddable":true,"href":"https:\/\/www.europesays.com\/fr\/wp-json\/wp\/v2\/comments?post=1171281"}],"version-history":[{"count":0,"href":"https:\/\/www.europesays.com\/fr\/wp-json\/wp\/v2\/posts\/1171281\/revisions"}],"wp:featuredmedia":[{"embeddable":true,"href":"https:\/\/www.europesays.com\/fr\/wp-json\/wp\/v2\/media\/1171282"}],"wp:attachment":[{"href":"https:\/\/www.europesays.com\/fr\/wp-json\/wp\/v2\/media?parent=1171281"}],"wp:term":[{"taxonomy":"category","embeddable":true,"href":"https:\/\/www.europesays.com\/fr\/wp-json\/wp\/v2\/categories?post=1171281"},{"taxonomy":"post_tag","embeddable":true,"href":"https:\/\/www.europesays.com\/fr\/wp-json\/wp\/v2\/tags?post=1171281"}],"curies":[{"name":"wp","href":"https:\/\/api.w.org\/{rel}","templated":true}]}}